{"id":27477,"date":"2016-12-13T11:36:08","date_gmt":"2016-12-13T11:36:08","guid":{"rendered":"https:\/\/cezannehr.com\/es\/?p=27477"},"modified":"2021-05-04T07:04:01","modified_gmt":"2021-05-04T07:04:01","slug":"en-navidad-todos-nos-sentimos-mejor-incluso-los-managers","status":"publish","type":"post","link":"https:\/\/cezannehr.com\/es\/hr-blog\/2016\/12\/en-navidad-todos-nos-sentimos-mejor-incluso-los-managers\/","title":{"rendered":"En Navidad todos nos sentimos mejor (incluso los managers)"},"content":{"rendered":"<p style=\"text-align: left;\"><span style=\"color: #000000; font-family: Arial;\"><img data-recalc-dims=\"1\" decoding=\"async\" class=\" wp-image-27227 alignleft\" src=\"https:\/\/i0.wp.com\/cezannehr.com\/wp-content\/uploads\/2016\/11\/kermit-1795810_960_720.jpg?resize=217%2C138&#038;ssl=1\" alt=\"kermit-1795810_960_720\" width=\"217\" height=\"138\" \/><\/span>Las semanas previas a la Navidad suponen un reto para cualquier gestor de recursos humanos: cenas de empresa, fiestas, regalos, \u2026y es francamente dif\u00edcil mantener el ritmo habitual de trabajo.<\/p>\n<p>Si tu objetivo es que la productividad permanezca en niveles aceptables, puede llegar a ser bastante irritante ver a tus colaboradores llegar tarde a la oficina, porque la noche anterior estuvieron de fiesta, que se alarga sin fin su hora del almuerzo o que pasan las horas conectados en Amazon encargando sus regalos navide\u00f1os.<\/p>\n<p>Sin embargo, aunque parezca absurdo, no es malo promover la diversi\u00f3n en Navidad, e incluso, un toque de frivolidad, tampoco est\u00e1 de m\u00e1s: puede ayudar a crear equipo sin perder de vista, obviamente, las tareas importantes que deben realizarse.<\/p>\n<p>Te propongo 5 razones por las que el gestor de recursos humanos deber\u00eda quitarse el sombrero de Scrooge en Navidad y participar del ambiente festivo. Ya sabes, Ebernezer Scrooge, era el viejo pesimista de mal car\u00e1cter que odiaba las navidades de la novela de Charles Dickens, Cuento de Navidad. Atento:<\/p>\n<h3>Mejorar los v\u00ednculos entre compa\u00f1eros<\/h3>\n<p>Organizar una cena de Navidad, decorar la oficina con luces y plantas navide\u00f1as, celebrar el amigo invisible o estar atentos al Premio de la Loter\u00eda, son cosas que pueden parecer triviales o innecesarias, especialmente si hay plazos importantes que deben respetarse. Pero, estas cosas divertidas y un poco tontas, ayudan a la gente a conocerse mejor y a crear un equipo m\u00e1s compacto y cohesionado. En un ambiente festivo, todo el mundo estar\u00e1 m\u00e1s dispuesto a ayudarse y menos predispuesto a las discusiones cuando la presi\u00f3n se eleve.<\/p>\n<h3>Sentirse apreciado<\/h3>\n<p>A veces los peque\u00f1os gestos provocan grandes reacciones: compartir unas galletas para tomar un caf\u00e9 en Navidad, una tableta de chocolate sobre el escritorio, un calendario de Adviento para la oficina o, simplemente, dejar una nota de agradecimiento sobre la mesa, son peque\u00f1os detalles que muestran a los empleados el aprecio que les tienes y el valor que otorgas a su esfuerzo. Es algo barato, y, sin embargo, puede marcar una gran diferencia.<\/p>\n<h3>Fomentar la participaci\u00f3n<\/h3>\n<p>La motivaci\u00f3n de los empleados siempre es importante, no solo en Navidad, pero si consigues que la gente participe en las iniciativas que pusiste en marcha con motivo de la Navidad, es muy probable que ese efecto positivo, impacte en el inicio del a\u00f1o e, incluso, que se logre establecer una tendencia en la misma l\u00ednea de participaci\u00f3n y cooperaci\u00f3n. Hay una cosa muy cierta y es que, aunque tendemos a olvidar lo que nos dicen, es muy dif\u00edcil olvidar los sentimientos. Por lo tanto, si te las arreglas para crear un ambiente relajado y colaborativo en el que todos se sientan a gusto, estoy convencida de que los empleados se sentir\u00e1n m\u00e1s comprometidos a participar en nuevos proyectos.<\/p>\n<h3>Mejorar la productividad<\/h3>\n<p>Si las personas tienen la sensaci\u00f3n de que no pudieron disfrutar -como merec\u00edan- de las fiestas navide\u00f1as, se sentir\u00e1n frustradas y arrastrar\u00e1n un resentimiento que les impedir\u00e1 ser todo lo colaborativos que desear\u00edas: emplear\u00e1 demasiado tiempo en quejarse porque no puede hacer un peque\u00f1o break para tomar un aperitivo en la oficina con sus compa\u00f1eros, o porque no puede estirar un poco el almuerzo para ir de compras. Pero si, est\u00e1s dispuesto a ser un poco m\u00e1s flexible en el horario durante estas fechas (permaneciendo en el trabajo solo hasta que realmente sea necesario o hasta que se termine debidamente un encargo), conseguir\u00e1s lo que quieres sin molestar a nadie. Dar a la gente el placer de realizar algunas actividades privadas conseguir\u00e1s por parte de los empleados, el efecto rebote, en forma de reconocimiento al esfuerzo realizado y a la concentraci\u00f3n en el trabajo.<\/p>\n<h3>Mostrar empat\u00eda<\/h3>\n<p>A veces, como manager, puede ser \u00fatil, \u201cbajar la guardia\u201d y mostrar tu lado m\u00e1s humano: ser comprensivo con alguien que ha llegado tarde del almuerzo por estar atrapado en la cola de cualquier tienda, por ejemplo. Si el trabajo lo permite, puedes ser el\u00e1stico y permitir llegar por la ma\u00f1ana con un poco m\u00e1s de calma o, incluso, trabajar desde casa, si es que se est\u00e1, por ejemplo, esperando una entrega de mensajer\u00eda. Planificar una peque\u00f1a celebraci\u00f3n para tu equipo, algo sencillo y barato, puede ser muy interesante. En este caso, debes pensar cuidadosamente cu\u00e1ndo hacerla y de qu\u00e9 manera para que todos puedan participar. Una buena opci\u00f3n ser\u00eda organizar una comida porque las tardes son m\u00e1s complicadas para los empleados con ni\u00f1os o para los que viven lejos de la oficina. Aseg\u00farate adem\u00e1s de que todo el mundo est\u00e1 informado para que nadie quede excluido -el <a href=\"https:\/\/cezannehr.com\/es\/software-rrhh\/gestion-de-las-personas\/#portal_rrhh\">portal de recursos humanos<\/a> puede ser una buena opci\u00f3n-. En cualquier caso, muestra siempre tu entusiasmo por esta iniciativa uni\u00e9ndote a la diversi\u00f3n ser\u00e1 una buena oportunidad para crear relaciones s\u00f3lidas con tu equipo.<\/p>\n<p>&nbsp;<\/p>\n<p>&nbsp;<\/p>\n","protected":false},"excerpt":{"rendered":"<p>Las semanas previas a la Navidad suponen un reto para cualquier gestor de recursos humanos: cenas de empresa, fiestas, regalos, \u2026y es francamente dif\u00edcil mantener el ritmo habitual de trabajo. Si tu objetivo es que la productividad permanezca en niveles [&hellip;]<\/p>\n","protected":false},"author":56,"featured_media":0,"comment_status":"closed","ping_status":"closed","sticky":false,"template":"","format":"standard","meta":{"_acf_changed":false,"_jetpack_memberships_contains_paid_content":false,"footnotes":""},"categories":[787],"tags":[907,1364,818,1385,1386,1248],"class_list":{"0":"post-27477","1":"post","2":"type-post","3":"status-publish","4":"format-standard","6":"category-rrhh-general","7":"tag-comunicacion","8":"tag-empatia","9":"tag-motivacion","10":"tag-navidad","11":"tag-portal-hr","12":"tag-productividad","13":"cz_entry"},"acf":[],"yoast_head":"<!-- This site is optimized with the Yoast SEO Premium plugin v26.3 (Yoast SEO v26.3) - https:\/\/yoast.com\/wordpress\/plugins\/seo\/ -->\n<title>En Navidad todos nos sentimos mejor (incluso los managers) - Cezanne HR<\/title>\n<meta name=\"robots\" content=\"index, follow, max-snippet:-1, max-image-preview:large, max-video-preview:-1\" \/>\n<link rel=\"canonical\" href=\"https:\/\/cezannehr.com\/es\/hr-blog\/2016\/12\/en-navidad-todos-nos-sentimos-mejor-incluso-los-managers\/\" \/>\n<meta property=\"og:locale\" content=\"es_ES\" \/>\n<meta property=\"og:type\" content=\"article\" \/>\n<meta property=\"og:title\" content=\"En Navidad todos nos sentimos mejor (incluso los managers)\" \/>\n<meta property=\"og:description\" content=\"Las semanas previas a la Navidad suponen un reto para cualquier gestor de recursos humanos: cenas de empresa, fiestas, regalos, \u2026y es francamente dif\u00edcil mantener el ritmo habitual de trabajo. Si tu objetivo es que la productividad permanezca en niveles [&hellip;]\" \/>\n<meta property=\"og:url\" content=\"https:\/\/cezannehr.com\/es\/hr-blog\/2016\/12\/en-navidad-todos-nos-sentimos-mejor-incluso-los-managers\/\" \/>\n<meta property=\"og:site_name\" content=\"Cezanne HR\" \/>\n<meta property=\"article:publisher\" content=\"https:\/\/www.facebook.com\/CezanneHR\" \/>\n<meta property=\"article:published_time\" content=\"2016-12-13T11:36:08+00:00\" \/>\n<meta property=\"article:modified_time\" content=\"2021-05-04T07:04:01+00:00\" \/>\n<meta property=\"og:image\" content=\"https:\/\/cezannehr.com\/wp-content\/uploads\/2016\/11\/kermit-1795810_960_720-300x191.jpg\" \/>\n<meta name=\"author\" content=\"Cristina Del Amo\" \/>\n<meta name=\"twitter:card\" content=\"summary_large_image\" \/>\n<meta name=\"twitter:creator\" content=\"@CezanneHR\" \/>\n<meta name=\"twitter:site\" content=\"@CezanneHR\" \/>\n<meta name=\"twitter:label1\" content=\"Escrito por\" \/>\n\t<meta name=\"twitter:data1\" content=\"Cristina Del Amo\" \/>\n\t<meta name=\"twitter:label2\" content=\"Tiempo de lectura\" \/>\n\t<meta name=\"twitter:data2\" content=\"4 minutos\" \/>\n<script type=\"application\/ld+json\" class=\"yoast-schema-graph\">{\"@context\":\"https:\/\/schema.org\",\"@graph\":[{\"@type\":\"Article\",\"@id\":\"https:\/\/cezannehr.com\/es\/hr-blog\/2016\/12\/en-navidad-todos-nos-sentimos-mejor-incluso-los-managers\/#article\",\"isPartOf\":{\"@id\":\"https:\/\/cezannehr.com\/es\/hr-blog\/2016\/12\/en-navidad-todos-nos-sentimos-mejor-incluso-los-managers\/\"},\"author\":{\"name\":\"Cristina Del Amo\",\"@id\":\"https:\/\/cezannehr.com\/es\/#\/schema\/person\/06fcb872e3d815d8b0a4b2d06c0a9ccd\"},\"headline\":\"En Navidad todos nos sentimos mejor (incluso los managers)\",\"datePublished\":\"2016-12-13T11:36:08+00:00\",\"dateModified\":\"2021-05-04T07:04:01+00:00\",\"mainEntityOfPage\":{\"@id\":\"https:\/\/cezannehr.com\/es\/hr-blog\/2016\/12\/en-navidad-todos-nos-sentimos-mejor-incluso-los-managers\/\"},\"wordCount\":860,\"publisher\":{\"@id\":\"https:\/\/cezannehr.com\/es\/#organization\"},\"image\":{\"@id\":\"https:\/\/cezannehr.com\/es\/hr-blog\/2016\/12\/en-navidad-todos-nos-sentimos-mejor-incluso-los-managers\/#primaryimage\"},\"thumbnailUrl\":\"https:\/\/cezannehr.com\/wp-content\/uploads\/2016\/11\/kermit-1795810_960_720-300x191.jpg\",\"keywords\":[\"comunicaci\u00f3n\",\"empat\u00eda\",\"Motivaci\u00f3n\",\"Navidad\",\"portal HR\",\"productividad\"],\"articleSection\":[\"RRHH general\"],\"inLanguage\":\"es\"},{\"@type\":\"WebPage\",\"@id\":\"https:\/\/cezannehr.com\/es\/hr-blog\/2016\/12\/en-navidad-todos-nos-sentimos-mejor-incluso-los-managers\/\",\"url\":\"https:\/\/cezannehr.com\/es\/hr-blog\/2016\/12\/en-navidad-todos-nos-sentimos-mejor-incluso-los-managers\/\",\"name\":\"En Navidad todos nos sentimos mejor (incluso los managers) - Cezanne HR\",\"isPartOf\":{\"@id\":\"https:\/\/cezannehr.com\/es\/#website\"},\"primaryImageOfPage\":{\"@id\":\"https:\/\/cezannehr.com\/es\/hr-blog\/2016\/12\/en-navidad-todos-nos-sentimos-mejor-incluso-los-managers\/#primaryimage\"},\"image\":{\"@id\":\"https:\/\/cezannehr.com\/es\/hr-blog\/2016\/12\/en-navidad-todos-nos-sentimos-mejor-incluso-los-managers\/#primaryimage\"},\"thumbnailUrl\":\"https:\/\/cezannehr.com\/wp-content\/uploads\/2016\/11\/kermit-1795810_960_720-300x191.jpg\",\"datePublished\":\"2016-12-13T11:36:08+00:00\",\"dateModified\":\"2021-05-04T07:04:01+00:00\",\"breadcrumb\":{\"@id\":\"https:\/\/cezannehr.com\/es\/hr-blog\/2016\/12\/en-navidad-todos-nos-sentimos-mejor-incluso-los-managers\/#breadcrumb\"},\"inLanguage\":\"es\",\"potentialAction\":[{\"@type\":\"ReadAction\",\"target\":[\"https:\/\/cezannehr.com\/es\/hr-blog\/2016\/12\/en-navidad-todos-nos-sentimos-mejor-incluso-los-managers\/\"]}]},{\"@type\":\"ImageObject\",\"inLanguage\":\"es\",\"@id\":\"https:\/\/cezannehr.com\/es\/hr-blog\/2016\/12\/en-navidad-todos-nos-sentimos-mejor-incluso-los-managers\/#primaryimage\",\"url\":\"https:\/\/cezannehr.com\/wp-content\/uploads\/2016\/11\/kermit-1795810_960_720-300x191.jpg\",\"contentUrl\":\"https:\/\/cezannehr.com\/wp-content\/uploads\/2016\/11\/kermit-1795810_960_720-300x191.jpg\"},{\"@type\":\"BreadcrumbList\",\"@id\":\"https:\/\/cezannehr.com\/es\/hr-blog\/2016\/12\/en-navidad-todos-nos-sentimos-mejor-incluso-los-managers\/#breadcrumb\",\"itemListElement\":[{\"@type\":\"ListItem\",\"position\":1,\"name\":\"Software HR\",\"item\":\"https:\/\/cezannehr.com\/es\/\"},{\"@type\":\"ListItem\",\"position\":2,\"name\":\"En Navidad todos nos sentimos mejor (incluso los managers)\"}]},{\"@type\":\"WebSite\",\"@id\":\"https:\/\/cezannehr.com\/es\/#website\",\"url\":\"https:\/\/cezannehr.com\/es\/\",\"name\":\"Cezanne HR\",\"description\":\"Gesti\u00f3n de empleados - Gesti\u00f3n de vacaciones\",\"publisher\":{\"@id\":\"https:\/\/cezannehr.com\/es\/#organization\"},\"potentialAction\":[{\"@type\":\"SearchAction\",\"target\":{\"@type\":\"EntryPoint\",\"urlTemplate\":\"https:\/\/cezannehr.com\/es\/?s={search_term_string}\"},\"query-input\":{\"@type\":\"PropertyValueSpecification\",\"valueRequired\":true,\"valueName\":\"search_term_string\"}}],\"inLanguage\":\"es\"},{\"@type\":\"Organization\",\"@id\":\"https:\/\/cezannehr.com\/es\/#organization\",\"name\":\"Cezanne HR\",\"url\":\"https:\/\/cezannehr.com\/es\/\",\"logo\":{\"@type\":\"ImageObject\",\"inLanguage\":\"es\",\"@id\":\"https:\/\/cezannehr.com\/es\/#\/schema\/logo\/image\/\",\"url\":\"https:\/\/cezannehr.com\/wp-content\/uploads\/2026\/01\/Cezanne_logo_2026_colour.svg\",\"contentUrl\":\"https:\/\/cezannehr.com\/wp-content\/uploads\/2026\/01\/Cezanne_logo_2026_colour.svg\",\"width\":1,\"height\":1,\"caption\":\"Cezanne HR\"},\"image\":{\"@id\":\"https:\/\/cezannehr.com\/es\/#\/schema\/logo\/image\/\"},\"sameAs\":[\"https:\/\/www.facebook.com\/CezanneHR\",\"https:\/\/x.com\/CezanneHR\",\"https:\/\/www.linkedin.com\/company\/cezanne-hr\",\"https:\/\/uk.pinterest.com\/CezanneHR\/\",\"https:\/\/www.youtube.com\/user\/CezanneHR\"],\"legalName\":\"Cezanne HR Limited\",\"contactPoint\":[{\"@type\":\"ContactPoint\",\"telephone\":\"+44-2072022727\",\"contactType\":\"customer service\"},{\"@type\":\"ContactPoint\",\"url\":\"https:\/\/support.cezannehr.com\",\"email\":\"support@cezannehr.com\",\"contactType\":\"customer support\"}]},{\"@type\":\"Person\",\"@id\":\"https:\/\/cezannehr.com\/es\/#\/schema\/person\/06fcb872e3d815d8b0a4b2d06c0a9ccd\",\"name\":\"Cristina Del Amo\",\"image\":{\"@type\":\"ImageObject\",\"inLanguage\":\"es\",\"@id\":\"https:\/\/cezannehr.com\/es\/#\/schema\/person\/image\/\",\"url\":\"https:\/\/secure.gravatar.com\/avatar\/e69a3d6d60252edb45aec9db8c9e02e89aaf857f92dc9e58d64f65c7d219d142?s=96&d=mm&r=g\",\"contentUrl\":\"https:\/\/secure.gravatar.com\/avatar\/e69a3d6d60252edb45aec9db8c9e02e89aaf857f92dc9e58d64f65c7d219d142?s=96&d=mm&r=g\",\"caption\":\"Cristina Del Amo\"},\"description\":\"Soy periodista, empresaria, emprendedora y madre. Licenciada en Ciencias de la Informaci\u00f3n por la Univ. Complutense de Madrid y M\u00e1ster en Gesti\u00f3n Comercial y Marketing, por la Escuela de Negocios ESIC, mi trayectoria profesional est\u00e1 ligada al entorno de la comunicaci\u00f3n, la gesti\u00f3n empresarial y los recursos humanos.\",\"url\":\"https:\/\/cezannehr.com\/es\/hr-blog\/author\/cdelamo\/\"}]}<\/script>\n<!-- \/ Yoast SEO Premium plugin. -->","yoast_head_json":{"title":"En Navidad todos nos sentimos mejor (incluso los managers) - Cezanne HR","robots":{"index":"index","follow":"follow","max-snippet":"max-snippet:-1","max-image-preview":"max-image-preview:large","max-video-preview":"max-video-preview:-1"},"canonical":"https:\/\/cezannehr.com\/es\/hr-blog\/2016\/12\/en-navidad-todos-nos-sentimos-mejor-incluso-los-managers\/","og_locale":"es_ES","og_type":"article","og_title":"En Navidad todos nos sentimos mejor (incluso los managers)","og_description":"Las semanas previas a la Navidad suponen un reto para cualquier gestor de recursos humanos: cenas de empresa, fiestas, regalos, \u2026y es francamente dif\u00edcil mantener el ritmo habitual de trabajo. Si tu objetivo es que la productividad permanezca en niveles [&hellip;]","og_url":"https:\/\/cezannehr.com\/es\/hr-blog\/2016\/12\/en-navidad-todos-nos-sentimos-mejor-incluso-los-managers\/","og_site_name":"Cezanne HR","article_publisher":"https:\/\/www.facebook.com\/CezanneHR","article_published_time":"2016-12-13T11:36:08+00:00","article_modified_time":"2021-05-04T07:04:01+00:00","og_image":[{"url":"https:\/\/cezannehr.com\/wp-content\/uploads\/2016\/11\/kermit-1795810_960_720-300x191.jpg","type":"","width":"","height":""}],"author":"Cristina Del Amo","twitter_card":"summary_large_image","twitter_creator":"@CezanneHR","twitter_site":"@CezanneHR","twitter_misc":{"Escrito por":"Cristina Del Amo","Tiempo de lectura":"4 minutos"},"schema":{"@context":"https:\/\/schema.org","@graph":[{"@type":"Article","@id":"https:\/\/cezannehr.com\/es\/hr-blog\/2016\/12\/en-navidad-todos-nos-sentimos-mejor-incluso-los-managers\/#article","isPartOf":{"@id":"https:\/\/cezannehr.com\/es\/hr-blog\/2016\/12\/en-navidad-todos-nos-sentimos-mejor-incluso-los-managers\/"},"author":{"name":"Cristina Del Amo","@id":"https:\/\/cezannehr.com\/es\/#\/schema\/person\/06fcb872e3d815d8b0a4b2d06c0a9ccd"},"headline":"En Navidad todos nos sentimos mejor (incluso los managers)","datePublished":"2016-12-13T11:36:08+00:00","dateModified":"2021-05-04T07:04:01+00:00","mainEntityOfPage":{"@id":"https:\/\/cezannehr.com\/es\/hr-blog\/2016\/12\/en-navidad-todos-nos-sentimos-mejor-incluso-los-managers\/"},"wordCount":860,"publisher":{"@id":"https:\/\/cezannehr.com\/es\/#organization"},"image":{"@id":"https:\/\/cezannehr.com\/es\/hr-blog\/2016\/12\/en-navidad-todos-nos-sentimos-mejor-incluso-los-managers\/#primaryimage"},"thumbnailUrl":"https:\/\/cezannehr.com\/wp-content\/uploads\/2016\/11\/kermit-1795810_960_720-300x191.jpg","keywords":["comunicaci\u00f3n","empat\u00eda","Motivaci\u00f3n","Navidad","portal HR","productividad"],"articleSection":["RRHH general"],"inLanguage":"es"},{"@type":"WebPage","@id":"https:\/\/cezannehr.com\/es\/hr-blog\/2016\/12\/en-navidad-todos-nos-sentimos-mejor-incluso-los-managers\/","url":"https:\/\/cezannehr.com\/es\/hr-blog\/2016\/12\/en-navidad-todos-nos-sentimos-mejor-incluso-los-managers\/","name":"En Navidad todos nos sentimos mejor (incluso los managers) - Cezanne HR","isPartOf":{"@id":"https:\/\/cezannehr.com\/es\/#website"},"primaryImageOfPage":{"@id":"https:\/\/cezannehr.com\/es\/hr-blog\/2016\/12\/en-navidad-todos-nos-sentimos-mejor-incluso-los-managers\/#primaryimage"},"image":{"@id":"https:\/\/cezannehr.com\/es\/hr-blog\/2016\/12\/en-navidad-todos-nos-sentimos-mejor-incluso-los-managers\/#primaryimage"},"thumbnailUrl":"https:\/\/cezannehr.com\/wp-content\/uploads\/2016\/11\/kermit-1795810_960_720-300x191.jpg","datePublished":"2016-12-13T11:36:08+00:00","dateModified":"2021-05-04T07:04:01+00:00","breadcrumb":{"@id":"https:\/\/cezannehr.com\/es\/hr-blog\/2016\/12\/en-navidad-todos-nos-sentimos-mejor-incluso-los-managers\/#breadcrumb"},"inLanguage":"es","potentialAction":[{"@type":"ReadAction","target":["https:\/\/cezannehr.com\/es\/hr-blog\/2016\/12\/en-navidad-todos-nos-sentimos-mejor-incluso-los-managers\/"]}]},{"@type":"ImageObject","inLanguage":"es","@id":"https:\/\/cezannehr.com\/es\/hr-blog\/2016\/12\/en-navidad-todos-nos-sentimos-mejor-incluso-los-managers\/#primaryimage","url":"https:\/\/cezannehr.com\/wp-content\/uploads\/2016\/11\/kermit-1795810_960_720-300x191.jpg","contentUrl":"https:\/\/cezannehr.com\/wp-content\/uploads\/2016\/11\/kermit-1795810_960_720-300x191.jpg"},{"@type":"BreadcrumbList","@id":"https:\/\/cezannehr.com\/es\/hr-blog\/2016\/12\/en-navidad-todos-nos-sentimos-mejor-incluso-los-managers\/#breadcrumb","itemListElement":[{"@type":"ListItem","position":1,"name":"Software HR","item":"https:\/\/cezannehr.com\/es\/"},{"@type":"ListItem","position":2,"name":"En Navidad todos nos sentimos mejor (incluso los managers)"}]},{"@type":"WebSite","@id":"https:\/\/cezannehr.com\/es\/#website","url":"https:\/\/cezannehr.com\/es\/","name":"Cezanne HR","description":"Gesti\u00f3n de empleados - Gesti\u00f3n de vacaciones","publisher":{"@id":"https:\/\/cezannehr.com\/es\/#organization"},"potentialAction":[{"@type":"SearchAction","target":{"@type":"EntryPoint","urlTemplate":"https:\/\/cezannehr.com\/es\/?s={search_term_string}"},"query-input":{"@type":"PropertyValueSpecification","valueRequired":true,"valueName":"search_term_string"}}],"inLanguage":"es"},{"@type":"Organization","@id":"https:\/\/cezannehr.com\/es\/#organization","name":"Cezanne HR","url":"https:\/\/cezannehr.com\/es\/","logo":{"@type":"ImageObject","inLanguage":"es","@id":"https:\/\/cezannehr.com\/es\/#\/schema\/logo\/image\/","url":"https:\/\/cezannehr.com\/wp-content\/uploads\/2026\/01\/Cezanne_logo_2026_colour.svg","contentUrl":"https:\/\/cezannehr.com\/wp-content\/uploads\/2026\/01\/Cezanne_logo_2026_colour.svg","width":1,"height":1,"caption":"Cezanne HR"},"image":{"@id":"https:\/\/cezannehr.com\/es\/#\/schema\/logo\/image\/"},"sameAs":["https:\/\/www.facebook.com\/CezanneHR","https:\/\/x.com\/CezanneHR","https:\/\/www.linkedin.com\/company\/cezanne-hr","https:\/\/uk.pinterest.com\/CezanneHR\/","https:\/\/www.youtube.com\/user\/CezanneHR"],"legalName":"Cezanne HR Limited","contactPoint":[{"@type":"ContactPoint","telephone":"+44-2072022727","contactType":"customer service"},{"@type":"ContactPoint","url":"https:\/\/support.cezannehr.com","email":"support@cezannehr.com","contactType":"customer support"}]},{"@type":"Person","@id":"https:\/\/cezannehr.com\/es\/#\/schema\/person\/06fcb872e3d815d8b0a4b2d06c0a9ccd","name":"Cristina Del Amo","image":{"@type":"ImageObject","inLanguage":"es","@id":"https:\/\/cezannehr.com\/es\/#\/schema\/person\/image\/","url":"https:\/\/secure.gravatar.com\/avatar\/e69a3d6d60252edb45aec9db8c9e02e89aaf857f92dc9e58d64f65c7d219d142?s=96&d=mm&r=g","contentUrl":"https:\/\/secure.gravatar.com\/avatar\/e69a3d6d60252edb45aec9db8c9e02e89aaf857f92dc9e58d64f65c7d219d142?s=96&d=mm&r=g","caption":"Cristina Del Amo"},"description":"Soy periodista, empresaria, emprendedora y madre. Licenciada en Ciencias de la Informaci\u00f3n por la Univ. Complutense de Madrid y M\u00e1ster en Gesti\u00f3n Comercial y Marketing, por la Escuela de Negocios ESIC, mi trayectoria profesional est\u00e1 ligada al entorno de la comunicaci\u00f3n, la gesti\u00f3n empresarial y los recursos humanos.","url":"https:\/\/cezannehr.com\/es\/hr-blog\/author\/cdelamo\/"}]}},"jetpack_featured_media_url":"","jetpack_sharing_enabled":true,"amp_enabled":true,"_links":{"self":[{"href":"https:\/\/cezannehr.com\/es\/wp-json\/wp\/v2\/posts\/27477","targetHints":{"allow":["GET"]}}],"collection":[{"href":"https:\/\/cezannehr.com\/es\/wp-json\/wp\/v2\/posts"}],"about":[{"href":"https:\/\/cezannehr.com\/es\/wp-json\/wp\/v2\/types\/post"}],"author":[{"embeddable":true,"href":"https:\/\/cezannehr.com\/es\/wp-json\/wp\/v2\/users\/56"}],"replies":[{"embeddable":true,"href":"https:\/\/cezannehr.com\/es\/wp-json\/wp\/v2\/comments?post=27477"}],"version-history":[{"count":0,"href":"https:\/\/cezannehr.com\/es\/wp-json\/wp\/v2\/posts\/27477\/revisions"}],"wp:attachment":[{"href":"https:\/\/cezannehr.com\/es\/wp-json\/wp\/v2\/media?parent=27477"}],"wp:term":[{"taxonomy":"category","embeddable":true,"href":"https:\/\/cezannehr.com\/es\/wp-json\/wp\/v2\/categories?post=27477"},{"taxonomy":"post_tag","embeddable":true,"href":"https:\/\/cezannehr.com\/es\/wp-json\/wp\/v2\/tags?post=27477"}],"curies":[{"name":"wp","href":"https:\/\/api.w.org\/{rel}","templated":true}]}}