{"id":28422,"date":"2017-04-03T12:22:41","date_gmt":"2017-04-03T12:22:41","guid":{"rendered":"https:\/\/cezannehr.com\/?p=28422\/"},"modified":"2025-02-18T08:40:41","modified_gmt":"2025-02-18T08:40:41","slug":"vacaciones-ilimitadas-un-nuevo-enfoque-para-rrhh","status":"publish","type":"post","link":"https:\/\/cezannehr.com\/es\/hr-blog\/2017\/04\/vacaciones-ilimitadas-un-nuevo-enfoque-para-rrhh\/","title":{"rendered":"Vacaciones ilimitadas: un nuevo enfoque para RRHH"},"content":{"rendered":"<p>Las vacaciones ilimitadas son algo que suena a utop\u00eda. Tener la libertad de poder elegir la cantidad de d\u00edas de descanso\u00a0sin que haya ning\u00fan obst\u00e1culo es algo que hasta hace pocos a\u00f1os podr\u00eda parecer imposible, pero hoy son cada vez m\u00e1s empresas las que apuestan por este nuevo sistema de organizaci\u00f3n del trabajo y del descanso.<\/p>\n<p><a href=\"http:\/\/www.rhpaenews.com\/nuevos-enfoques-la-gestion-rrhh-vacaciones-ilimitadas\/\">Grandes firmas han instaurado ya este modelo de organizaci\u00f3n flexible<\/a>\u00a0que permite que sean los propios empleados quienes deciden cu\u00e1ntos d\u00edas de vacaciones tendr\u00e1n y cu\u00e1ndo disfrutar\u00e1n de ellas. Pues este sistema no solo no restringe la cantidad de d\u00edas ausentes del puesto de trabajo, sino que tampoco pone l\u00edmites a la hora de comunicar la fecha. Dar un aviso de cu\u00e1ndo se va a tomar un descanso ya no ser\u00eda necesario, al igual que tampoco habr\u00eda que esperar al permiso o la aprobaci\u00f3n de las vacaciones.<\/p>\n<h3>Entonces, \u00bfd\u00f3nde est\u00e1 el l\u00edmite?<\/h3>\n<p>Ante este tipo de organizaci\u00f3n surge la duda sobre c\u00f3mo se puede controlar entonces el trabajo de los empleados. La productividad y el cumplimiento de los objetivos son la clave en este modelo basado en la flexibilidad.<\/p>\n<p>Los trabajadores de este tipo de sistemas deben cumplir con todos los objetivos marcados antes de poder optar a tomarse unas vacaciones.\u00a0Adem\u00e1s, se establecen no solo unos l\u00edmites cuantitativos en torno a la carga de trabajo, sino que tambi\u00e9n se marcan unos criterios de calidad que deben cumplirse. As\u00ed, se evita que se haga el trabajo de forma r\u00e1pida con el \u00fanico objetivo de acabar antes y disponer de un mayor tiempo de descanso.<\/p>\n<h3>\u00bfPuede aplicarse en todo tipo de negocios?<\/h3>\n<p>Las vacaciones ilimitadas\u00a0es un concepto que requiere de una nueva visi\u00f3n de la organizaci\u00f3n del trabajo, en la que el empleado no tiene por qu\u00e9\u00a0estar sentado durante ocho horas al d\u00eda en su puesto. Una concepci\u00f3n del empleo a la que tienen que adaptarse las empresas y tambi\u00e9n sus trabajadores. Pero que, hoy por hoy, no es aplicable a todos los modelos de negocio.<\/p>\n<p>Las firmas que han implantado las vacaciones flexibles est\u00e1n ligadas a sectores relacionados con las nuevas tecnolog\u00edas y\u00a0responden a un determinado perfil laboral.\u00a0En cambio, en determinadas empresas o profesiones es todav\u00eda dif\u00edcil que se pueda implantar a corto plazo las vacaciones ilimitadas, v\u00e9ase a modo de ejemplo un negocio del sector servicio, donde la falta de un empleado puede ser clave en el desarrollo del trabajo.<\/p>\n<h3>\u00bfCu\u00e1les son sus beneficios?<\/h3>\n<p>Las vacaciones ilimitadas tienen grandes beneficios tanto para el empleado como para la empresa. Este sistema puede llegar a ser de lo m\u00e1s motivador para los trabajadores, para quienes\u00a0poder disponer del tiempo de descanso que deseen puede ser un verdadero incentivo. Adem\u00e1s, facilita tambi\u00e9n la conciliaci\u00f3n familiar y evita el estr\u00e9s que supone ver c\u00f3mo se consumen los d\u00edas de vacaciones.<\/p>\n<p>Por otra parte, para la empresa tambi\u00e9n trae importantes ventajas.\u00a0Este modelo lleva consigo que los empleados tengan que asumir mayores responsabilidades, adem\u00e1s de promover la iniciativa y el emprendimiento.\u00a0A lo que se une el hecho de\u00a0<a href=\"https:\/\/cezannehr.com\/es\/hr-blog\/2015\/07\/planificar-las-vacaciones\/\">evitar el problema de organizar las vacaciones<\/a>.<\/p>\n<h3>\u00bfTodo es positivo en las vacaciones ilimitadas?<\/h3>\n<p><a href=\"https:\/\/cezannehr.com\/hr-blog\/2017\/03\/unlimited-annual-leave-pr-exercise-or-game-changer\/\">Pero, a pesar de todo, como en cualquier otro sistema de organizaci\u00f3n, existen tambi\u00e9n ciertos inconvenientes.<\/a>\u00a0Por una parte, existe el peligro de aquellas personas que quieran abusar de los d\u00edas de descanso. Sin embargo, se encuentra tambi\u00e9n el efecto contrario.\u00a0Es habitual que muchos trabajadores no quieran tomarse unas vacaciones por miedo a parecer vagos.<\/p>\n<p>Otro problema frecuente es el exceso de trabajo.\u00a0Al establecer unos objetivos, puede darse el caso de que la empresa demande demasiado a sus empleados, por lo que estos no tendr\u00edan ocasi\u00f3n de disfrutar de sus vacaciones, si antes tienen que terminar la labor establecida.<\/p>\n<p>En todo caso, de momento, como a\u00fan estamos -en la mayor\u00eda de los casos- regulados por los convenios y normativas laborales que apuntan a los d\u00edas de vacaciones establecidos y pre-determinados, de momento, yo ya estoy con la mirada puesta en\u00a0 los d\u00edas libres que tengo en Semana Santa. Si es tu caso tambi\u00e9n, entiendo que antes deber\u00e1s dejar lista la organizaci\u00f3n de las vacaciones de tu plantilla. Entiendo que te apoyas en un <a href=\"https:\/\/cezannehr.com\/es\/software-rrhh\/gestion-de-las-ausencias\/\">software de gesti\u00f3n <\/a>para hacerlo, por lo que, en menos de lo que te imaginas estar\u00e1s disfrutando pl\u00e1cidamente.<\/p>\n<p><strong>\u00a0<\/strong><\/p>\n<p>&nbsp;<\/p>\n","protected":false},"excerpt":{"rendered":"<p>Las vacaciones ilimitadas son algo que suena a utop\u00eda. Tener la libertad de poder elegir la cantidad de d\u00edas de descanso\u00a0sin que haya ning\u00fan obst\u00e1culo es algo que hasta hace pocos a\u00f1os podr\u00eda parecer imposible, pero hoy son cada vez [&hellip;]<\/p>\n","protected":false},"author":56,"featured_media":28021,"comment_status":"closed","ping_status":"closed","sticky":false,"template":"","format":"standard","meta":{"_acf_changed":false,"_jetpack_memberships_contains_paid_content":false,"footnotes":""},"categories":[1013],"tags":[1248,930,1406],"class_list":{"0":"post-28422","1":"post","2":"type-post","3":"status-publish","4":"format-standard","5":"has-post-thumbnail","7":"category-gestionando-las-ausencias","8":"tag-productividad","9":"tag-rendimiento","10":"tag-vacaciones-ilimitadas","11":"cz_entry"},"acf":[],"yoast_head":"<!-- This site is optimized with the Yoast SEO Premium plugin v26.3 (Yoast SEO v26.3) - https:\/\/yoast.com\/wordpress\/plugins\/seo\/ -->\n<title>Vacaciones ilimitadas: un nuevo enfoque para RRHH - Cezanne HR<\/title>\n<meta name=\"description\" content=\"Descubre el nuevo enfoque para RRHH con Vacaciones Ilimitadas. Mejora la satisfacci\u00f3n y productividad de tu equipo. \u00a1Explora nuestras soluciones ahora!\" \/>\n<meta name=\"robots\" content=\"index, follow, max-snippet:-1, max-image-preview:large, max-video-preview:-1\" \/>\n<link rel=\"canonical\" href=\"https:\/\/cezannehr.com\/es\/hr-blog\/2017\/04\/vacaciones-ilimitadas-un-nuevo-enfoque-para-rrhh\/\" \/>\n<meta property=\"og:locale\" content=\"es_ES\" \/>\n<meta property=\"og:type\" content=\"article\" \/>\n<meta property=\"og:title\" content=\"Vacaciones ilimitadas: un nuevo enfoque para RRHH\" \/>\n<meta property=\"og:description\" content=\"Descubre el nuevo enfoque para RRHH con Vacaciones Ilimitadas. Mejora la satisfacci\u00f3n y productividad de tu equipo. \u00a1Explora nuestras soluciones ahora!\" \/>\n<meta property=\"og:url\" content=\"https:\/\/cezannehr.com\/es\/hr-blog\/2017\/04\/vacaciones-ilimitadas-un-nuevo-enfoque-para-rrhh\/\" \/>\n<meta property=\"og:site_name\" content=\"Cezanne HR\" \/>\n<meta property=\"article:publisher\" content=\"https:\/\/www.facebook.com\/CezanneHR\" \/>\n<meta property=\"article:published_time\" content=\"2017-04-03T12:22:41+00:00\" \/>\n<meta property=\"article:modified_time\" content=\"2025-02-18T08:40:41+00:00\" \/>\n<meta property=\"og:image\" content=\"https:\/\/cezannehr.com\/wp-content\/uploads\/2017\/03\/Land-from-Boat-crop-Sara.jpg\" \/>\n\t<meta property=\"og:image:width\" content=\"3264\" \/>\n\t<meta property=\"og:image:height\" content=\"1818\" \/>\n\t<meta property=\"og:image:type\" content=\"image\/jpeg\" \/>\n<meta name=\"author\" content=\"Cristina Del Amo\" \/>\n<meta name=\"twitter:card\" content=\"summary_large_image\" \/>\n<meta name=\"twitter:creator\" content=\"@CezanneHR\" \/>\n<meta name=\"twitter:site\" content=\"@CezanneHR\" \/>\n<meta name=\"twitter:label1\" content=\"Escrito por\" \/>\n\t<meta name=\"twitter:data1\" content=\"Cristina Del Amo\" \/>\n\t<meta name=\"twitter:label2\" content=\"Tiempo de lectura\" \/>\n\t<meta name=\"twitter:data2\" content=\"4 minutos\" \/>\n<script type=\"application\/ld+json\" class=\"yoast-schema-graph\">{\"@context\":\"https:\/\/schema.org\",\"@graph\":[{\"@type\":\"Article\",\"@id\":\"https:\/\/cezannehr.com\/es\/hr-blog\/2017\/04\/vacaciones-ilimitadas-un-nuevo-enfoque-para-rrhh\/#article\",\"isPartOf\":{\"@id\":\"https:\/\/cezannehr.com\/es\/hr-blog\/2017\/04\/vacaciones-ilimitadas-un-nuevo-enfoque-para-rrhh\/\"},\"author\":{\"name\":\"Cristina Del Amo\",\"@id\":\"https:\/\/cezannehr.com\/es\/#\/schema\/person\/06fcb872e3d815d8b0a4b2d06c0a9ccd\"},\"headline\":\"Vacaciones ilimitadas: un nuevo enfoque para RRHH\",\"datePublished\":\"2017-04-03T12:22:41+00:00\",\"dateModified\":\"2025-02-18T08:40:41+00:00\",\"mainEntityOfPage\":{\"@id\":\"https:\/\/cezannehr.com\/es\/hr-blog\/2017\/04\/vacaciones-ilimitadas-un-nuevo-enfoque-para-rrhh\/\"},\"wordCount\":785,\"publisher\":{\"@id\":\"https:\/\/cezannehr.com\/es\/#organization\"},\"image\":{\"@id\":\"https:\/\/cezannehr.com\/es\/hr-blog\/2017\/04\/vacaciones-ilimitadas-un-nuevo-enfoque-para-rrhh\/#primaryimage\"},\"thumbnailUrl\":\"https:\/\/i0.wp.com\/cezannehr.com\/wp-content\/uploads\/2017\/03\/Land-from-Boat-crop-Sara.jpg?fit=3264%2C1818&ssl=1\",\"keywords\":[\"productividad\",\"rendimiento\",\"Vacaciones ilimitadas\"],\"articleSection\":[\"Gestionando las ausencias en 2021\"],\"inLanguage\":\"es\"},{\"@type\":\"WebPage\",\"@id\":\"https:\/\/cezannehr.com\/es\/hr-blog\/2017\/04\/vacaciones-ilimitadas-un-nuevo-enfoque-para-rrhh\/\",\"url\":\"https:\/\/cezannehr.com\/es\/hr-blog\/2017\/04\/vacaciones-ilimitadas-un-nuevo-enfoque-para-rrhh\/\",\"name\":\"Vacaciones ilimitadas: un nuevo enfoque para RRHH - Cezanne HR\",\"isPartOf\":{\"@id\":\"https:\/\/cezannehr.com\/es\/#website\"},\"primaryImageOfPage\":{\"@id\":\"https:\/\/cezannehr.com\/es\/hr-blog\/2017\/04\/vacaciones-ilimitadas-un-nuevo-enfoque-para-rrhh\/#primaryimage\"},\"image\":{\"@id\":\"https:\/\/cezannehr.com\/es\/hr-blog\/2017\/04\/vacaciones-ilimitadas-un-nuevo-enfoque-para-rrhh\/#primaryimage\"},\"thumbnailUrl\":\"https:\/\/i0.wp.com\/cezannehr.com\/wp-content\/uploads\/2017\/03\/Land-from-Boat-crop-Sara.jpg?fit=3264%2C1818&ssl=1\",\"datePublished\":\"2017-04-03T12:22:41+00:00\",\"dateModified\":\"2025-02-18T08:40:41+00:00\",\"description\":\"Descubre el nuevo enfoque para RRHH con Vacaciones Ilimitadas. Mejora la satisfacci\u00f3n y productividad de tu equipo. \u00a1Explora nuestras soluciones ahora!\",\"breadcrumb\":{\"@id\":\"https:\/\/cezannehr.com\/es\/hr-blog\/2017\/04\/vacaciones-ilimitadas-un-nuevo-enfoque-para-rrhh\/#breadcrumb\"},\"inLanguage\":\"es\",\"potentialAction\":[{\"@type\":\"ReadAction\",\"target\":[\"https:\/\/cezannehr.com\/es\/hr-blog\/2017\/04\/vacaciones-ilimitadas-un-nuevo-enfoque-para-rrhh\/\"]}]},{\"@type\":\"ImageObject\",\"inLanguage\":\"es\",\"@id\":\"https:\/\/cezannehr.com\/es\/hr-blog\/2017\/04\/vacaciones-ilimitadas-un-nuevo-enfoque-para-rrhh\/#primaryimage\",\"url\":\"https:\/\/i0.wp.com\/cezannehr.com\/wp-content\/uploads\/2017\/03\/Land-from-Boat-crop-Sara.jpg?fit=3264%2C1818&ssl=1\",\"contentUrl\":\"https:\/\/i0.wp.com\/cezannehr.com\/wp-content\/uploads\/2017\/03\/Land-from-Boat-crop-Sara.jpg?fit=3264%2C1818&ssl=1\",\"width\":3264,\"height\":1818,\"caption\":\"Photograph across a bay\"},{\"@type\":\"BreadcrumbList\",\"@id\":\"https:\/\/cezannehr.com\/es\/hr-blog\/2017\/04\/vacaciones-ilimitadas-un-nuevo-enfoque-para-rrhh\/#breadcrumb\",\"itemListElement\":[{\"@type\":\"ListItem\",\"position\":1,\"name\":\"Software HR\",\"item\":\"https:\/\/cezannehr.com\/es\/\"},{\"@type\":\"ListItem\",\"position\":2,\"name\":\"Vacaciones ilimitadas: un nuevo enfoque para RRHH\"}]},{\"@type\":\"WebSite\",\"@id\":\"https:\/\/cezannehr.com\/es\/#website\",\"url\":\"https:\/\/cezannehr.com\/es\/\",\"name\":\"Cezanne HR\",\"description\":\"Gesti\u00f3n de empleados - Gesti\u00f3n de vacaciones\",\"publisher\":{\"@id\":\"https:\/\/cezannehr.com\/es\/#organization\"},\"potentialAction\":[{\"@type\":\"SearchAction\",\"target\":{\"@type\":\"EntryPoint\",\"urlTemplate\":\"https:\/\/cezannehr.com\/es\/?s={search_term_string}\"},\"query-input\":{\"@type\":\"PropertyValueSpecification\",\"valueRequired\":true,\"valueName\":\"search_term_string\"}}],\"inLanguage\":\"es\"},{\"@type\":\"Organization\",\"@id\":\"https:\/\/cezannehr.com\/es\/#organization\",\"name\":\"Cezanne HR\",\"url\":\"https:\/\/cezannehr.com\/es\/\",\"logo\":{\"@type\":\"ImageObject\",\"inLanguage\":\"es\",\"@id\":\"https:\/\/cezannehr.com\/es\/#\/schema\/logo\/image\/\",\"url\":\"https:\/\/cezannehr.com\/wp-content\/uploads\/2026\/01\/Cezanne_logo_2026_colour.svg\",\"contentUrl\":\"https:\/\/cezannehr.com\/wp-content\/uploads\/2026\/01\/Cezanne_logo_2026_colour.svg\",\"width\":1,\"height\":1,\"caption\":\"Cezanne HR\"},\"image\":{\"@id\":\"https:\/\/cezannehr.com\/es\/#\/schema\/logo\/image\/\"},\"sameAs\":[\"https:\/\/www.facebook.com\/CezanneHR\",\"https:\/\/x.com\/CezanneHR\",\"https:\/\/www.linkedin.com\/company\/cezanne-hr\",\"https:\/\/uk.pinterest.com\/CezanneHR\/\",\"https:\/\/www.youtube.com\/user\/CezanneHR\"],\"legalName\":\"Cezanne HR Limited\",\"contactPoint\":[{\"@type\":\"ContactPoint\",\"telephone\":\"+44-2072022727\",\"contactType\":\"customer service\"},{\"@type\":\"ContactPoint\",\"url\":\"https:\/\/support.cezannehr.com\",\"email\":\"support@cezannehr.com\",\"contactType\":\"customer support\"}]},{\"@type\":\"Person\",\"@id\":\"https:\/\/cezannehr.com\/es\/#\/schema\/person\/06fcb872e3d815d8b0a4b2d06c0a9ccd\",\"name\":\"Cristina Del Amo\",\"image\":{\"@type\":\"ImageObject\",\"inLanguage\":\"es\",\"@id\":\"https:\/\/cezannehr.com\/es\/#\/schema\/person\/image\/\",\"url\":\"https:\/\/secure.gravatar.com\/avatar\/e69a3d6d60252edb45aec9db8c9e02e89aaf857f92dc9e58d64f65c7d219d142?s=96&d=mm&r=g\",\"contentUrl\":\"https:\/\/secure.gravatar.com\/avatar\/e69a3d6d60252edb45aec9db8c9e02e89aaf857f92dc9e58d64f65c7d219d142?s=96&d=mm&r=g\",\"caption\":\"Cristina Del Amo\"},\"description\":\"Soy periodista, empresaria, emprendedora y madre. Licenciada en Ciencias de la Informaci\u00f3n por la Univ. Complutense de Madrid y M\u00e1ster en Gesti\u00f3n Comercial y Marketing, por la Escuela de Negocios ESIC, mi trayectoria profesional est\u00e1 ligada al entorno de la comunicaci\u00f3n, la gesti\u00f3n empresarial y los recursos humanos.\",\"url\":\"https:\/\/cezannehr.com\/es\/hr-blog\/author\/cdelamo\/\"}]}<\/script>\n<!-- \/ Yoast SEO Premium plugin. -->","yoast_head_json":{"title":"Vacaciones ilimitadas: un nuevo enfoque para RRHH - Cezanne HR","description":"Descubre el nuevo enfoque para RRHH con Vacaciones Ilimitadas. Mejora la satisfacci\u00f3n y productividad de tu equipo. \u00a1Explora nuestras soluciones ahora!","robots":{"index":"index","follow":"follow","max-snippet":"max-snippet:-1","max-image-preview":"max-image-preview:large","max-video-preview":"max-video-preview:-1"},"canonical":"https:\/\/cezannehr.com\/es\/hr-blog\/2017\/04\/vacaciones-ilimitadas-un-nuevo-enfoque-para-rrhh\/","og_locale":"es_ES","og_type":"article","og_title":"Vacaciones ilimitadas: un nuevo enfoque para RRHH","og_description":"Descubre el nuevo enfoque para RRHH con Vacaciones Ilimitadas. Mejora la satisfacci\u00f3n y productividad de tu equipo. \u00a1Explora nuestras soluciones ahora!","og_url":"https:\/\/cezannehr.com\/es\/hr-blog\/2017\/04\/vacaciones-ilimitadas-un-nuevo-enfoque-para-rrhh\/","og_site_name":"Cezanne HR","article_publisher":"https:\/\/www.facebook.com\/CezanneHR","article_published_time":"2017-04-03T12:22:41+00:00","article_modified_time":"2025-02-18T08:40:41+00:00","og_image":[{"width":3264,"height":1818,"url":"https:\/\/cezannehr.com\/wp-content\/uploads\/2017\/03\/Land-from-Boat-crop-Sara.jpg","type":"image\/jpeg"}],"author":"Cristina Del Amo","twitter_card":"summary_large_image","twitter_creator":"@CezanneHR","twitter_site":"@CezanneHR","twitter_misc":{"Escrito por":"Cristina Del Amo","Tiempo de lectura":"4 minutos"},"schema":{"@context":"https:\/\/schema.org","@graph":[{"@type":"Article","@id":"https:\/\/cezannehr.com\/es\/hr-blog\/2017\/04\/vacaciones-ilimitadas-un-nuevo-enfoque-para-rrhh\/#article","isPartOf":{"@id":"https:\/\/cezannehr.com\/es\/hr-blog\/2017\/04\/vacaciones-ilimitadas-un-nuevo-enfoque-para-rrhh\/"},"author":{"name":"Cristina Del Amo","@id":"https:\/\/cezannehr.com\/es\/#\/schema\/person\/06fcb872e3d815d8b0a4b2d06c0a9ccd"},"headline":"Vacaciones ilimitadas: un nuevo enfoque para RRHH","datePublished":"2017-04-03T12:22:41+00:00","dateModified":"2025-02-18T08:40:41+00:00","mainEntityOfPage":{"@id":"https:\/\/cezannehr.com\/es\/hr-blog\/2017\/04\/vacaciones-ilimitadas-un-nuevo-enfoque-para-rrhh\/"},"wordCount":785,"publisher":{"@id":"https:\/\/cezannehr.com\/es\/#organization"},"image":{"@id":"https:\/\/cezannehr.com\/es\/hr-blog\/2017\/04\/vacaciones-ilimitadas-un-nuevo-enfoque-para-rrhh\/#primaryimage"},"thumbnailUrl":"https:\/\/i0.wp.com\/cezannehr.com\/wp-content\/uploads\/2017\/03\/Land-from-Boat-crop-Sara.jpg?fit=3264%2C1818&ssl=1","keywords":["productividad","rendimiento","Vacaciones ilimitadas"],"articleSection":["Gestionando las ausencias en 2021"],"inLanguage":"es"},{"@type":"WebPage","@id":"https:\/\/cezannehr.com\/es\/hr-blog\/2017\/04\/vacaciones-ilimitadas-un-nuevo-enfoque-para-rrhh\/","url":"https:\/\/cezannehr.com\/es\/hr-blog\/2017\/04\/vacaciones-ilimitadas-un-nuevo-enfoque-para-rrhh\/","name":"Vacaciones ilimitadas: un nuevo enfoque para RRHH - Cezanne HR","isPartOf":{"@id":"https:\/\/cezannehr.com\/es\/#website"},"primaryImageOfPage":{"@id":"https:\/\/cezannehr.com\/es\/hr-blog\/2017\/04\/vacaciones-ilimitadas-un-nuevo-enfoque-para-rrhh\/#primaryimage"},"image":{"@id":"https:\/\/cezannehr.com\/es\/hr-blog\/2017\/04\/vacaciones-ilimitadas-un-nuevo-enfoque-para-rrhh\/#primaryimage"},"thumbnailUrl":"https:\/\/i0.wp.com\/cezannehr.com\/wp-content\/uploads\/2017\/03\/Land-from-Boat-crop-Sara.jpg?fit=3264%2C1818&ssl=1","datePublished":"2017-04-03T12:22:41+00:00","dateModified":"2025-02-18T08:40:41+00:00","description":"Descubre el nuevo enfoque para RRHH con Vacaciones Ilimitadas. Mejora la satisfacci\u00f3n y productividad de tu equipo. \u00a1Explora nuestras soluciones ahora!","breadcrumb":{"@id":"https:\/\/cezannehr.com\/es\/hr-blog\/2017\/04\/vacaciones-ilimitadas-un-nuevo-enfoque-para-rrhh\/#breadcrumb"},"inLanguage":"es","potentialAction":[{"@type":"ReadAction","target":["https:\/\/cezannehr.com\/es\/hr-blog\/2017\/04\/vacaciones-ilimitadas-un-nuevo-enfoque-para-rrhh\/"]}]},{"@type":"ImageObject","inLanguage":"es","@id":"https:\/\/cezannehr.com\/es\/hr-blog\/2017\/04\/vacaciones-ilimitadas-un-nuevo-enfoque-para-rrhh\/#primaryimage","url":"https:\/\/i0.wp.com\/cezannehr.com\/wp-content\/uploads\/2017\/03\/Land-from-Boat-crop-Sara.jpg?fit=3264%2C1818&ssl=1","contentUrl":"https:\/\/i0.wp.com\/cezannehr.com\/wp-content\/uploads\/2017\/03\/Land-from-Boat-crop-Sara.jpg?fit=3264%2C1818&ssl=1","width":3264,"height":1818,"caption":"Photograph across a bay"},{"@type":"BreadcrumbList","@id":"https:\/\/cezannehr.com\/es\/hr-blog\/2017\/04\/vacaciones-ilimitadas-un-nuevo-enfoque-para-rrhh\/#breadcrumb","itemListElement":[{"@type":"ListItem","position":1,"name":"Software HR","item":"https:\/\/cezannehr.com\/es\/"},{"@type":"ListItem","position":2,"name":"Vacaciones ilimitadas: un nuevo enfoque para RRHH"}]},{"@type":"WebSite","@id":"https:\/\/cezannehr.com\/es\/#website","url":"https:\/\/cezannehr.com\/es\/","name":"Cezanne HR","description":"Gesti\u00f3n de empleados - Gesti\u00f3n de vacaciones","publisher":{"@id":"https:\/\/cezannehr.com\/es\/#organization"},"potentialAction":[{"@type":"SearchAction","target":{"@type":"EntryPoint","urlTemplate":"https:\/\/cezannehr.com\/es\/?s={search_term_string}"},"query-input":{"@type":"PropertyValueSpecification","valueRequired":true,"valueName":"search_term_string"}}],"inLanguage":"es"},{"@type":"Organization","@id":"https:\/\/cezannehr.com\/es\/#organization","name":"Cezanne HR","url":"https:\/\/cezannehr.com\/es\/","logo":{"@type":"ImageObject","inLanguage":"es","@id":"https:\/\/cezannehr.com\/es\/#\/schema\/logo\/image\/","url":"https:\/\/cezannehr.com\/wp-content\/uploads\/2026\/01\/Cezanne_logo_2026_colour.svg","contentUrl":"https:\/\/cezannehr.com\/wp-content\/uploads\/2026\/01\/Cezanne_logo_2026_colour.svg","width":1,"height":1,"caption":"Cezanne HR"},"image":{"@id":"https:\/\/cezannehr.com\/es\/#\/schema\/logo\/image\/"},"sameAs":["https:\/\/www.facebook.com\/CezanneHR","https:\/\/x.com\/CezanneHR","https:\/\/www.linkedin.com\/company\/cezanne-hr","https:\/\/uk.pinterest.com\/CezanneHR\/","https:\/\/www.youtube.com\/user\/CezanneHR"],"legalName":"Cezanne HR Limited","contactPoint":[{"@type":"ContactPoint","telephone":"+44-2072022727","contactType":"customer service"},{"@type":"ContactPoint","url":"https:\/\/support.cezannehr.com","email":"support@cezannehr.com","contactType":"customer support"}]},{"@type":"Person","@id":"https:\/\/cezannehr.com\/es\/#\/schema\/person\/06fcb872e3d815d8b0a4b2d06c0a9ccd","name":"Cristina Del Amo","image":{"@type":"ImageObject","inLanguage":"es","@id":"https:\/\/cezannehr.com\/es\/#\/schema\/person\/image\/","url":"https:\/\/secure.gravatar.com\/avatar\/e69a3d6d60252edb45aec9db8c9e02e89aaf857f92dc9e58d64f65c7d219d142?s=96&d=mm&r=g","contentUrl":"https:\/\/secure.gravatar.com\/avatar\/e69a3d6d60252edb45aec9db8c9e02e89aaf857f92dc9e58d64f65c7d219d142?s=96&d=mm&r=g","caption":"Cristina Del Amo"},"description":"Soy periodista, empresaria, emprendedora y madre. Licenciada en Ciencias de la Informaci\u00f3n por la Univ. Complutense de Madrid y M\u00e1ster en Gesti\u00f3n Comercial y Marketing, por la Escuela de Negocios ESIC, mi trayectoria profesional est\u00e1 ligada al entorno de la comunicaci\u00f3n, la gesti\u00f3n empresarial y los recursos humanos.","url":"https:\/\/cezannehr.com\/es\/hr-blog\/author\/cdelamo\/"}]}},"jetpack_featured_media_url":"https:\/\/i0.wp.com\/cezannehr.com\/wp-content\/uploads\/2017\/03\/Land-from-Boat-crop-Sara.jpg?fit=3264%2C1818&ssl=1","jetpack_sharing_enabled":true,"amp_enabled":true,"_links":{"self":[{"href":"https:\/\/cezannehr.com\/es\/wp-json\/wp\/v2\/posts\/28422","targetHints":{"allow":["GET"]}}],"collection":[{"href":"https:\/\/cezannehr.com\/es\/wp-json\/wp\/v2\/posts"}],"about":[{"href":"https:\/\/cezannehr.com\/es\/wp-json\/wp\/v2\/types\/post"}],"author":[{"embeddable":true,"href":"https:\/\/cezannehr.com\/es\/wp-json\/wp\/v2\/users\/56"}],"replies":[{"embeddable":true,"href":"https:\/\/cezannehr.com\/es\/wp-json\/wp\/v2\/comments?post=28422"}],"version-history":[{"count":0,"href":"https:\/\/cezannehr.com\/es\/wp-json\/wp\/v2\/posts\/28422\/revisions"}],"wp:featuredmedia":[{"embeddable":true,"href":"https:\/\/cezannehr.com\/es\/wp-json\/wp\/v2\/media\/28021"}],"wp:attachment":[{"href":"https:\/\/cezannehr.com\/es\/wp-json\/wp\/v2\/media?parent=28422"}],"wp:term":[{"taxonomy":"category","embeddable":true,"href":"https:\/\/cezannehr.com\/es\/wp-json\/wp\/v2\/categories?post=28422"},{"taxonomy":"post_tag","embeddable":true,"href":"https:\/\/cezannehr.com\/es\/wp-json\/wp\/v2\/tags?post=28422"}],"curies":[{"name":"wp","href":"https:\/\/api.w.org\/{rel}","templated":true}]}}