{"id":40624,"date":"2018-11-13T10:03:57","date_gmt":"2018-11-13T10:03:57","guid":{"rendered":"https:\/\/cezannehr.com\/?p=40624"},"modified":"2025-03-26T07:04:16","modified_gmt":"2025-03-26T07:04:16","slug":"cuando-recursos-humanos-impulsa-el-cambio-digital","status":"publish","type":"post","link":"https:\/\/cezannehr.com\/es\/hr-blog\/2018\/11\/cuando-recursos-humanos-impulsa-el-cambio-digital\/","title":{"rendered":"Cuando recursos humanos impulsa el cambio digital"},"content":{"rendered":"<p><img data-recalc-dims=\"1\" decoding=\"async\" class=\"alignnone size-medium wp-image-39436 alignleft\" src=\"https:\/\/i0.wp.com\/cezannehr.com\/wp-content\/uploads\/2018\/11\/team-3373638_960_720.jpg?resize=300%2C196&#038;ssl=1\" alt=\"Hands in the middle over a desk\" width=\"300\" height=\"196\" srcset=\"https:\/\/i0.wp.com\/cezannehr.com\/wp-content\/uploads\/2018\/11\/team-3373638_960_720.jpg?resize=300%2C196&amp;ssl=1 300w, https:\/\/i0.wp.com\/cezannehr.com\/wp-content\/uploads\/2018\/11\/team-3373638_960_720.jpg?resize=768%2C502&amp;ssl=1 768w, https:\/\/i0.wp.com\/cezannehr.com\/wp-content\/uploads\/2018\/11\/team-3373638_960_720.jpg?w=960&amp;ssl=1 960w\" sizes=\"(max-width: 300px) 100vw, 300px\" \/>Optimizar los gastos, reducir la p\u00e9rdida de tiempo y fomentar el acceso a las herramientas corporativas, incluso estando en movimiento, siempre con las garant\u00edas de seguridad adecuadas. Estas son solo algunas de las ventajas que aporta al mundo empresarial la aceleraci\u00f3n de la transformaci\u00f3n digital.<\/p>\n<p>La din\u00e1mica de la empresa ha cambiado gracias a las tecnolog\u00edas emergentes: nuevas formas de trabajar m\u00e1s inteligentes, m\u00e1s colaborativas, m\u00e1s sociales y, sobre la base de la movilidad generan una cantidad de informaci\u00f3n hasta el momento nunca vista. Informaci\u00f3n que se crea a un ritmo vertiginoso y que, si se explota de manera conveniente, es, sin duda, una ventaja. Desde luego, estos nuevos modelos de trabajo suponen un importante impulso para la productividad y la eficiencia empresarial.<\/p>\n<h3>Tecnolog\u00edas para un nuevo entorno laboral.<\/h3>\n<p>Es, precisamente, en esta re-formulaci\u00f3n de los modelos de trabajo m\u00e1s \u00e1giles donde la tecnolog\u00eda muestra su gran capacidad disruptiva para acabar con f\u00f3rmulas que han quedado obsoletas y que se muestran, cada vez, m\u00e1s inadecuadas. Y lo hacen en favor de las nuevas formas de trabajo que benefician tanto a la organizaci\u00f3n como a las personas que se mueven en torno a ella.<\/p>\n<p>De hecho, algunos investigadores aseguran que la adopci\u00f3n de un modelo de trabajo m\u00e1s inteligente y estructurado implica un aumento significativo de la productividad de cada empleado, lo que supone, al tiempo, un gran ahorro para las arcas corporativas. Simplemente permitir que un colaborador trabaje un d\u00eda a la semana desde casa har\u00e1 que su implicaci\u00f3n con la organizaci\u00f3n sea mayor ya que habr\u00e1 podido ahorrar hasta 40 horas de viaje al a\u00f1o.<\/p>\n<p>Seg\u00fan estudios publicados por la consultora IDC, para 2023 dos tercios de la fuerza laboral en Europa no tendr\u00e1n limitaciones de ubicaci\u00f3n o tiempos de trabajo. En este sentido, es importante se\u00f1alar que tambi\u00e9n la legislaci\u00f3n laboral deber\u00e1 adaptarse para dar respuesta a estos nuevos requerimientos relacionados con la flexibilidad laboral.<\/p>\n<p>Pero, sin dudas, el mayor cambio en el panorama empresarial deber\u00e1 ser cultural. Es decir, dejaremos de mirar las horas trabajadas y empezaremos a poner el foco, realmente, en los resultados obtenidos. Ser\u00e1 un cambio lento, aunque, est\u00e1 claro que ya ha empezado a ponerse de moda: en Espa\u00f1a hay ya muchas organizaciones que practican esta flexibilidad laboral y permiten a sus empleados trabajar algunos d\u00edas en remoto. El trabajo inteligente, como lo hemos llamado, no siempre est\u00e1 regulado a trav\u00e9s de un acuerdo formal entre empleado y empleador. Con frecuencia se trata de una pr\u00e1ctica que se implementa de una forma natural en el contexto de un equipo, entendiendo que aquellos que trabajan de una manera flexible por regla general suelen mostrar un mayor entusiasmo y compromiso con su trabajo. Recuerda que estamos en la era del Employee Centric y que, la satisfacci\u00f3n del empleado cuenta mucho m\u00e1s de lo que te imaginas.<\/p>\n<p>Por otra parte, en una encuesta realizada por One Poll, solo una m\u00ednima parte de los entrevistados -apenas el 3,6%- mostraba ciertas reticencias a estas f\u00f3rmulas de trabajo que consideraban una clara amenaza para la organizaci\u00f3n. Justificaban su opini\u00f3n asegurando que algunas tecnolog\u00edas son muy dif\u00edciles de aplicar y de utilizar y, por lo tanto, acaban percibi\u00e9ndose m\u00e1s como un obst\u00e1culo para el crecimiento que como un revulsivo. Un porcentaje de esc\u00e9pticos tan bajo muestra que las organizaciones est\u00e1n preparadas para dar el salto.<\/p>\n<h3>Que necesitas<\/h3>\n<p>Disponer de toda la informaci\u00f3n necesaria para trabajar y estar siempre en contacto con los equipos y compa\u00f1eros de trabajo, incluso habiendo cientos de kil\u00f3metros de distancia, es un punto de partida esencial para optar por este tipo de soluciones. Las compa\u00f1\u00edas que invierten en el trabajo flexible y \u00e1gil conf\u00edan en soluciones tecnol\u00f3gicas innovadoras y colaborativas y por hacer\u201cdesaparecer\u201d los puestos y espacios de trabajo individuales en beneficio de las salas de reuniones y videoconferencias.<\/p>\n<p>Tambi\u00e9n en estos casos, la innovaci\u00f3n tecnol\u00f3gica se presenta como una palanca de cambio, permitiendo que el entorno laboral proporcione e incluso apoye esos modelos y h\u00e1bitos tan arraigados en nuestra vida cotidiana como puede ser el acceso a toda aquella informaci\u00f3n que nos concierne o interesa, desde cualquier lugar y en cualquier momento, incluso a desde nuestro propio tel\u00e9fono m\u00f3vil. El entorno de los Recursos Humanos tambi\u00e9n busca equiparse de esas herramientas que permitan a cada colaborador estar siempre conectado con sus colegas y tener un acceso permanente y constante a la informaci\u00f3n que necesita: tiempo de asistencia, registro de informes de gastos con una simple foto del recibo, solicitud y aprobaci\u00f3n de ausencias con un solo clic en el m\u00f3vil, etc.<\/p>\n<h3>\u00bfC\u00f3mo reaccionan los recursos humanos?<\/h3>\n<p>Con toda esta informaci\u00f3n sobre la mesa, no es de extra\u00f1ar que las \u00e1reas de <a href=\"https:\/\/cezannehr.com\/es\/\">gesti\u00f3n de recursos humanos<\/a> de las medianas y grandes empresas hayan aumentado sus inversiones en soluciones digitales para la gesti\u00f3n de las personas. Iniciativas que apoyan con nuevas inversiones en la capacitaci\u00f3n de los recursos con los que cuentan y en la selecci\u00f3n de nuevos talentos con las habilidades que necesitan. Est\u00e1 claro que la formaci\u00f3n en tecnolog\u00edas innovadoras es imprescindible para gestionar de manera eficiente y rentable tanto los recursos humanos como los procesos organizativos.<\/p>\n<p>Por lo tanto, hoy en d\u00eda, uno de los puntos donde se debe centrar la atenci\u00f3n es en el desarrollo de nuevas habilidades digitales: seg\u00fan la Comisi\u00f3n Europea, 9 de cada 10 puestos de trabajo en la actualidad requieren alg\u00fan tipo de competencia digital;\u00a0Los recursos humanos no pueden ignorar este hecho, por lo que deben trabajar para llevar la capacitaci\u00f3n necesaria a la empresa,\u00a0<strong>actualizando constantemente las habilidades en el coraz\u00f3n de la agenda de recursos humanos<\/strong>.<\/p>\n<p>Son precisamente los recursos humanos los que pueden y deben guiar la transformaci\u00f3n \u00e1gil de la organizaci\u00f3n empresarial: la capacitaci\u00f3n y la evaluaci\u00f3n se modifican para adaptarse a las nuevas din\u00e1micas de trabajo.<\/p>\n<p>Las nuevas herramientas disponibles, cuando est\u00e1n bien explotadas por el departamento de recursos humanos de la empresa, son una ventaja para toda la organizaci\u00f3n:\u00a0<strong>la administraci\u00f3n tiene datos m\u00e1s precisos que analizar y comprender el funcionamiento de<\/strong>\u00a0la\u00a0<strong>empresa<\/strong> y el empleado la capacidad de configurar nuevas formas de trabajar m\u00e1s compatibles con un buen equilibrio entre la vida privada y profesional.<\/p>\n<p>Por lo tanto, Recursos Humanos debe poner atenci\u00f3n no solo a la adquisici\u00f3n de nuevos talentos, sino tambi\u00e9n a su retenci\u00f3n y fidelizaci\u00f3n: ofrecer un entorno de trabajo inteligente, en el que se invierta en el bienestar de los empleados. Es esencial crear entornos de trabajo cada vez m\u00e1s flexibles y apostar por equipos satisfechos e involucrados.<\/p>\n","protected":false},"excerpt":{"rendered":"<p>Optimizar los gastos, reducir la p\u00e9rdida de tiempo y fomentar el acceso a las herramientas corporativas, incluso estando en movimiento, siempre con las garant\u00edas de seguridad adecuadas. Estas son solo algunas de las ventajas que aporta al mundo empresarial la [&hellip;]<\/p>\n","protected":false},"author":56,"featured_media":39436,"comment_status":"open","ping_status":"open","sticky":false,"template":"","format":"standard","meta":{"_acf_changed":false,"_jetpack_memberships_contains_paid_content":false,"footnotes":""},"categories":[872],"tags":[1333,1630,1629],"class_list":{"0":"post-40624","1":"post","2":"type-post","3":"status-publish","4":"format-standard","5":"has-post-thumbnail","7":"category-tecnologia-es","8":"tag-flexibilidad","9":"tag-trabajo-inteligente","10":"tag-transformacion-digital","11":"cz_entry"},"acf":[],"yoast_head":"<!-- This site is optimized with the Yoast SEO Premium plugin v26.3 (Yoast SEO v26.3) - https:\/\/yoast.com\/wordpress\/plugins\/seo\/ -->\n<title>Cuando recursos humanos impulsa el cambio digital - Cezanne HR<\/title>\n<meta name=\"description\" content=\"Descubre c\u00f3mo los recursos humanos pueden impulsar la transformaci\u00f3n digital en tu empresa. \u00a1Transforma tu negocio hoy mismo y da el primer paso hacia el futuro!\" \/>\n<meta name=\"robots\" content=\"index, follow, max-snippet:-1, max-image-preview:large, max-video-preview:-1\" \/>\n<link rel=\"canonical\" href=\"https:\/\/cezannehr.com\/es\/hr-blog\/2018\/11\/cuando-recursos-humanos-impulsa-el-cambio-digital\/\" \/>\n<meta property=\"og:locale\" content=\"es_ES\" \/>\n<meta property=\"og:type\" content=\"article\" \/>\n<meta property=\"og:title\" content=\"Cuando recursos humanos impulsa el cambio digital\" \/>\n<meta property=\"og:description\" content=\"Descubre c\u00f3mo los recursos humanos pueden impulsar la transformaci\u00f3n digital en tu empresa. \u00a1Transforma tu negocio hoy mismo y da el primer paso hacia el futuro!\" \/>\n<meta property=\"og:url\" content=\"https:\/\/cezannehr.com\/es\/hr-blog\/2018\/11\/cuando-recursos-humanos-impulsa-el-cambio-digital\/\" \/>\n<meta property=\"og:site_name\" content=\"Cezanne HR\" \/>\n<meta property=\"article:publisher\" content=\"https:\/\/www.facebook.com\/CezanneHR\" \/>\n<meta property=\"article:published_time\" content=\"2018-11-13T10:03:57+00:00\" \/>\n<meta property=\"article:modified_time\" content=\"2025-03-26T07:04:16+00:00\" \/>\n<meta property=\"og:image\" content=\"https:\/\/cezannehr.com\/wp-content\/uploads\/2018\/11\/team-3373638_960_720.jpg\" \/>\n\t<meta property=\"og:image:width\" content=\"960\" \/>\n\t<meta property=\"og:image:height\" content=\"627\" \/>\n\t<meta property=\"og:image:type\" content=\"image\/jpeg\" \/>\n<meta name=\"author\" content=\"Cristina Del Amo\" \/>\n<meta name=\"twitter:card\" content=\"summary_large_image\" \/>\n<meta name=\"twitter:creator\" content=\"@CezanneHR\" \/>\n<meta name=\"twitter:site\" content=\"@CezanneHR\" \/>\n<meta name=\"twitter:label1\" content=\"Escrito por\" \/>\n\t<meta name=\"twitter:data1\" content=\"Cristina Del Amo\" \/>\n\t<meta name=\"twitter:label2\" content=\"Tiempo de lectura\" \/>\n\t<meta name=\"twitter:data2\" content=\"6 minutos\" \/>\n<script type=\"application\/ld+json\" class=\"yoast-schema-graph\">{\"@context\":\"https:\/\/schema.org\",\"@graph\":[{\"@type\":\"Article\",\"@id\":\"https:\/\/cezannehr.com\/es\/hr-blog\/2018\/11\/cuando-recursos-humanos-impulsa-el-cambio-digital\/#article\",\"isPartOf\":{\"@id\":\"https:\/\/cezannehr.com\/es\/hr-blog\/2018\/11\/cuando-recursos-humanos-impulsa-el-cambio-digital\/\"},\"author\":{\"name\":\"Cristina Del Amo\",\"@id\":\"https:\/\/cezannehr.com\/es\/#\/schema\/person\/06fcb872e3d815d8b0a4b2d06c0a9ccd\"},\"headline\":\"Cuando recursos humanos impulsa el cambio digital\",\"datePublished\":\"2018-11-13T10:03:57+00:00\",\"dateModified\":\"2025-03-26T07:04:16+00:00\",\"mainEntityOfPage\":{\"@id\":\"https:\/\/cezannehr.com\/es\/hr-blog\/2018\/11\/cuando-recursos-humanos-impulsa-el-cambio-digital\/\"},\"wordCount\":1182,\"commentCount\":0,\"publisher\":{\"@id\":\"https:\/\/cezannehr.com\/es\/#organization\"},\"image\":{\"@id\":\"https:\/\/cezannehr.com\/es\/hr-blog\/2018\/11\/cuando-recursos-humanos-impulsa-el-cambio-digital\/#primaryimage\"},\"thumbnailUrl\":\"https:\/\/i0.wp.com\/cezannehr.com\/wp-content\/uploads\/2018\/11\/team-3373638_960_720.jpg?fit=960%2C627&ssl=1\",\"keywords\":[\"Flexibilidad\",\"trabajo inteligente\",\"transformaci\u00f3n digital\"],\"articleSection\":[\"Tecnolog\u00eda\"],\"inLanguage\":\"es\",\"potentialAction\":[{\"@type\":\"CommentAction\",\"name\":\"Comment\",\"target\":[\"https:\/\/cezannehr.com\/es\/hr-blog\/2018\/11\/cuando-recursos-humanos-impulsa-el-cambio-digital\/#respond\"]}]},{\"@type\":\"WebPage\",\"@id\":\"https:\/\/cezannehr.com\/es\/hr-blog\/2018\/11\/cuando-recursos-humanos-impulsa-el-cambio-digital\/\",\"url\":\"https:\/\/cezannehr.com\/es\/hr-blog\/2018\/11\/cuando-recursos-humanos-impulsa-el-cambio-digital\/\",\"name\":\"Cuando recursos humanos impulsa el cambio digital - Cezanne HR\",\"isPartOf\":{\"@id\":\"https:\/\/cezannehr.com\/es\/#website\"},\"primaryImageOfPage\":{\"@id\":\"https:\/\/cezannehr.com\/es\/hr-blog\/2018\/11\/cuando-recursos-humanos-impulsa-el-cambio-digital\/#primaryimage\"},\"image\":{\"@id\":\"https:\/\/cezannehr.com\/es\/hr-blog\/2018\/11\/cuando-recursos-humanos-impulsa-el-cambio-digital\/#primaryimage\"},\"thumbnailUrl\":\"https:\/\/i0.wp.com\/cezannehr.com\/wp-content\/uploads\/2018\/11\/team-3373638_960_720.jpg?fit=960%2C627&ssl=1\",\"datePublished\":\"2018-11-13T10:03:57+00:00\",\"dateModified\":\"2025-03-26T07:04:16+00:00\",\"description\":\"Descubre c\u00f3mo los recursos humanos pueden impulsar la transformaci\u00f3n digital en tu empresa. \u00a1Transforma tu negocio hoy mismo y da el primer paso hacia el futuro!\",\"breadcrumb\":{\"@id\":\"https:\/\/cezannehr.com\/es\/hr-blog\/2018\/11\/cuando-recursos-humanos-impulsa-el-cambio-digital\/#breadcrumb\"},\"inLanguage\":\"es\",\"potentialAction\":[{\"@type\":\"ReadAction\",\"target\":[\"https:\/\/cezannehr.com\/es\/hr-blog\/2018\/11\/cuando-recursos-humanos-impulsa-el-cambio-digital\/\"]}]},{\"@type\":\"ImageObject\",\"inLanguage\":\"es\",\"@id\":\"https:\/\/cezannehr.com\/es\/hr-blog\/2018\/11\/cuando-recursos-humanos-impulsa-el-cambio-digital\/#primaryimage\",\"url\":\"https:\/\/i0.wp.com\/cezannehr.com\/wp-content\/uploads\/2018\/11\/team-3373638_960_720.jpg?fit=960%2C627&ssl=1\",\"contentUrl\":\"https:\/\/i0.wp.com\/cezannehr.com\/wp-content\/uploads\/2018\/11\/team-3373638_960_720.jpg?fit=960%2C627&ssl=1\",\"width\":960,\"height\":627,\"caption\":\"Hands in the middle over a desk\"},{\"@type\":\"BreadcrumbList\",\"@id\":\"https:\/\/cezannehr.com\/es\/hr-blog\/2018\/11\/cuando-recursos-humanos-impulsa-el-cambio-digital\/#breadcrumb\",\"itemListElement\":[{\"@type\":\"ListItem\",\"position\":1,\"name\":\"Software HR\",\"item\":\"https:\/\/cezannehr.com\/es\/\"},{\"@type\":\"ListItem\",\"position\":2,\"name\":\"Cuando recursos humanos impulsa el cambio digital\"}]},{\"@type\":\"WebSite\",\"@id\":\"https:\/\/cezannehr.com\/es\/#website\",\"url\":\"https:\/\/cezannehr.com\/es\/\",\"name\":\"Cezanne HR\",\"description\":\"Gesti\u00f3n de empleados - Gesti\u00f3n de vacaciones\",\"publisher\":{\"@id\":\"https:\/\/cezannehr.com\/es\/#organization\"},\"potentialAction\":[{\"@type\":\"SearchAction\",\"target\":{\"@type\":\"EntryPoint\",\"urlTemplate\":\"https:\/\/cezannehr.com\/es\/?s={search_term_string}\"},\"query-input\":{\"@type\":\"PropertyValueSpecification\",\"valueRequired\":true,\"valueName\":\"search_term_string\"}}],\"inLanguage\":\"es\"},{\"@type\":\"Organization\",\"@id\":\"https:\/\/cezannehr.com\/es\/#organization\",\"name\":\"Cezanne HR\",\"url\":\"https:\/\/cezannehr.com\/es\/\",\"logo\":{\"@type\":\"ImageObject\",\"inLanguage\":\"es\",\"@id\":\"https:\/\/cezannehr.com\/es\/#\/schema\/logo\/image\/\",\"url\":\"https:\/\/cezannehr.com\/wp-content\/uploads\/2026\/01\/Cezanne_logo_2026_colour.svg\",\"contentUrl\":\"https:\/\/cezannehr.com\/wp-content\/uploads\/2026\/01\/Cezanne_logo_2026_colour.svg\",\"width\":1,\"height\":1,\"caption\":\"Cezanne HR\"},\"image\":{\"@id\":\"https:\/\/cezannehr.com\/es\/#\/schema\/logo\/image\/\"},\"sameAs\":[\"https:\/\/www.facebook.com\/CezanneHR\",\"https:\/\/x.com\/CezanneHR\",\"https:\/\/www.linkedin.com\/company\/cezanne-hr\",\"https:\/\/uk.pinterest.com\/CezanneHR\/\",\"https:\/\/www.youtube.com\/user\/CezanneHR\"],\"legalName\":\"Cezanne HR Limited\",\"contactPoint\":[{\"@type\":\"ContactPoint\",\"telephone\":\"+44-2072022727\",\"contactType\":\"customer service\"},{\"@type\":\"ContactPoint\",\"url\":\"https:\/\/support.cezannehr.com\",\"email\":\"support@cezannehr.com\",\"contactType\":\"customer support\"}]},{\"@type\":\"Person\",\"@id\":\"https:\/\/cezannehr.com\/es\/#\/schema\/person\/06fcb872e3d815d8b0a4b2d06c0a9ccd\",\"name\":\"Cristina Del Amo\",\"image\":{\"@type\":\"ImageObject\",\"inLanguage\":\"es\",\"@id\":\"https:\/\/cezannehr.com\/es\/#\/schema\/person\/image\/\",\"url\":\"https:\/\/secure.gravatar.com\/avatar\/e69a3d6d60252edb45aec9db8c9e02e89aaf857f92dc9e58d64f65c7d219d142?s=96&d=mm&r=g\",\"contentUrl\":\"https:\/\/secure.gravatar.com\/avatar\/e69a3d6d60252edb45aec9db8c9e02e89aaf857f92dc9e58d64f65c7d219d142?s=96&d=mm&r=g\",\"caption\":\"Cristina Del Amo\"},\"description\":\"Soy periodista, empresaria, emprendedora y madre. Licenciada en Ciencias de la Informaci\u00f3n por la Univ. Complutense de Madrid y M\u00e1ster en Gesti\u00f3n Comercial y Marketing, por la Escuela de Negocios ESIC, mi trayectoria profesional est\u00e1 ligada al entorno de la comunicaci\u00f3n, la gesti\u00f3n empresarial y los recursos humanos.\",\"url\":\"https:\/\/cezannehr.com\/es\/hr-blog\/author\/cdelamo\/\"}]}<\/script>\n<!-- \/ Yoast SEO Premium plugin. -->","yoast_head_json":{"title":"Cuando recursos humanos impulsa el cambio digital - Cezanne HR","description":"Descubre c\u00f3mo los recursos humanos pueden impulsar la transformaci\u00f3n digital en tu empresa. \u00a1Transforma tu negocio hoy mismo y da el primer paso hacia el futuro!","robots":{"index":"index","follow":"follow","max-snippet":"max-snippet:-1","max-image-preview":"max-image-preview:large","max-video-preview":"max-video-preview:-1"},"canonical":"https:\/\/cezannehr.com\/es\/hr-blog\/2018\/11\/cuando-recursos-humanos-impulsa-el-cambio-digital\/","og_locale":"es_ES","og_type":"article","og_title":"Cuando recursos humanos impulsa el cambio digital","og_description":"Descubre c\u00f3mo los recursos humanos pueden impulsar la transformaci\u00f3n digital en tu empresa. \u00a1Transforma tu negocio hoy mismo y da el primer paso hacia el futuro!","og_url":"https:\/\/cezannehr.com\/es\/hr-blog\/2018\/11\/cuando-recursos-humanos-impulsa-el-cambio-digital\/","og_site_name":"Cezanne HR","article_publisher":"https:\/\/www.facebook.com\/CezanneHR","article_published_time":"2018-11-13T10:03:57+00:00","article_modified_time":"2025-03-26T07:04:16+00:00","og_image":[{"width":960,"height":627,"url":"https:\/\/cezannehr.com\/wp-content\/uploads\/2018\/11\/team-3373638_960_720.jpg","type":"image\/jpeg"}],"author":"Cristina Del Amo","twitter_card":"summary_large_image","twitter_creator":"@CezanneHR","twitter_site":"@CezanneHR","twitter_misc":{"Escrito por":"Cristina Del Amo","Tiempo de lectura":"6 minutos"},"schema":{"@context":"https:\/\/schema.org","@graph":[{"@type":"Article","@id":"https:\/\/cezannehr.com\/es\/hr-blog\/2018\/11\/cuando-recursos-humanos-impulsa-el-cambio-digital\/#article","isPartOf":{"@id":"https:\/\/cezannehr.com\/es\/hr-blog\/2018\/11\/cuando-recursos-humanos-impulsa-el-cambio-digital\/"},"author":{"name":"Cristina Del Amo","@id":"https:\/\/cezannehr.com\/es\/#\/schema\/person\/06fcb872e3d815d8b0a4b2d06c0a9ccd"},"headline":"Cuando recursos humanos impulsa el cambio digital","datePublished":"2018-11-13T10:03:57+00:00","dateModified":"2025-03-26T07:04:16+00:00","mainEntityOfPage":{"@id":"https:\/\/cezannehr.com\/es\/hr-blog\/2018\/11\/cuando-recursos-humanos-impulsa-el-cambio-digital\/"},"wordCount":1182,"commentCount":0,"publisher":{"@id":"https:\/\/cezannehr.com\/es\/#organization"},"image":{"@id":"https:\/\/cezannehr.com\/es\/hr-blog\/2018\/11\/cuando-recursos-humanos-impulsa-el-cambio-digital\/#primaryimage"},"thumbnailUrl":"https:\/\/i0.wp.com\/cezannehr.com\/wp-content\/uploads\/2018\/11\/team-3373638_960_720.jpg?fit=960%2C627&ssl=1","keywords":["Flexibilidad","trabajo inteligente","transformaci\u00f3n digital"],"articleSection":["Tecnolog\u00eda"],"inLanguage":"es","potentialAction":[{"@type":"CommentAction","name":"Comment","target":["https:\/\/cezannehr.com\/es\/hr-blog\/2018\/11\/cuando-recursos-humanos-impulsa-el-cambio-digital\/#respond"]}]},{"@type":"WebPage","@id":"https:\/\/cezannehr.com\/es\/hr-blog\/2018\/11\/cuando-recursos-humanos-impulsa-el-cambio-digital\/","url":"https:\/\/cezannehr.com\/es\/hr-blog\/2018\/11\/cuando-recursos-humanos-impulsa-el-cambio-digital\/","name":"Cuando recursos humanos impulsa el cambio digital - Cezanne HR","isPartOf":{"@id":"https:\/\/cezannehr.com\/es\/#website"},"primaryImageOfPage":{"@id":"https:\/\/cezannehr.com\/es\/hr-blog\/2018\/11\/cuando-recursos-humanos-impulsa-el-cambio-digital\/#primaryimage"},"image":{"@id":"https:\/\/cezannehr.com\/es\/hr-blog\/2018\/11\/cuando-recursos-humanos-impulsa-el-cambio-digital\/#primaryimage"},"thumbnailUrl":"https:\/\/i0.wp.com\/cezannehr.com\/wp-content\/uploads\/2018\/11\/team-3373638_960_720.jpg?fit=960%2C627&ssl=1","datePublished":"2018-11-13T10:03:57+00:00","dateModified":"2025-03-26T07:04:16+00:00","description":"Descubre c\u00f3mo los recursos humanos pueden impulsar la transformaci\u00f3n digital en tu empresa. \u00a1Transforma tu negocio hoy mismo y da el primer paso hacia el futuro!","breadcrumb":{"@id":"https:\/\/cezannehr.com\/es\/hr-blog\/2018\/11\/cuando-recursos-humanos-impulsa-el-cambio-digital\/#breadcrumb"},"inLanguage":"es","potentialAction":[{"@type":"ReadAction","target":["https:\/\/cezannehr.com\/es\/hr-blog\/2018\/11\/cuando-recursos-humanos-impulsa-el-cambio-digital\/"]}]},{"@type":"ImageObject","inLanguage":"es","@id":"https:\/\/cezannehr.com\/es\/hr-blog\/2018\/11\/cuando-recursos-humanos-impulsa-el-cambio-digital\/#primaryimage","url":"https:\/\/i0.wp.com\/cezannehr.com\/wp-content\/uploads\/2018\/11\/team-3373638_960_720.jpg?fit=960%2C627&ssl=1","contentUrl":"https:\/\/i0.wp.com\/cezannehr.com\/wp-content\/uploads\/2018\/11\/team-3373638_960_720.jpg?fit=960%2C627&ssl=1","width":960,"height":627,"caption":"Hands in the middle over a desk"},{"@type":"BreadcrumbList","@id":"https:\/\/cezannehr.com\/es\/hr-blog\/2018\/11\/cuando-recursos-humanos-impulsa-el-cambio-digital\/#breadcrumb","itemListElement":[{"@type":"ListItem","position":1,"name":"Software HR","item":"https:\/\/cezannehr.com\/es\/"},{"@type":"ListItem","position":2,"name":"Cuando recursos humanos impulsa el cambio digital"}]},{"@type":"WebSite","@id":"https:\/\/cezannehr.com\/es\/#website","url":"https:\/\/cezannehr.com\/es\/","name":"Cezanne HR","description":"Gesti\u00f3n de empleados - Gesti\u00f3n de vacaciones","publisher":{"@id":"https:\/\/cezannehr.com\/es\/#organization"},"potentialAction":[{"@type":"SearchAction","target":{"@type":"EntryPoint","urlTemplate":"https:\/\/cezannehr.com\/es\/?s={search_term_string}"},"query-input":{"@type":"PropertyValueSpecification","valueRequired":true,"valueName":"search_term_string"}}],"inLanguage":"es"},{"@type":"Organization","@id":"https:\/\/cezannehr.com\/es\/#organization","name":"Cezanne HR","url":"https:\/\/cezannehr.com\/es\/","logo":{"@type":"ImageObject","inLanguage":"es","@id":"https:\/\/cezannehr.com\/es\/#\/schema\/logo\/image\/","url":"https:\/\/cezannehr.com\/wp-content\/uploads\/2026\/01\/Cezanne_logo_2026_colour.svg","contentUrl":"https:\/\/cezannehr.com\/wp-content\/uploads\/2026\/01\/Cezanne_logo_2026_colour.svg","width":1,"height":1,"caption":"Cezanne HR"},"image":{"@id":"https:\/\/cezannehr.com\/es\/#\/schema\/logo\/image\/"},"sameAs":["https:\/\/www.facebook.com\/CezanneHR","https:\/\/x.com\/CezanneHR","https:\/\/www.linkedin.com\/company\/cezanne-hr","https:\/\/uk.pinterest.com\/CezanneHR\/","https:\/\/www.youtube.com\/user\/CezanneHR"],"legalName":"Cezanne HR Limited","contactPoint":[{"@type":"ContactPoint","telephone":"+44-2072022727","contactType":"customer service"},{"@type":"ContactPoint","url":"https:\/\/support.cezannehr.com","email":"support@cezannehr.com","contactType":"customer support"}]},{"@type":"Person","@id":"https:\/\/cezannehr.com\/es\/#\/schema\/person\/06fcb872e3d815d8b0a4b2d06c0a9ccd","name":"Cristina Del Amo","image":{"@type":"ImageObject","inLanguage":"es","@id":"https:\/\/cezannehr.com\/es\/#\/schema\/person\/image\/","url":"https:\/\/secure.gravatar.com\/avatar\/e69a3d6d60252edb45aec9db8c9e02e89aaf857f92dc9e58d64f65c7d219d142?s=96&d=mm&r=g","contentUrl":"https:\/\/secure.gravatar.com\/avatar\/e69a3d6d60252edb45aec9db8c9e02e89aaf857f92dc9e58d64f65c7d219d142?s=96&d=mm&r=g","caption":"Cristina Del Amo"},"description":"Soy periodista, empresaria, emprendedora y madre. Licenciada en Ciencias de la Informaci\u00f3n por la Univ. Complutense de Madrid y M\u00e1ster en Gesti\u00f3n Comercial y Marketing, por la Escuela de Negocios ESIC, mi trayectoria profesional est\u00e1 ligada al entorno de la comunicaci\u00f3n, la gesti\u00f3n empresarial y los recursos humanos.","url":"https:\/\/cezannehr.com\/es\/hr-blog\/author\/cdelamo\/"}]}},"jetpack_featured_media_url":"https:\/\/i0.wp.com\/cezannehr.com\/wp-content\/uploads\/2018\/11\/team-3373638_960_720.jpg?fit=960%2C627&ssl=1","jetpack_sharing_enabled":true,"amp_enabled":true,"_links":{"self":[{"href":"https:\/\/cezannehr.com\/es\/wp-json\/wp\/v2\/posts\/40624","targetHints":{"allow":["GET"]}}],"collection":[{"href":"https:\/\/cezannehr.com\/es\/wp-json\/wp\/v2\/posts"}],"about":[{"href":"https:\/\/cezannehr.com\/es\/wp-json\/wp\/v2\/types\/post"}],"author":[{"embeddable":true,"href":"https:\/\/cezannehr.com\/es\/wp-json\/wp\/v2\/users\/56"}],"replies":[{"embeddable":true,"href":"https:\/\/cezannehr.com\/es\/wp-json\/wp\/v2\/comments?post=40624"}],"version-history":[{"count":0,"href":"https:\/\/cezannehr.com\/es\/wp-json\/wp\/v2\/posts\/40624\/revisions"}],"wp:featuredmedia":[{"embeddable":true,"href":"https:\/\/cezannehr.com\/es\/wp-json\/wp\/v2\/media\/39436"}],"wp:attachment":[{"href":"https:\/\/cezannehr.com\/es\/wp-json\/wp\/v2\/media?parent=40624"}],"wp:term":[{"taxonomy":"category","embeddable":true,"href":"https:\/\/cezannehr.com\/es\/wp-json\/wp\/v2\/categories?post=40624"},{"taxonomy":"post_tag","embeddable":true,"href":"https:\/\/cezannehr.com\/es\/wp-json\/wp\/v2\/tags?post=40624"}],"curies":[{"name":"wp","href":"https:\/\/api.w.org\/{rel}","templated":true}]}}