{"id":48734,"date":"2019-07-04T08:13:51","date_gmt":"2019-07-04T08:13:51","guid":{"rendered":"https:\/\/cezannehr.com\/?p=48734"},"modified":"2025-03-26T07:06:15","modified_gmt":"2025-03-26T07:06:15","slug":"desempeno-de-los-empleados-el-formulario-de-evaluacion","status":"publish","type":"post","link":"https:\/\/cezannehr.com\/es\/hr-blog\/2019\/07\/desempeno-de-los-empleados-el-formulario-de-evaluacion\/","title":{"rendered":"Desempe\u00f1o de los empleados: el formulario de evaluaci\u00f3n"},"content":{"rendered":"<p>En los \u00faltimos a\u00f1os, hemos sido testigos de la constante difusi\u00f3n de una buena cultura de gesti\u00f3n de recursos humanos, incluso entre las Pymes.\u00a0Tambi\u00e9n somos conscientes de que muchas organizaciones se han dado cuenta de lo importante que es estructurar\u00a0bien los <strong>procesos de evaluaci\u00f3n del desempe\u00f1o para hacerlos eficientes y rentables<\/strong>.\u00a0Pero no se puede implementar un proceso efectivo si no partimos de bases s\u00f3lidas y, hablando de la gesti\u00f3n del rendimiento, el componente principal es la\u00a0<strong>hoja de evaluaci\u00f3n del empleado<\/strong>.\u00a0La construcci\u00f3n de la ficha es fundamental para permitir que el departamento de recursos humanos recopile los datos \u00fatiles para un an\u00e1lisis en profundidad sobre temas cr\u00edticos y \u00e1reas de intervenci\u00f3n.<\/p>\n<h3>Hoja de evaluaci\u00f3n del personal: \u00bfpor qu\u00e9 es importante?<\/h3>\n<p>El proceso de evaluaci\u00f3n compara los\u00a0<strong>objetivos de la empresa<\/strong>\u00a0con los resultados individuales;\u00a0a los ojos del empleado individual, esto puede ser f\u00e1cilmente un juicio en su contra, un momento de control de su comportamiento.\u00a0Por eso es posible que el acercamiento provoque miedo y reticencia.<\/p>\n<p>Es cierto que la evaluaci\u00f3n refleja inevitablemente una relaci\u00f3n jer\u00e1rquica, pero es una parte integral de un proceso mucho m\u00e1s amplio que tiene como objetivo\u00a0<strong>mejorar el trabajo y el rendimiento del trabajador<\/strong>.\u00a0De hecho, es una oportunidad para explicar y medir los valores asociados con las caracter\u00edsticas individuales y el comportamiento de cada uno, en relaci\u00f3n con el puesto que ocupa en la empresa.<\/p>\n<p>Mirando hacia atr\u00e1s, en los primeros d\u00edas en que se introdujo la evaluaci\u00f3n del desempe\u00f1o en las grandes empresas espa\u00f1olas, los sindicatos, despu\u00e9s de una apertura inicial, se opusieron rechazando un proceso en el que vieron un intento de fragmentar la unidad de los empleados.\u00a0No obstante, los procesos de gesti\u00f3n del desempe\u00f1o tardaron en implementarse, en realidad, debido principalmente a otros factores: \u00a0los costes de transici\u00f3n al nuevo modelo, la dificultad para identificar factores objetivos para evaluar la relaci\u00f3n entre el individuo y la organizaci\u00f3n, la rigidez de un aparato que luchaba para adaptarse r\u00e1pidamente a los\u00a0<strong>cambios organizativos<\/strong>, etc.<\/p>\n<h3><em>Pero \u00bfen qu\u00e9 se basa la necesidad de evaluar el desempe\u00f1o?<\/em><\/h3>\n<p>En una empresa, sea cual sea el rol y el nivel de responsabilidad del individuo, este tendr\u00e1 que tomar decisiones, y cada decisi\u00f3n implica una evaluaci\u00f3n.\u00a0<strong>Por lo tanto, las evaluaciones est\u00e1n intr\u00ednsecamente vinculadas al trabajo<\/strong>, ya sean expl\u00edcitas, procedimientales o informales.\u00a0Cualquier forma de evaluaci\u00f3n, que val\u00faa ya sea la posici\u00f3n, el desempe\u00f1o o la persona, define un est\u00e1ndar requerido en relaci\u00f3n a un valor esperado convencional que tambi\u00e9n puede afectar el marco contractual ya que censura ciertas habilidades espec\u00edficas o, por el contrario, resalta \u00e1reas donde se necesita mejorar.<\/p>\n<p><strong>Si el sistema de evaluaci\u00f3n se implementa correctamente y los formularios se construyen cuidadosamente de acuerdo con las especificidades de cada rol, ser\u00e1 f\u00e1cil lograr los objetivos establecidos.<\/strong><\/p>\n<p>Pero hay elementos clave que no deben pasarse por alto: es necesario aclarar las responsabilidades confiadas a cada persona, poner a las personas en un rol de nivel adecuado y construir\u00a0<strong>trayectorias profesionales<\/strong>\u00a0que sean consistentes con las habilidades requeridas para cada posici\u00f3n.<\/p>\n<p>&nbsp;<\/p>\n<p><strong>La evaluaci\u00f3n de habilidades individuales<\/strong>\u00a0permite definir los perfiles de competencia requeridos para cumplir una tarea espec\u00edfica.\u00a0Las habilidades no son m\u00e1s que el conjunto de comportamientos observables y medibles combinados con los conocimientos y habilidades adquiridos.\u00a0Por lo tanto, frente a este enfoque, ya no es la persona la que se adapta al rol, sino que le aporta un nuevo impulso, que lo regenera bas\u00e1ndose en sus propias caracter\u00edsticas combinadas con est\u00edmulos y condicionantes ambientales.\u00a0La personalidad y el rol evolucionan conjuntamente, de una forma \u00fanica y nueva.<\/p>\n<h3>Pero \u00bfqu\u00e9 m\u00e9todo deber\u00eda usarse para analizar y mejorar las habilidades?<\/h3>\n<p>Puedes elegir\u00a0<strong>evaluar el desempe\u00f1o<\/strong>\u00a0y, a posteriori, realizar una evaluaci\u00f3n de la competencia asociada con \u00e9l.\u00a0O, para tener un mayor enfoque en la dimensi\u00f3n individual, podr\u00edas implementar t\u00e9cnicas que sean funcionales para identificar caracter\u00edsticas personales relevantes para el negocio.\u00a0Adem\u00e1s, se pueden aprovechar las habilidades profesionales, es decir, la capacidad desarrollada tras un proceso de formaci\u00f3n (estudios, experiencia previa, crecimiento en la empresa &#8230;) Y, finalmente, hay quienes optan por partir de los <strong>objetivos de negocio<\/strong> y construir, desde ellos, un <strong>modelo de desarrollo<\/strong> de habilidades organizativas, pasando a definir el conjunto de las habilidades necesarias para que cada rol alcance sus metas.<\/p>\n<p>Ante esta variedad de enfoques, est\u00e1 claro que la hoja de evaluaci\u00f3n debe adaptarse a cada situaci\u00f3n y realidad espec\u00edfica.<\/p>\n<h3>\u00bfC\u00f3mo gestionar los formularios de evaluaci\u00f3n?<\/h3>\n<p>Si utilizas <a href=\"https:\/\/cezannehr.com\/es\/software-rrhh\/gestion-del-desempeno\/\">un software de recursos humanos para la gesti\u00f3n de las evaluaciones<\/a>, podr\u00e1s configurar todos los procesos de evaluaci\u00f3n de desempe\u00f1o,\u00a0<strong>analizar las habilidades<\/strong>\u00a0,\u00a0<strong>desarrollar el modelo de negocio<\/strong>\u00a0y construir las hojas de evaluaci\u00f3n en el propio sistema y luego distribuirlas autom\u00e1ticamente para todos los actores involucrados en el proceso. De esta forma podr\u00e1s obtener datos claros y significativos.<\/p>\n<h4>La ventaja de un sistema de gesti\u00f3n del desempe\u00f1o es que te permite modelar procesos basados \u200b\u200ben din\u00e1micas empresariales y administrarlos en la\u00a0<strong>nube<\/strong>, eliminando errores y datos err\u00f3neos de formularios en papel y archivos de Excel.\u00a0Todo se gestiona en un solo sistema que te permite preparar y enviar formularios de evaluaci\u00f3n de cualquier tipo, seg\u00fan tus necesidades y tiempo.<\/h4>\n<h4><strong>\u00bfCu\u00e1les son los pasos para crear una hoja de puntuaci\u00f3n con un software como Cezanne HR?<\/strong><\/h4>\n<ul>\n<li>Identifica los elementos clave del proceso en los que se basa la evaluaci\u00f3n: objetivos, habilidades t\u00e9cnicas, habilidades de comportamiento &#8230;<\/li>\n<li>Define el criterio de evaluaci\u00f3n a utilizar: puntaje num\u00e9rico, porcentaje, descriptivo &#8230;<\/li>\n<li>Agrega todos los elementos que necesitas reunir para los fines de una posible fase posterior de evaluaci\u00f3n y desarrollo del personal: planificaci\u00f3n de objetivos, planes de actividades, necesidades de capacitaci\u00f3n, necesidades de desarrollo &#8230;<\/li>\n<li>Escribe una gu\u00eda simple y concreta para que todas las personas involucradas en el proceso tengan instrucciones claras.<\/li>\n<li>Define los contenidos y el dise\u00f1o de los formularios de evaluaci\u00f3n, ayud\u00e1ndole con la funci\u00f3n de vista previa.<\/li>\n<\/ul>\n<p>Es una forma eficiente de poner la evaluaci\u00f3n del desempe\u00f1o en el centro de un modelo eficaz de planificaci\u00f3n y desarrollo de los recursos humanos de la empresa.<\/p>\n<p>\u00bfCrees que es lo correcto para ti? Te incito contactar con nuestros consultores\u00a0<a href=\"https:\/\/cezannehr.com\/es\/contactar\/\">Contacto &gt;&gt;<\/a><\/p>\n<p>&nbsp;<\/p>\n","protected":false},"excerpt":{"rendered":"<p>En los \u00faltimos a\u00f1os, hemos sido testigos de la constante difusi\u00f3n de una buena cultura de gesti\u00f3n de recursos humanos, incluso entre las Pymes.\u00a0Tambi\u00e9n somos conscientes de que muchas organizaciones se han dado cuenta de lo importante que es estructurar\u00a0bien [&hellip;]<\/p>\n","protected":false},"author":56,"featured_media":48706,"comment_status":"open","ping_status":"open","sticky":false,"template":"","format":"standard","meta":{"_acf_changed":false,"_jetpack_memberships_contains_paid_content":false,"footnotes":""},"categories":[863],"tags":[],"class_list":{"0":"post-48734","1":"post","2":"type-post","3":"status-publish","4":"format-standard","5":"has-post-thumbnail","7":"category-evaluacion-del-desempeno","8":"cz_entry"},"acf":[],"yoast_head":"<!-- This site is optimized with the Yoast SEO Premium plugin v26.3 (Yoast SEO v26.3) - https:\/\/yoast.com\/wordpress\/plugins\/seo\/ -->\n<title>Desempe\u00f1o de los empleados: el formulario de evaluaci\u00f3n - Cezanne HR<\/title>\n<meta name=\"description\" content=\"Mejora el rendimiento de tu equipo con nuestro formulario de evaluaci\u00f3n. Descubre c\u00f3mo potenciar el desempe\u00f1o de los empleados y optimiza tu negocio hoy mismo.\" \/>\n<meta name=\"robots\" content=\"index, follow, max-snippet:-1, max-image-preview:large, max-video-preview:-1\" \/>\n<link rel=\"canonical\" href=\"https:\/\/cezannehr.com\/es\/hr-blog\/2019\/07\/desempeno-de-los-empleados-el-formulario-de-evaluacion\/\" \/>\n<meta property=\"og:locale\" content=\"es_ES\" \/>\n<meta property=\"og:type\" content=\"article\" \/>\n<meta property=\"og:title\" content=\"Desempe\u00f1o de los empleados: el formulario de evaluaci\u00f3n\" \/>\n<meta property=\"og:description\" content=\"Mejora el rendimiento de tu equipo con nuestro formulario de evaluaci\u00f3n. Descubre c\u00f3mo potenciar el desempe\u00f1o de los empleados y optimiza tu negocio hoy mismo.\" \/>\n<meta property=\"og:url\" content=\"https:\/\/cezannehr.com\/es\/hr-blog\/2019\/07\/desempeno-de-los-empleados-el-formulario-de-evaluacion\/\" \/>\n<meta property=\"og:site_name\" content=\"Cezanne HR\" \/>\n<meta property=\"article:publisher\" content=\"https:\/\/www.facebook.com\/CezanneHR\" \/>\n<meta property=\"article:published_time\" content=\"2019-07-04T08:13:51+00:00\" \/>\n<meta property=\"article:modified_time\" content=\"2025-03-26T07:06:15+00:00\" \/>\n<meta property=\"og:image\" content=\"https:\/\/cezannehr.com\/wp-content\/uploads\/2019\/07\/imagem-reuniao-funcionarios-empresa.jpg\" \/>\n\t<meta property=\"og:image:width\" content=\"2121\" \/>\n\t<meta property=\"og:image:height\" content=\"1414\" \/>\n\t<meta property=\"og:image:type\" content=\"image\/jpeg\" \/>\n<meta name=\"author\" content=\"Cristina Del Amo\" \/>\n<meta name=\"twitter:card\" content=\"summary_large_image\" \/>\n<meta name=\"twitter:creator\" content=\"@CezanneHR\" \/>\n<meta name=\"twitter:site\" content=\"@CezanneHR\" \/>\n<meta name=\"twitter:label1\" content=\"Escrito por\" \/>\n\t<meta name=\"twitter:data1\" content=\"Cristina Del Amo\" \/>\n\t<meta name=\"twitter:label2\" content=\"Tiempo de lectura\" \/>\n\t<meta name=\"twitter:data2\" content=\"5 minutos\" \/>\n<script type=\"application\/ld+json\" class=\"yoast-schema-graph\">{\"@context\":\"https:\/\/schema.org\",\"@graph\":[{\"@type\":\"Article\",\"@id\":\"https:\/\/cezannehr.com\/es\/hr-blog\/2019\/07\/desempeno-de-los-empleados-el-formulario-de-evaluacion\/#article\",\"isPartOf\":{\"@id\":\"https:\/\/cezannehr.com\/es\/hr-blog\/2019\/07\/desempeno-de-los-empleados-el-formulario-de-evaluacion\/\"},\"author\":{\"name\":\"Cristina Del Amo\",\"@id\":\"https:\/\/cezannehr.com\/es\/#\/schema\/person\/06fcb872e3d815d8b0a4b2d06c0a9ccd\"},\"headline\":\"Desempe\u00f1o de los empleados: el formulario de evaluaci\u00f3n\",\"datePublished\":\"2019-07-04T08:13:51+00:00\",\"dateModified\":\"2025-03-26T07:06:15+00:00\",\"mainEntityOfPage\":{\"@id\":\"https:\/\/cezannehr.com\/es\/hr-blog\/2019\/07\/desempeno-de-los-empleados-el-formulario-de-evaluacion\/\"},\"wordCount\":1135,\"commentCount\":0,\"publisher\":{\"@id\":\"https:\/\/cezannehr.com\/es\/#organization\"},\"image\":{\"@id\":\"https:\/\/cezannehr.com\/es\/hr-blog\/2019\/07\/desempeno-de-los-empleados-el-formulario-de-evaluacion\/#primaryimage\"},\"thumbnailUrl\":\"https:\/\/i0.wp.com\/cezannehr.com\/wp-content\/uploads\/2019\/07\/imagem-reuniao-funcionarios-empresa.jpg?fit=2121%2C1414&ssl=1\",\"articleSection\":[\"Evaluaci\u00f3n del desempe\u00f1o\"],\"inLanguage\":\"es\",\"potentialAction\":[{\"@type\":\"CommentAction\",\"name\":\"Comment\",\"target\":[\"https:\/\/cezannehr.com\/es\/hr-blog\/2019\/07\/desempeno-de-los-empleados-el-formulario-de-evaluacion\/#respond\"]}]},{\"@type\":\"WebPage\",\"@id\":\"https:\/\/cezannehr.com\/es\/hr-blog\/2019\/07\/desempeno-de-los-empleados-el-formulario-de-evaluacion\/\",\"url\":\"https:\/\/cezannehr.com\/es\/hr-blog\/2019\/07\/desempeno-de-los-empleados-el-formulario-de-evaluacion\/\",\"name\":\"Desempe\u00f1o de los empleados: el formulario de evaluaci\u00f3n - Cezanne HR\",\"isPartOf\":{\"@id\":\"https:\/\/cezannehr.com\/es\/#website\"},\"primaryImageOfPage\":{\"@id\":\"https:\/\/cezannehr.com\/es\/hr-blog\/2019\/07\/desempeno-de-los-empleados-el-formulario-de-evaluacion\/#primaryimage\"},\"image\":{\"@id\":\"https:\/\/cezannehr.com\/es\/hr-blog\/2019\/07\/desempeno-de-los-empleados-el-formulario-de-evaluacion\/#primaryimage\"},\"thumbnailUrl\":\"https:\/\/i0.wp.com\/cezannehr.com\/wp-content\/uploads\/2019\/07\/imagem-reuniao-funcionarios-empresa.jpg?fit=2121%2C1414&ssl=1\",\"datePublished\":\"2019-07-04T08:13:51+00:00\",\"dateModified\":\"2025-03-26T07:06:15+00:00\",\"description\":\"Mejora el rendimiento de tu equipo con nuestro formulario de evaluaci\u00f3n. Descubre c\u00f3mo potenciar el desempe\u00f1o de los empleados y optimiza tu negocio hoy mismo.\",\"breadcrumb\":{\"@id\":\"https:\/\/cezannehr.com\/es\/hr-blog\/2019\/07\/desempeno-de-los-empleados-el-formulario-de-evaluacion\/#breadcrumb\"},\"inLanguage\":\"es\",\"potentialAction\":[{\"@type\":\"ReadAction\",\"target\":[\"https:\/\/cezannehr.com\/es\/hr-blog\/2019\/07\/desempeno-de-los-empleados-el-formulario-de-evaluacion\/\"]}]},{\"@type\":\"ImageObject\",\"inLanguage\":\"es\",\"@id\":\"https:\/\/cezannehr.com\/es\/hr-blog\/2019\/07\/desempeno-de-los-empleados-el-formulario-de-evaluacion\/#primaryimage\",\"url\":\"https:\/\/i0.wp.com\/cezannehr.com\/wp-content\/uploads\/2019\/07\/imagem-reuniao-funcionarios-empresa.jpg?fit=2121%2C1414&ssl=1\",\"contentUrl\":\"https:\/\/i0.wp.com\/cezannehr.com\/wp-content\/uploads\/2019\/07\/imagem-reuniao-funcionarios-empresa.jpg?fit=2121%2C1414&ssl=1\",\"width\":2121,\"height\":1414,\"caption\":\"Seleccion de empleados\"},{\"@type\":\"BreadcrumbList\",\"@id\":\"https:\/\/cezannehr.com\/es\/hr-blog\/2019\/07\/desempeno-de-los-empleados-el-formulario-de-evaluacion\/#breadcrumb\",\"itemListElement\":[{\"@type\":\"ListItem\",\"position\":1,\"name\":\"Software HR\",\"item\":\"https:\/\/cezannehr.com\/es\/\"},{\"@type\":\"ListItem\",\"position\":2,\"name\":\"Desempe\u00f1o de los empleados: el formulario de evaluaci\u00f3n\"}]},{\"@type\":\"WebSite\",\"@id\":\"https:\/\/cezannehr.com\/es\/#website\",\"url\":\"https:\/\/cezannehr.com\/es\/\",\"name\":\"Cezanne HR\",\"description\":\"Gesti\u00f3n de empleados - Gesti\u00f3n de vacaciones\",\"publisher\":{\"@id\":\"https:\/\/cezannehr.com\/es\/#organization\"},\"potentialAction\":[{\"@type\":\"SearchAction\",\"target\":{\"@type\":\"EntryPoint\",\"urlTemplate\":\"https:\/\/cezannehr.com\/es\/?s={search_term_string}\"},\"query-input\":{\"@type\":\"PropertyValueSpecification\",\"valueRequired\":true,\"valueName\":\"search_term_string\"}}],\"inLanguage\":\"es\"},{\"@type\":\"Organization\",\"@id\":\"https:\/\/cezannehr.com\/es\/#organization\",\"name\":\"Cezanne HR\",\"url\":\"https:\/\/cezannehr.com\/es\/\",\"logo\":{\"@type\":\"ImageObject\",\"inLanguage\":\"es\",\"@id\":\"https:\/\/cezannehr.com\/es\/#\/schema\/logo\/image\/\",\"url\":\"https:\/\/cezannehr.com\/wp-content\/uploads\/2026\/01\/Cezanne_logo_2026_colour.svg\",\"contentUrl\":\"https:\/\/cezannehr.com\/wp-content\/uploads\/2026\/01\/Cezanne_logo_2026_colour.svg\",\"width\":1,\"height\":1,\"caption\":\"Cezanne HR\"},\"image\":{\"@id\":\"https:\/\/cezannehr.com\/es\/#\/schema\/logo\/image\/\"},\"sameAs\":[\"https:\/\/www.facebook.com\/CezanneHR\",\"https:\/\/x.com\/CezanneHR\",\"https:\/\/www.linkedin.com\/company\/cezanne-hr\",\"https:\/\/uk.pinterest.com\/CezanneHR\/\",\"https:\/\/www.youtube.com\/user\/CezanneHR\"],\"legalName\":\"Cezanne HR Limited\",\"contactPoint\":[{\"@type\":\"ContactPoint\",\"telephone\":\"+44-2072022727\",\"contactType\":\"customer service\"},{\"@type\":\"ContactPoint\",\"url\":\"https:\/\/support.cezannehr.com\",\"email\":\"support@cezannehr.com\",\"contactType\":\"customer support\"}]},{\"@type\":\"Person\",\"@id\":\"https:\/\/cezannehr.com\/es\/#\/schema\/person\/06fcb872e3d815d8b0a4b2d06c0a9ccd\",\"name\":\"Cristina Del Amo\",\"image\":{\"@type\":\"ImageObject\",\"inLanguage\":\"es\",\"@id\":\"https:\/\/cezannehr.com\/es\/#\/schema\/person\/image\/\",\"url\":\"https:\/\/secure.gravatar.com\/avatar\/e69a3d6d60252edb45aec9db8c9e02e89aaf857f92dc9e58d64f65c7d219d142?s=96&d=mm&r=g\",\"contentUrl\":\"https:\/\/secure.gravatar.com\/avatar\/e69a3d6d60252edb45aec9db8c9e02e89aaf857f92dc9e58d64f65c7d219d142?s=96&d=mm&r=g\",\"caption\":\"Cristina Del Amo\"},\"description\":\"Soy periodista, empresaria, emprendedora y madre. Licenciada en Ciencias de la Informaci\u00f3n por la Univ. Complutense de Madrid y M\u00e1ster en Gesti\u00f3n Comercial y Marketing, por la Escuela de Negocios ESIC, mi trayectoria profesional est\u00e1 ligada al entorno de la comunicaci\u00f3n, la gesti\u00f3n empresarial y los recursos humanos.\",\"url\":\"https:\/\/cezannehr.com\/es\/hr-blog\/author\/cdelamo\/\"}]}<\/script>\n<!-- \/ Yoast SEO Premium plugin. -->","yoast_head_json":{"title":"Desempe\u00f1o de los empleados: el formulario de evaluaci\u00f3n - Cezanne HR","description":"Mejora el rendimiento de tu equipo con nuestro formulario de evaluaci\u00f3n. Descubre c\u00f3mo potenciar el desempe\u00f1o de los empleados y optimiza tu negocio hoy mismo.","robots":{"index":"index","follow":"follow","max-snippet":"max-snippet:-1","max-image-preview":"max-image-preview:large","max-video-preview":"max-video-preview:-1"},"canonical":"https:\/\/cezannehr.com\/es\/hr-blog\/2019\/07\/desempeno-de-los-empleados-el-formulario-de-evaluacion\/","og_locale":"es_ES","og_type":"article","og_title":"Desempe\u00f1o de los empleados: el formulario de evaluaci\u00f3n","og_description":"Mejora el rendimiento de tu equipo con nuestro formulario de evaluaci\u00f3n. Descubre c\u00f3mo potenciar el desempe\u00f1o de los empleados y optimiza tu negocio hoy mismo.","og_url":"https:\/\/cezannehr.com\/es\/hr-blog\/2019\/07\/desempeno-de-los-empleados-el-formulario-de-evaluacion\/","og_site_name":"Cezanne HR","article_publisher":"https:\/\/www.facebook.com\/CezanneHR","article_published_time":"2019-07-04T08:13:51+00:00","article_modified_time":"2025-03-26T07:06:15+00:00","og_image":[{"width":2121,"height":1414,"url":"https:\/\/cezannehr.com\/wp-content\/uploads\/2019\/07\/imagem-reuniao-funcionarios-empresa.jpg","type":"image\/jpeg"}],"author":"Cristina Del Amo","twitter_card":"summary_large_image","twitter_creator":"@CezanneHR","twitter_site":"@CezanneHR","twitter_misc":{"Escrito por":"Cristina Del Amo","Tiempo de lectura":"5 minutos"},"schema":{"@context":"https:\/\/schema.org","@graph":[{"@type":"Article","@id":"https:\/\/cezannehr.com\/es\/hr-blog\/2019\/07\/desempeno-de-los-empleados-el-formulario-de-evaluacion\/#article","isPartOf":{"@id":"https:\/\/cezannehr.com\/es\/hr-blog\/2019\/07\/desempeno-de-los-empleados-el-formulario-de-evaluacion\/"},"author":{"name":"Cristina Del Amo","@id":"https:\/\/cezannehr.com\/es\/#\/schema\/person\/06fcb872e3d815d8b0a4b2d06c0a9ccd"},"headline":"Desempe\u00f1o de los empleados: el formulario de evaluaci\u00f3n","datePublished":"2019-07-04T08:13:51+00:00","dateModified":"2025-03-26T07:06:15+00:00","mainEntityOfPage":{"@id":"https:\/\/cezannehr.com\/es\/hr-blog\/2019\/07\/desempeno-de-los-empleados-el-formulario-de-evaluacion\/"},"wordCount":1135,"commentCount":0,"publisher":{"@id":"https:\/\/cezannehr.com\/es\/#organization"},"image":{"@id":"https:\/\/cezannehr.com\/es\/hr-blog\/2019\/07\/desempeno-de-los-empleados-el-formulario-de-evaluacion\/#primaryimage"},"thumbnailUrl":"https:\/\/i0.wp.com\/cezannehr.com\/wp-content\/uploads\/2019\/07\/imagem-reuniao-funcionarios-empresa.jpg?fit=2121%2C1414&ssl=1","articleSection":["Evaluaci\u00f3n del desempe\u00f1o"],"inLanguage":"es","potentialAction":[{"@type":"CommentAction","name":"Comment","target":["https:\/\/cezannehr.com\/es\/hr-blog\/2019\/07\/desempeno-de-los-empleados-el-formulario-de-evaluacion\/#respond"]}]},{"@type":"WebPage","@id":"https:\/\/cezannehr.com\/es\/hr-blog\/2019\/07\/desempeno-de-los-empleados-el-formulario-de-evaluacion\/","url":"https:\/\/cezannehr.com\/es\/hr-blog\/2019\/07\/desempeno-de-los-empleados-el-formulario-de-evaluacion\/","name":"Desempe\u00f1o de los empleados: el formulario de evaluaci\u00f3n - Cezanne HR","isPartOf":{"@id":"https:\/\/cezannehr.com\/es\/#website"},"primaryImageOfPage":{"@id":"https:\/\/cezannehr.com\/es\/hr-blog\/2019\/07\/desempeno-de-los-empleados-el-formulario-de-evaluacion\/#primaryimage"},"image":{"@id":"https:\/\/cezannehr.com\/es\/hr-blog\/2019\/07\/desempeno-de-los-empleados-el-formulario-de-evaluacion\/#primaryimage"},"thumbnailUrl":"https:\/\/i0.wp.com\/cezannehr.com\/wp-content\/uploads\/2019\/07\/imagem-reuniao-funcionarios-empresa.jpg?fit=2121%2C1414&ssl=1","datePublished":"2019-07-04T08:13:51+00:00","dateModified":"2025-03-26T07:06:15+00:00","description":"Mejora el rendimiento de tu equipo con nuestro formulario de evaluaci\u00f3n. Descubre c\u00f3mo potenciar el desempe\u00f1o de los empleados y optimiza tu negocio hoy mismo.","breadcrumb":{"@id":"https:\/\/cezannehr.com\/es\/hr-blog\/2019\/07\/desempeno-de-los-empleados-el-formulario-de-evaluacion\/#breadcrumb"},"inLanguage":"es","potentialAction":[{"@type":"ReadAction","target":["https:\/\/cezannehr.com\/es\/hr-blog\/2019\/07\/desempeno-de-los-empleados-el-formulario-de-evaluacion\/"]}]},{"@type":"ImageObject","inLanguage":"es","@id":"https:\/\/cezannehr.com\/es\/hr-blog\/2019\/07\/desempeno-de-los-empleados-el-formulario-de-evaluacion\/#primaryimage","url":"https:\/\/i0.wp.com\/cezannehr.com\/wp-content\/uploads\/2019\/07\/imagem-reuniao-funcionarios-empresa.jpg?fit=2121%2C1414&ssl=1","contentUrl":"https:\/\/i0.wp.com\/cezannehr.com\/wp-content\/uploads\/2019\/07\/imagem-reuniao-funcionarios-empresa.jpg?fit=2121%2C1414&ssl=1","width":2121,"height":1414,"caption":"Seleccion de empleados"},{"@type":"BreadcrumbList","@id":"https:\/\/cezannehr.com\/es\/hr-blog\/2019\/07\/desempeno-de-los-empleados-el-formulario-de-evaluacion\/#breadcrumb","itemListElement":[{"@type":"ListItem","position":1,"name":"Software HR","item":"https:\/\/cezannehr.com\/es\/"},{"@type":"ListItem","position":2,"name":"Desempe\u00f1o de los empleados: el formulario de evaluaci\u00f3n"}]},{"@type":"WebSite","@id":"https:\/\/cezannehr.com\/es\/#website","url":"https:\/\/cezannehr.com\/es\/","name":"Cezanne HR","description":"Gesti\u00f3n de empleados - Gesti\u00f3n de vacaciones","publisher":{"@id":"https:\/\/cezannehr.com\/es\/#organization"},"potentialAction":[{"@type":"SearchAction","target":{"@type":"EntryPoint","urlTemplate":"https:\/\/cezannehr.com\/es\/?s={search_term_string}"},"query-input":{"@type":"PropertyValueSpecification","valueRequired":true,"valueName":"search_term_string"}}],"inLanguage":"es"},{"@type":"Organization","@id":"https:\/\/cezannehr.com\/es\/#organization","name":"Cezanne HR","url":"https:\/\/cezannehr.com\/es\/","logo":{"@type":"ImageObject","inLanguage":"es","@id":"https:\/\/cezannehr.com\/es\/#\/schema\/logo\/image\/","url":"https:\/\/cezannehr.com\/wp-content\/uploads\/2026\/01\/Cezanne_logo_2026_colour.svg","contentUrl":"https:\/\/cezannehr.com\/wp-content\/uploads\/2026\/01\/Cezanne_logo_2026_colour.svg","width":1,"height":1,"caption":"Cezanne HR"},"image":{"@id":"https:\/\/cezannehr.com\/es\/#\/schema\/logo\/image\/"},"sameAs":["https:\/\/www.facebook.com\/CezanneHR","https:\/\/x.com\/CezanneHR","https:\/\/www.linkedin.com\/company\/cezanne-hr","https:\/\/uk.pinterest.com\/CezanneHR\/","https:\/\/www.youtube.com\/user\/CezanneHR"],"legalName":"Cezanne HR Limited","contactPoint":[{"@type":"ContactPoint","telephone":"+44-2072022727","contactType":"customer service"},{"@type":"ContactPoint","url":"https:\/\/support.cezannehr.com","email":"support@cezannehr.com","contactType":"customer support"}]},{"@type":"Person","@id":"https:\/\/cezannehr.com\/es\/#\/schema\/person\/06fcb872e3d815d8b0a4b2d06c0a9ccd","name":"Cristina Del Amo","image":{"@type":"ImageObject","inLanguage":"es","@id":"https:\/\/cezannehr.com\/es\/#\/schema\/person\/image\/","url":"https:\/\/secure.gravatar.com\/avatar\/e69a3d6d60252edb45aec9db8c9e02e89aaf857f92dc9e58d64f65c7d219d142?s=96&d=mm&r=g","contentUrl":"https:\/\/secure.gravatar.com\/avatar\/e69a3d6d60252edb45aec9db8c9e02e89aaf857f92dc9e58d64f65c7d219d142?s=96&d=mm&r=g","caption":"Cristina Del Amo"},"description":"Soy periodista, empresaria, emprendedora y madre. Licenciada en Ciencias de la Informaci\u00f3n por la Univ. Complutense de Madrid y M\u00e1ster en Gesti\u00f3n Comercial y Marketing, por la Escuela de Negocios ESIC, mi trayectoria profesional est\u00e1 ligada al entorno de la comunicaci\u00f3n, la gesti\u00f3n empresarial y los recursos humanos.","url":"https:\/\/cezannehr.com\/es\/hr-blog\/author\/cdelamo\/"}]}},"jetpack_featured_media_url":"https:\/\/i0.wp.com\/cezannehr.com\/wp-content\/uploads\/2019\/07\/imagem-reuniao-funcionarios-empresa.jpg?fit=2121%2C1414&ssl=1","jetpack_sharing_enabled":true,"amp_enabled":true,"_links":{"self":[{"href":"https:\/\/cezannehr.com\/es\/wp-json\/wp\/v2\/posts\/48734","targetHints":{"allow":["GET"]}}],"collection":[{"href":"https:\/\/cezannehr.com\/es\/wp-json\/wp\/v2\/posts"}],"about":[{"href":"https:\/\/cezannehr.com\/es\/wp-json\/wp\/v2\/types\/post"}],"author":[{"embeddable":true,"href":"https:\/\/cezannehr.com\/es\/wp-json\/wp\/v2\/users\/56"}],"replies":[{"embeddable":true,"href":"https:\/\/cezannehr.com\/es\/wp-json\/wp\/v2\/comments?post=48734"}],"version-history":[{"count":0,"href":"https:\/\/cezannehr.com\/es\/wp-json\/wp\/v2\/posts\/48734\/revisions"}],"wp:featuredmedia":[{"embeddable":true,"href":"https:\/\/cezannehr.com\/es\/wp-json\/wp\/v2\/media\/48706"}],"wp:attachment":[{"href":"https:\/\/cezannehr.com\/es\/wp-json\/wp\/v2\/media?parent=48734"}],"wp:term":[{"taxonomy":"category","embeddable":true,"href":"https:\/\/cezannehr.com\/es\/wp-json\/wp\/v2\/categories?post=48734"},{"taxonomy":"post_tag","embeddable":true,"href":"https:\/\/cezannehr.com\/es\/wp-json\/wp\/v2\/tags?post=48734"}],"curies":[{"name":"wp","href":"https:\/\/api.w.org\/{rel}","templated":true}]}}