{"id":53820,"date":"2020-02-13T08:51:27","date_gmt":"2020-02-13T08:51:27","guid":{"rendered":"https:\/\/cezannehr.com\/?p=53820"},"modified":"2020-10-08T17:11:49","modified_gmt":"2020-10-08T17:11:49","slug":"reflexiones-sobre-cultura-y-valores-que-son-y-por-que-son-importantes-para-cezanne-hr","status":"publish","type":"post","link":"https:\/\/cezannehr.com\/es\/hr-blog\/2020\/02\/reflexiones-sobre-cultura-y-valores-que-son-y-por-que-son-importantes-para-cezanne-hr\/","title":{"rendered":"Reflexiones sobre cultura y valores: qu\u00e9 son y por qu\u00e9 son importantes para Cezanne HR"},"content":{"rendered":"<p>En <a href=\"https:\/\/cezannehr.com\/es\/\">Cezanne HR<\/a> disfrutamos de unas relaciones de trabajo s\u00f3lidas y de confianza con nuestros clientes. Nuestra cultura de empresa confiere una importancia clave a la creaci\u00f3n y afianzamiento de las relaciones con el cliente. La importancia de la cultura corporativa se ha debatido durante mucho tiempo, abordando temas que van desde la diversidad hasta la productividad o el c\u00f3mo evitar la toxicidad. A continuaci\u00f3n, comparto con vosotros algunas reflexiones personales sobre qu\u00e9 es la cultura de empresa, lo que significa para nosotros y por qu\u00e9 nos hace fuertes.<\/p>\n<p>Comenzamos este nuevo a\u00f1o -2020- con una reuni\u00f3n de todo el equipo en la que establecimos nuestra agenda, nuestras metas y las prioridades para el a\u00f1o pr\u00f3ximo y los siguientes.\u00a0 Despu\u00e9s de las formalidades, debatimos sobre cu\u00e1l es realmente la cultura de Cezanne HR.<\/p>\n<p>Lo que m\u00e1s me llam\u00f3 la atenci\u00f3n fueron las similitudes en las respuestas de cada uno de nosotros y la medida en la que todas las \u00e1reas de la organizaci\u00f3n -desarrollo, soporte, comercial- perciben e interiorizan la visi\u00f3n y el prop\u00f3sito de la compa\u00f1\u00eda. Tambi\u00e9n me pareci\u00f3, <strong>particularmente relevante, que todos supieran el papel que desempe\u00f1an dentro de la organizaci\u00f3n y, c\u00f3mo su aportaci\u00f3n, impacta sobre el negoci<\/strong>o.<\/p>\n<p><img data-recalc-dims=\"1\" decoding=\"async\" class=\"aligncenter wp-image-49083 size-full\" src=\"https:\/\/i0.wp.com\/cezannehr.com\/wp-content\/uploads\/2019\/07\/Simplify-how-you-manage-your-global-workforce-YMAL.png?resize=446%2C259&#038;ssl=1\" alt=\"illustration of people holding hands around a globe\" width=\"446\" height=\"259\" srcset=\"https:\/\/i0.wp.com\/cezannehr.com\/wp-content\/uploads\/2019\/07\/Simplify-how-you-manage-your-global-workforce-YMAL.png?w=446&amp;ssl=1 446w, https:\/\/i0.wp.com\/cezannehr.com\/wp-content\/uploads\/2019\/07\/Simplify-how-you-manage-your-global-workforce-YMAL.png?resize=300%2C174&amp;ssl=1 300w\" sizes=\"(max-width: 446px) 100vw, 446px\" \/><\/p>\n<p>En pocas palabras, nuestro prop\u00f3sito se basa en una idea central: <strong>ofrecer un software moderno de recursos humanos que brinde a las organizaciones medianas la flexibilidad de hacer los recursos humanos a su maner<\/strong>a.\u00a0Esto significa tener una cultura que sea colaborativa, amigable, flexible, diversa y de confianza.\u00a0Sin m\u00e1s pre\u00e1mbulos, aqu\u00ed est\u00e1n los 5 ingredientes que incluye la cultura de Cezanne HR.<\/p>\n<h3>1. Colaboraci\u00f3n<\/h3>\n<p>Muy a menudo los fracasos comerciales se deben a una mala comunicaci\u00f3n.\u00a0Afortunadamente en Cezanne HR, <strong>la colaboraci\u00f3n es una de nuestras mayores fortalezas<\/strong>.\u00a0Esto se debe principalmente a la facilidad de comunicaci\u00f3n.<\/p>\n<p>Nuestra estructura organizativa no jer\u00e1rquica significa que todos somos accesibles y comprensivos.\u00a0Adem\u00e1s, nuestras oficinas de planta abierta significan que, si bien tenemos roles y capacidades diferentes, todos somos un equipo y estamos comprometidos con un prop\u00f3sito: nuestros clientes.\u00a0Todos en la oficina est\u00e1n involucrados, y <strong>se reconocen las contribuciones de todos<\/strong>.\u00a0Esto sirve para crear un entorno donde la comunicaci\u00f3n sea fluida y donde nuestros objetivos, estrategias y estructura est\u00e9n alineados con nuestro prop\u00f3sito.<\/p>\n<p>De hecho, la <strong>alineaci\u00f3n organizacional es una de las cualidades m\u00e1s importantes<\/strong> por las que nos esforzamos.\u00a0Se organizan reuniones peri\u00f3dicas: cara a cara, en l\u00ednea o de cualquier manera que sea posible.<\/p>\n<p>La tecnolog\u00eda tambi\u00e9n es extremadamente importante para lograr la conectividad en todas las \u00e1reas del negocio.\u00a0Ya sea para mantener l\u00edneas regulares de comunicaci\u00f3n entre nuestras oficinas de Londres, Glasgow, Italia o Espa\u00f1a, o para involucrar a nuestros trabajadores independientes y teletrabajadores, hacemos <strong>uso de los canales digitales disponibles para mantener a todos informados<\/strong> y lograr mejor nuestro prop\u00f3sito.<\/p>\n<h3>2. Diversidad<\/h3>\n<p>En Cezanne HR, somos una familia internacional.\u00a0Nuestros or\u00edgenes se extienden por todo el mundo, con oficinas que abarcan desde Londres hasta Glasgow, Italia o Espa\u00f1a.<\/p>\n<p>Pero m\u00e1s all\u00e1 de nuestro alcance internacional, tambi\u00e9n venimos de diferentes experiencias, niveles de formaci\u00f3n y generaciones.\u00a0<strong>Nuestra diversidad nos brinda una mejor percepci\u00f3n del cliente, una innovaci\u00f3n mejorada y un mayor compromiso de los empleados<\/strong>.<\/p>\n<p>En \u00faltima instancia, con muchos estilos de trabajo diferentes, todos trabajando juntos para lograr los mismos fines, podemos evaluar y ver los problemas desde diferentes \u00e1ngulos y resolverlos de formas nuevas y emocionantes.<\/p>\n<h3>3. Respeto<\/h3>\n<p>En Cezanne HR, no creemos en la c\u00ednica \u00absabidur\u00eda\u00bb de que los negocios son un juego de tiburones.\u00a0Nos esforzamos por evitar la pol\u00edtica entre oficinas, las camarillas y la cultura de la culpa.\u00a0M\u00e1s bien, nos esforzamos por <strong>mantener un ambiente familiar, acogedor y agradable, pero profesional, que mantenga a nuestra gente motivada para hacerlo bien<\/strong>.<\/p>\n<p>Mantenemos una cultura de respeto entre nuestros empleados, que se traduce y transfiere a todos los departamentos, cargos, niveles de experiencia, edad y otros factores.\u00a0Armado con <strong>un equipo de liderazgo amigable y accesible, la fuerza laboral de Cezanne HR est\u00e1 facultada para ser due\u00f1a de su trabajo con confianza<\/strong>, lo que da resultados positivos en todas las \u00e1reas del negocio.<\/p>\n<p>Por ejemplo, tomamos nuestra incorporaci\u00f3n muy en serio.\u00a0Cuando se trata de nuevas contrataciones, nuestro objetivo es hacer que su transici\u00f3n sea lo m\u00e1s f\u00e1cil posible para resolverlos r\u00e1pidamente y fomentar la confianza.\u00a0Hacemos todo lo posible para darles la bienvenida a la familia.\u00a0Los calendarios tambi\u00e9n se mantienen ocupados con eventos y eventos sociales de la empresa para mostrar su agradecimiento al personal.<\/p>\n<h3>4. Integridad<\/h3>\n<p>En Cezanne HR, no se trata solo de entregar el trabajo, sino tambi\u00e9n de c\u00f3mo lo hacemos y la integridad con la que lo hacemos.<\/p>\n<p>Una forma poderosa de aplicar integridad en nuestro trabajo se relaciona con la seguridad.\u00a0Con los desarrollos en torno a\u00a0la privacidad y la <a href=\"https:\/\/cezannehr.com\/es\/servicios\/seguridad-de-la-informacion\/\">seguridad de los datos<\/a>, y la llegada del GDPR, la integridad en el manejo de datos nunca ha sido m\u00e1s relevante. Como sistema de recursos humanos basado en la nube, esto es de suma importancia para nosotros y define todo lo que hacemos. Por lo tanto, <strong>todos nuestros empleados est\u00e1n capacitados en seguridad de datos y nuestras responsabilidades ISO, por lo que entienden c\u00f3mo abordar los datos del cliente y los materiales confidenciales<\/strong>. BSI nos certific\u00f3 seg\u00fan ISO27001: 2013 y nos enorgullecemos de nuestro compromiso con la seguridad.<\/p>\n<p>Nos tomamos en serio la <strong>entrega a nuestros clientes de una soluci\u00f3n que siempre evoluciona para satisfacer sus necesidades en respuesta a sus comentarios<\/strong>.\u00a0Con nuestros equipos de desarrollo optimizando continuamente la funcionalidad y con nuestro equipo de soporte yendo m\u00e1s all\u00e1 para responder a todas las consultas de nuestros clientes, grandes o peque\u00f1os, llegamos m\u00e1s lejos para brindar un servicio por encima, a\u00fan, del que se espera de nosotros.<\/p>\n<h3>5. Confianza<\/h3>\n<p>Adem\u00e1s de la confianza de nuestros clientes, la confianza dentro de nuestra fuerza laboral es de gran importancia para nosotros.\u00a0No hay micro-gesti\u00f3n, expectativas irrazonables, ni presi\u00f3n.\u00a0<strong>El liderazgo eficiente consiste en confiar en los trabajadores, comprender sus responsabilidades y ayudarles a mantener el rendimiento esperado<\/strong>.\u00a0Una de las demostraciones m\u00e1s preciadas de esta confianza es el apoyo de la compa\u00f1\u00eda a la flexibilidad en el lugar de trabajo.\u00a0Por ejemplo, el teletrabajo es un modelo habitual y muy reconocido entre los trabajadores de Cezanne HR. <strong>Ofrecer la capacidad de dar forma a los deberes en torno a otros compromisos, ya sean familiares, de voluntariado, de desarrollo profesional,<\/strong> etc., es una excelente forma de mantener a los empleados comprometidos y motivados, en lugar de aplicar pol\u00edticas r\u00edgidas en la oficina.<\/p>\n<p>La tecnolog\u00eda mantiene a todos informados y todos sabemos lo que se espera de nosotros.\u00a0Del mismo modo, la confianza que permite que esto funcione con \u00e9xito tambi\u00e9n mejora nuestro enfoque de colaboraci\u00f3n al mejorar la confianza entre colegas.<\/p>\n<p><strong>Nuestra cultura es nuestra visi\u00f3n<\/strong>.\u00a0<strong>Es un prop\u00f3sito que conecta a nuestros empleados dentro de nuestra organizaci\u00f3n y hace que nuestra gente est\u00e9 feliz de trabajar juntos y que nuestros clientes est\u00e9n felices de usar nuestros servicios<\/strong>.\u00a0Esto es lo que significa la cultura para nosotros y por qu\u00e9 es tan importante.<\/p>\n<p>Para obtener m\u00e1s informaci\u00f3n sobre la cultura corporativa y por qu\u00e9 es tan importante hacerlo bien, pincha <a href=\"https:\/\/cezannehr.com\/es\/hr-blog\/2019\/01\/cultura-corporativa-un-imperativo-para-recursos-humanos\/\">aqu\u00ed<\/a>.<\/p>\n","protected":false},"excerpt":{"rendered":"<p>En Cezanne HR disfrutamos de unas relaciones de trabajo s\u00f3lidas y de confianza con nuestros clientes. Nuestra cultura de empresa confiere una importancia clave a la creaci\u00f3n y afianzamiento de las relaciones con el cliente. La importancia de la cultura [&hellip;]<\/p>\n","protected":false},"author":56,"featured_media":49083,"comment_status":"closed","ping_status":"closed","sticky":false,"template":"","format":"standard","meta":{"_acf_changed":false,"_jetpack_memberships_contains_paid_content":false,"footnotes":""},"categories":[1030,869],"tags":[],"class_list":{"0":"post-53820","1":"post","2":"type-post","3":"status-publish","4":"format-standard","5":"has-post-thumbnail","7":"category-engagement","8":"category-motivacion","9":"cz_entry"},"acf":[],"yoast_head":"<!-- This site is optimized with the Yoast SEO Premium plugin v26.3 (Yoast SEO v26.3) - https:\/\/yoast.com\/wordpress\/plugins\/seo\/ -->\n<title>Reflexiones sobre cultural y valores - Cezanne HR<\/title>\n<meta name=\"description\" content=\"Reflexiones sobre cultura y valores: qu\u00e9 son y por qu\u00e9 son importantes para Cezanne HR.\" \/>\n<meta name=\"robots\" content=\"index, follow, max-snippet:-1, max-image-preview:large, max-video-preview:-1\" \/>\n<link rel=\"canonical\" href=\"https:\/\/cezannehr.com\/es\/hr-blog\/2020\/02\/reflexiones-sobre-cultura-y-valores-que-son-y-por-que-son-importantes-para-cezanne-hr\/\" \/>\n<meta property=\"og:locale\" content=\"es_ES\" \/>\n<meta property=\"og:type\" content=\"article\" \/>\n<meta property=\"og:title\" content=\"Reflexiones sobre cultura y valores: qu\u00e9 son y por qu\u00e9 son importantes para Cezanne HR\" \/>\n<meta property=\"og:description\" content=\"Reflexiones sobre cultura y valores: qu\u00e9 son y por qu\u00e9 son importantes para Cezanne HR.\" \/>\n<meta property=\"og:url\" content=\"https:\/\/cezannehr.com\/es\/hr-blog\/2020\/02\/reflexiones-sobre-cultura-y-valores-que-son-y-por-que-son-importantes-para-cezanne-hr\/\" \/>\n<meta property=\"og:site_name\" content=\"Cezanne HR\" \/>\n<meta property=\"article:publisher\" content=\"https:\/\/www.facebook.com\/CezanneHR\" \/>\n<meta property=\"article:published_time\" content=\"2020-02-13T08:51:27+00:00\" \/>\n<meta property=\"article:modified_time\" content=\"2020-10-08T17:11:49+00:00\" \/>\n<meta property=\"og:image\" content=\"https:\/\/i0.wp.com\/cezannehr.com\/wp-content\/uploads\/2019\/07\/Simplify-how-you-manage-your-global-workforce-YMAL.png?fit=446%2C259&ssl=1\" \/>\n\t<meta property=\"og:image:width\" content=\"446\" \/>\n\t<meta property=\"og:image:height\" content=\"259\" \/>\n\t<meta property=\"og:image:type\" content=\"image\/png\" \/>\n<meta name=\"author\" content=\"Cristina Del Amo\" \/>\n<meta name=\"twitter:card\" content=\"summary_large_image\" \/>\n<meta name=\"twitter:creator\" content=\"@CezanneHR\" \/>\n<meta name=\"twitter:site\" content=\"@CezanneHR\" \/>\n<meta name=\"twitter:label1\" content=\"Escrito por\" \/>\n\t<meta name=\"twitter:data1\" content=\"Cristina Del Amo\" \/>\n\t<meta name=\"twitter:label2\" content=\"Tiempo de lectura\" \/>\n\t<meta name=\"twitter:data2\" content=\"6 minutos\" \/>\n<script type=\"application\/ld+json\" class=\"yoast-schema-graph\">{\"@context\":\"https:\/\/schema.org\",\"@graph\":[{\"@type\":\"Article\",\"@id\":\"https:\/\/cezannehr.com\/es\/hr-blog\/2020\/02\/reflexiones-sobre-cultura-y-valores-que-son-y-por-que-son-importantes-para-cezanne-hr\/#article\",\"isPartOf\":{\"@id\":\"https:\/\/cezannehr.com\/es\/hr-blog\/2020\/02\/reflexiones-sobre-cultura-y-valores-que-son-y-por-que-son-importantes-para-cezanne-hr\/\"},\"author\":{\"name\":\"Cristina Del Amo\",\"@id\":\"https:\/\/cezannehr.com\/es\/#\/schema\/person\/06fcb872e3d815d8b0a4b2d06c0a9ccd\"},\"headline\":\"Reflexiones sobre cultura y valores: qu\u00e9 son y por qu\u00e9 son importantes para Cezanne HR\",\"datePublished\":\"2020-02-13T08:51:27+00:00\",\"dateModified\":\"2020-10-08T17:11:49+00:00\",\"mainEntityOfPage\":{\"@id\":\"https:\/\/cezannehr.com\/es\/hr-blog\/2020\/02\/reflexiones-sobre-cultura-y-valores-que-son-y-por-que-son-importantes-para-cezanne-hr\/\"},\"wordCount\":1297,\"publisher\":{\"@id\":\"https:\/\/cezannehr.com\/es\/#organization\"},\"image\":{\"@id\":\"https:\/\/cezannehr.com\/es\/hr-blog\/2020\/02\/reflexiones-sobre-cultura-y-valores-que-son-y-por-que-son-importantes-para-cezanne-hr\/#primaryimage\"},\"thumbnailUrl\":\"https:\/\/i0.wp.com\/cezannehr.com\/wp-content\/uploads\/2019\/07\/Simplify-how-you-manage-your-global-workforce-YMAL.png?fit=446%2C259&ssl=1\",\"articleSection\":[\"Engagement\",\"Motivaci\u00f3n\"],\"inLanguage\":\"es\"},{\"@type\":\"WebPage\",\"@id\":\"https:\/\/cezannehr.com\/es\/hr-blog\/2020\/02\/reflexiones-sobre-cultura-y-valores-que-son-y-por-que-son-importantes-para-cezanne-hr\/\",\"url\":\"https:\/\/cezannehr.com\/es\/hr-blog\/2020\/02\/reflexiones-sobre-cultura-y-valores-que-son-y-por-que-son-importantes-para-cezanne-hr\/\",\"name\":\"Reflexiones sobre cultural y valores - Cezanne HR\",\"isPartOf\":{\"@id\":\"https:\/\/cezannehr.com\/es\/#website\"},\"primaryImageOfPage\":{\"@id\":\"https:\/\/cezannehr.com\/es\/hr-blog\/2020\/02\/reflexiones-sobre-cultura-y-valores-que-son-y-por-que-son-importantes-para-cezanne-hr\/#primaryimage\"},\"image\":{\"@id\":\"https:\/\/cezannehr.com\/es\/hr-blog\/2020\/02\/reflexiones-sobre-cultura-y-valores-que-son-y-por-que-son-importantes-para-cezanne-hr\/#primaryimage\"},\"thumbnailUrl\":\"https:\/\/i0.wp.com\/cezannehr.com\/wp-content\/uploads\/2019\/07\/Simplify-how-you-manage-your-global-workforce-YMAL.png?fit=446%2C259&ssl=1\",\"datePublished\":\"2020-02-13T08:51:27+00:00\",\"dateModified\":\"2020-10-08T17:11:49+00:00\",\"description\":\"Reflexiones sobre cultura y valores: qu\u00e9 son y por qu\u00e9 son importantes para Cezanne HR.\",\"breadcrumb\":{\"@id\":\"https:\/\/cezannehr.com\/es\/hr-blog\/2020\/02\/reflexiones-sobre-cultura-y-valores-que-son-y-por-que-son-importantes-para-cezanne-hr\/#breadcrumb\"},\"inLanguage\":\"es\",\"potentialAction\":[{\"@type\":\"ReadAction\",\"target\":[\"https:\/\/cezannehr.com\/es\/hr-blog\/2020\/02\/reflexiones-sobre-cultura-y-valores-que-son-y-por-que-son-importantes-para-cezanne-hr\/\"]}]},{\"@type\":\"ImageObject\",\"inLanguage\":\"es\",\"@id\":\"https:\/\/cezannehr.com\/es\/hr-blog\/2020\/02\/reflexiones-sobre-cultura-y-valores-que-son-y-por-que-son-importantes-para-cezanne-hr\/#primaryimage\",\"url\":\"https:\/\/i0.wp.com\/cezannehr.com\/wp-content\/uploads\/2019\/07\/Simplify-how-you-manage-your-global-workforce-YMAL.png?fit=446%2C259&ssl=1\",\"contentUrl\":\"https:\/\/i0.wp.com\/cezannehr.com\/wp-content\/uploads\/2019\/07\/Simplify-how-you-manage-your-global-workforce-YMAL.png?fit=446%2C259&ssl=1\",\"width\":446,\"height\":259,\"caption\":\"illustration of people holding hands around a globe\"},{\"@type\":\"BreadcrumbList\",\"@id\":\"https:\/\/cezannehr.com\/es\/hr-blog\/2020\/02\/reflexiones-sobre-cultura-y-valores-que-son-y-por-que-son-importantes-para-cezanne-hr\/#breadcrumb\",\"itemListElement\":[{\"@type\":\"ListItem\",\"position\":1,\"name\":\"Software HR\",\"item\":\"https:\/\/cezannehr.com\/es\/\"},{\"@type\":\"ListItem\",\"position\":2,\"name\":\"Reflexiones sobre cultura y valores: qu\u00e9 son y por qu\u00e9 son importantes para Cezanne HR\"}]},{\"@type\":\"WebSite\",\"@id\":\"https:\/\/cezannehr.com\/es\/#website\",\"url\":\"https:\/\/cezannehr.com\/es\/\",\"name\":\"Cezanne HR\",\"description\":\"Gesti\u00f3n de empleados - Gesti\u00f3n de vacaciones\",\"publisher\":{\"@id\":\"https:\/\/cezannehr.com\/es\/#organization\"},\"potentialAction\":[{\"@type\":\"SearchAction\",\"target\":{\"@type\":\"EntryPoint\",\"urlTemplate\":\"https:\/\/cezannehr.com\/es\/?s={search_term_string}\"},\"query-input\":{\"@type\":\"PropertyValueSpecification\",\"valueRequired\":true,\"valueName\":\"search_term_string\"}}],\"inLanguage\":\"es\"},{\"@type\":\"Organization\",\"@id\":\"https:\/\/cezannehr.com\/es\/#organization\",\"name\":\"Cezanne HR\",\"url\":\"https:\/\/cezannehr.com\/es\/\",\"logo\":{\"@type\":\"ImageObject\",\"inLanguage\":\"es\",\"@id\":\"https:\/\/cezannehr.com\/es\/#\/schema\/logo\/image\/\",\"url\":\"https:\/\/cezannehr.com\/wp-content\/uploads\/2026\/01\/Cezanne_logo_2026_colour.svg\",\"contentUrl\":\"https:\/\/cezannehr.com\/wp-content\/uploads\/2026\/01\/Cezanne_logo_2026_colour.svg\",\"width\":1,\"height\":1,\"caption\":\"Cezanne HR\"},\"image\":{\"@id\":\"https:\/\/cezannehr.com\/es\/#\/schema\/logo\/image\/\"},\"sameAs\":[\"https:\/\/www.facebook.com\/CezanneHR\",\"https:\/\/x.com\/CezanneHR\",\"https:\/\/www.linkedin.com\/company\/cezanne-hr\",\"https:\/\/uk.pinterest.com\/CezanneHR\/\",\"https:\/\/www.youtube.com\/user\/CezanneHR\"],\"legalName\":\"Cezanne HR Limited\",\"contactPoint\":[{\"@type\":\"ContactPoint\",\"telephone\":\"+44-2072022727\",\"contactType\":\"customer service\"},{\"@type\":\"ContactPoint\",\"url\":\"https:\/\/support.cezannehr.com\",\"email\":\"support@cezannehr.com\",\"contactType\":\"customer support\"}]},{\"@type\":\"Person\",\"@id\":\"https:\/\/cezannehr.com\/es\/#\/schema\/person\/06fcb872e3d815d8b0a4b2d06c0a9ccd\",\"name\":\"Cristina Del Amo\",\"image\":{\"@type\":\"ImageObject\",\"inLanguage\":\"es\",\"@id\":\"https:\/\/cezannehr.com\/es\/#\/schema\/person\/image\/\",\"url\":\"https:\/\/secure.gravatar.com\/avatar\/e69a3d6d60252edb45aec9db8c9e02e89aaf857f92dc9e58d64f65c7d219d142?s=96&d=mm&r=g\",\"contentUrl\":\"https:\/\/secure.gravatar.com\/avatar\/e69a3d6d60252edb45aec9db8c9e02e89aaf857f92dc9e58d64f65c7d219d142?s=96&d=mm&r=g\",\"caption\":\"Cristina Del Amo\"},\"description\":\"Soy periodista, empresaria, emprendedora y madre. Licenciada en Ciencias de la Informaci\u00f3n por la Univ. Complutense de Madrid y M\u00e1ster en Gesti\u00f3n Comercial y Marketing, por la Escuela de Negocios ESIC, mi trayectoria profesional est\u00e1 ligada al entorno de la comunicaci\u00f3n, la gesti\u00f3n empresarial y los recursos humanos.\",\"url\":\"https:\/\/cezannehr.com\/es\/hr-blog\/author\/cdelamo\/\"}]}<\/script>\n<!-- \/ Yoast SEO Premium plugin. -->","yoast_head_json":{"title":"Reflexiones sobre cultural y valores - Cezanne HR","description":"Reflexiones sobre cultura y valores: qu\u00e9 son y por qu\u00e9 son importantes para Cezanne HR.","robots":{"index":"index","follow":"follow","max-snippet":"max-snippet:-1","max-image-preview":"max-image-preview:large","max-video-preview":"max-video-preview:-1"},"canonical":"https:\/\/cezannehr.com\/es\/hr-blog\/2020\/02\/reflexiones-sobre-cultura-y-valores-que-son-y-por-que-son-importantes-para-cezanne-hr\/","og_locale":"es_ES","og_type":"article","og_title":"Reflexiones sobre cultura y valores: qu\u00e9 son y por qu\u00e9 son importantes para Cezanne HR","og_description":"Reflexiones sobre cultura y valores: qu\u00e9 son y por qu\u00e9 son importantes para Cezanne HR.","og_url":"https:\/\/cezannehr.com\/es\/hr-blog\/2020\/02\/reflexiones-sobre-cultura-y-valores-que-son-y-por-que-son-importantes-para-cezanne-hr\/","og_site_name":"Cezanne HR","article_publisher":"https:\/\/www.facebook.com\/CezanneHR","article_published_time":"2020-02-13T08:51:27+00:00","article_modified_time":"2020-10-08T17:11:49+00:00","og_image":[{"width":446,"height":259,"url":"https:\/\/i0.wp.com\/cezannehr.com\/wp-content\/uploads\/2019\/07\/Simplify-how-you-manage-your-global-workforce-YMAL.png?fit=446%2C259&ssl=1","type":"image\/png"}],"author":"Cristina Del Amo","twitter_card":"summary_large_image","twitter_creator":"@CezanneHR","twitter_site":"@CezanneHR","twitter_misc":{"Escrito por":"Cristina Del Amo","Tiempo de lectura":"6 minutos"},"schema":{"@context":"https:\/\/schema.org","@graph":[{"@type":"Article","@id":"https:\/\/cezannehr.com\/es\/hr-blog\/2020\/02\/reflexiones-sobre-cultura-y-valores-que-son-y-por-que-son-importantes-para-cezanne-hr\/#article","isPartOf":{"@id":"https:\/\/cezannehr.com\/es\/hr-blog\/2020\/02\/reflexiones-sobre-cultura-y-valores-que-son-y-por-que-son-importantes-para-cezanne-hr\/"},"author":{"name":"Cristina Del Amo","@id":"https:\/\/cezannehr.com\/es\/#\/schema\/person\/06fcb872e3d815d8b0a4b2d06c0a9ccd"},"headline":"Reflexiones sobre cultura y valores: qu\u00e9 son y por qu\u00e9 son importantes para Cezanne HR","datePublished":"2020-02-13T08:51:27+00:00","dateModified":"2020-10-08T17:11:49+00:00","mainEntityOfPage":{"@id":"https:\/\/cezannehr.com\/es\/hr-blog\/2020\/02\/reflexiones-sobre-cultura-y-valores-que-son-y-por-que-son-importantes-para-cezanne-hr\/"},"wordCount":1297,"publisher":{"@id":"https:\/\/cezannehr.com\/es\/#organization"},"image":{"@id":"https:\/\/cezannehr.com\/es\/hr-blog\/2020\/02\/reflexiones-sobre-cultura-y-valores-que-son-y-por-que-son-importantes-para-cezanne-hr\/#primaryimage"},"thumbnailUrl":"https:\/\/i0.wp.com\/cezannehr.com\/wp-content\/uploads\/2019\/07\/Simplify-how-you-manage-your-global-workforce-YMAL.png?fit=446%2C259&ssl=1","articleSection":["Engagement","Motivaci\u00f3n"],"inLanguage":"es"},{"@type":"WebPage","@id":"https:\/\/cezannehr.com\/es\/hr-blog\/2020\/02\/reflexiones-sobre-cultura-y-valores-que-son-y-por-que-son-importantes-para-cezanne-hr\/","url":"https:\/\/cezannehr.com\/es\/hr-blog\/2020\/02\/reflexiones-sobre-cultura-y-valores-que-son-y-por-que-son-importantes-para-cezanne-hr\/","name":"Reflexiones sobre cultural y valores - Cezanne HR","isPartOf":{"@id":"https:\/\/cezannehr.com\/es\/#website"},"primaryImageOfPage":{"@id":"https:\/\/cezannehr.com\/es\/hr-blog\/2020\/02\/reflexiones-sobre-cultura-y-valores-que-son-y-por-que-son-importantes-para-cezanne-hr\/#primaryimage"},"image":{"@id":"https:\/\/cezannehr.com\/es\/hr-blog\/2020\/02\/reflexiones-sobre-cultura-y-valores-que-son-y-por-que-son-importantes-para-cezanne-hr\/#primaryimage"},"thumbnailUrl":"https:\/\/i0.wp.com\/cezannehr.com\/wp-content\/uploads\/2019\/07\/Simplify-how-you-manage-your-global-workforce-YMAL.png?fit=446%2C259&ssl=1","datePublished":"2020-02-13T08:51:27+00:00","dateModified":"2020-10-08T17:11:49+00:00","description":"Reflexiones sobre cultura y valores: qu\u00e9 son y por qu\u00e9 son importantes para Cezanne HR.","breadcrumb":{"@id":"https:\/\/cezannehr.com\/es\/hr-blog\/2020\/02\/reflexiones-sobre-cultura-y-valores-que-son-y-por-que-son-importantes-para-cezanne-hr\/#breadcrumb"},"inLanguage":"es","potentialAction":[{"@type":"ReadAction","target":["https:\/\/cezannehr.com\/es\/hr-blog\/2020\/02\/reflexiones-sobre-cultura-y-valores-que-son-y-por-que-son-importantes-para-cezanne-hr\/"]}]},{"@type":"ImageObject","inLanguage":"es","@id":"https:\/\/cezannehr.com\/es\/hr-blog\/2020\/02\/reflexiones-sobre-cultura-y-valores-que-son-y-por-que-son-importantes-para-cezanne-hr\/#primaryimage","url":"https:\/\/i0.wp.com\/cezannehr.com\/wp-content\/uploads\/2019\/07\/Simplify-how-you-manage-your-global-workforce-YMAL.png?fit=446%2C259&ssl=1","contentUrl":"https:\/\/i0.wp.com\/cezannehr.com\/wp-content\/uploads\/2019\/07\/Simplify-how-you-manage-your-global-workforce-YMAL.png?fit=446%2C259&ssl=1","width":446,"height":259,"caption":"illustration of people holding hands around a globe"},{"@type":"BreadcrumbList","@id":"https:\/\/cezannehr.com\/es\/hr-blog\/2020\/02\/reflexiones-sobre-cultura-y-valores-que-son-y-por-que-son-importantes-para-cezanne-hr\/#breadcrumb","itemListElement":[{"@type":"ListItem","position":1,"name":"Software HR","item":"https:\/\/cezannehr.com\/es\/"},{"@type":"ListItem","position":2,"name":"Reflexiones sobre cultura y valores: qu\u00e9 son y por qu\u00e9 son importantes para Cezanne HR"}]},{"@type":"WebSite","@id":"https:\/\/cezannehr.com\/es\/#website","url":"https:\/\/cezannehr.com\/es\/","name":"Cezanne HR","description":"Gesti\u00f3n de empleados - Gesti\u00f3n de vacaciones","publisher":{"@id":"https:\/\/cezannehr.com\/es\/#organization"},"potentialAction":[{"@type":"SearchAction","target":{"@type":"EntryPoint","urlTemplate":"https:\/\/cezannehr.com\/es\/?s={search_term_string}"},"query-input":{"@type":"PropertyValueSpecification","valueRequired":true,"valueName":"search_term_string"}}],"inLanguage":"es"},{"@type":"Organization","@id":"https:\/\/cezannehr.com\/es\/#organization","name":"Cezanne HR","url":"https:\/\/cezannehr.com\/es\/","logo":{"@type":"ImageObject","inLanguage":"es","@id":"https:\/\/cezannehr.com\/es\/#\/schema\/logo\/image\/","url":"https:\/\/cezannehr.com\/wp-content\/uploads\/2026\/01\/Cezanne_logo_2026_colour.svg","contentUrl":"https:\/\/cezannehr.com\/wp-content\/uploads\/2026\/01\/Cezanne_logo_2026_colour.svg","width":1,"height":1,"caption":"Cezanne HR"},"image":{"@id":"https:\/\/cezannehr.com\/es\/#\/schema\/logo\/image\/"},"sameAs":["https:\/\/www.facebook.com\/CezanneHR","https:\/\/x.com\/CezanneHR","https:\/\/www.linkedin.com\/company\/cezanne-hr","https:\/\/uk.pinterest.com\/CezanneHR\/","https:\/\/www.youtube.com\/user\/CezanneHR"],"legalName":"Cezanne HR Limited","contactPoint":[{"@type":"ContactPoint","telephone":"+44-2072022727","contactType":"customer service"},{"@type":"ContactPoint","url":"https:\/\/support.cezannehr.com","email":"support@cezannehr.com","contactType":"customer support"}]},{"@type":"Person","@id":"https:\/\/cezannehr.com\/es\/#\/schema\/person\/06fcb872e3d815d8b0a4b2d06c0a9ccd","name":"Cristina Del Amo","image":{"@type":"ImageObject","inLanguage":"es","@id":"https:\/\/cezannehr.com\/es\/#\/schema\/person\/image\/","url":"https:\/\/secure.gravatar.com\/avatar\/e69a3d6d60252edb45aec9db8c9e02e89aaf857f92dc9e58d64f65c7d219d142?s=96&d=mm&r=g","contentUrl":"https:\/\/secure.gravatar.com\/avatar\/e69a3d6d60252edb45aec9db8c9e02e89aaf857f92dc9e58d64f65c7d219d142?s=96&d=mm&r=g","caption":"Cristina Del Amo"},"description":"Soy periodista, empresaria, emprendedora y madre. Licenciada en Ciencias de la Informaci\u00f3n por la Univ. Complutense de Madrid y M\u00e1ster en Gesti\u00f3n Comercial y Marketing, por la Escuela de Negocios ESIC, mi trayectoria profesional est\u00e1 ligada al entorno de la comunicaci\u00f3n, la gesti\u00f3n empresarial y los recursos humanos.","url":"https:\/\/cezannehr.com\/es\/hr-blog\/author\/cdelamo\/"}]}},"jetpack_featured_media_url":"https:\/\/i0.wp.com\/cezannehr.com\/wp-content\/uploads\/2019\/07\/Simplify-how-you-manage-your-global-workforce-YMAL.png?fit=446%2C259&ssl=1","jetpack_sharing_enabled":true,"amp_enabled":true,"_links":{"self":[{"href":"https:\/\/cezannehr.com\/es\/wp-json\/wp\/v2\/posts\/53820","targetHints":{"allow":["GET"]}}],"collection":[{"href":"https:\/\/cezannehr.com\/es\/wp-json\/wp\/v2\/posts"}],"about":[{"href":"https:\/\/cezannehr.com\/es\/wp-json\/wp\/v2\/types\/post"}],"author":[{"embeddable":true,"href":"https:\/\/cezannehr.com\/es\/wp-json\/wp\/v2\/users\/56"}],"replies":[{"embeddable":true,"href":"https:\/\/cezannehr.com\/es\/wp-json\/wp\/v2\/comments?post=53820"}],"version-history":[{"count":0,"href":"https:\/\/cezannehr.com\/es\/wp-json\/wp\/v2\/posts\/53820\/revisions"}],"wp:featuredmedia":[{"embeddable":true,"href":"https:\/\/cezannehr.com\/es\/wp-json\/wp\/v2\/media\/49083"}],"wp:attachment":[{"href":"https:\/\/cezannehr.com\/es\/wp-json\/wp\/v2\/media?parent=53820"}],"wp:term":[{"taxonomy":"category","embeddable":true,"href":"https:\/\/cezannehr.com\/es\/wp-json\/wp\/v2\/categories?post=53820"},{"taxonomy":"post_tag","embeddable":true,"href":"https:\/\/cezannehr.com\/es\/wp-json\/wp\/v2\/tags?post=53820"}],"curies":[{"name":"wp","href":"https:\/\/api.w.org\/{rel}","templated":true}]}}