{"id":54112,"date":"2020-03-12T11:47:10","date_gmt":"2020-03-12T11:47:10","guid":{"rendered":"https:\/\/cezannehr.com\/?p=54112"},"modified":"2020-03-12T11:47:10","modified_gmt":"2020-03-12T11:47:10","slug":"se-adapta-la-cultura-corporativa-de-tu-empresa-a-las-necesidades-futuras","status":"publish","type":"post","link":"https:\/\/cezannehr.com\/es\/hr-blog\/2020\/03\/se-adapta-la-cultura-corporativa-de-tu-empresa-a-las-necesidades-futuras\/","title":{"rendered":"\u00bfSe adapta la cultura corporativa de tu empresa a las necesidades futuras?"},"content":{"rendered":"<p>Escuchamos con demasiada frecuencia comentarios relacionados con entornos de trabajo t\u00f3xicos en los que resulta dif\u00edcil crear equipos, trabajar juntos en armon\u00eda o en los que los empleados tienen miedo de decir lo que piensan porque los managers adoptan una actitud demasiado autoritaria. Hablamos de estructuras muy jerarquizas y con enfoques poco abiertos a la colaboraci\u00f3n y la transparencia.<\/p>\n<p>En algunas organizaciones se \u201cjuega\u201d con la incertidumbre laboral y el temor de muchas personas a ser despedidas o a que el negocio \u201ceche el cierre\u201d. Pero, por otro lado, ha aumentado la movilidad laboral y con ella, las oportunidades de crecimiento profesional, dentro y fuera de la propia empresa.<\/p>\n<p>El trabajo permanente, ese que conocieron generaciones anteriores a la nuestra, ya no existe. Todos estamos m\u00e1s predispuestos a buscar y evaluar nuevas oportunidades. Pero, a veces, esto complica las relaciones internas en la organizaci\u00f3n.<\/p>\n<p><img data-recalc-dims=\"1\" decoding=\"async\" class=\"aligncenter wp-image-53988 size-full\" src=\"https:\/\/i0.wp.com\/cezannehr.com\/wp-content\/uploads\/2020\/02\/culture-and-treating-people-more-humanely.png?resize=660%2C371&#038;ssl=1\" alt=\"man and woman company culture\" width=\"660\" height=\"371\" srcset=\"https:\/\/i0.wp.com\/cezannehr.com\/wp-content\/uploads\/2020\/02\/culture-and-treating-people-more-humanely.png?w=1248&amp;ssl=1 1248w, https:\/\/i0.wp.com\/cezannehr.com\/wp-content\/uploads\/2020\/02\/culture-and-treating-people-more-humanely.png?resize=300%2C169&amp;ssl=1 300w, https:\/\/i0.wp.com\/cezannehr.com\/wp-content\/uploads\/2020\/02\/culture-and-treating-people-more-humanely.png?resize=1024%2C576&amp;ssl=1 1024w, https:\/\/i0.wp.com\/cezannehr.com\/wp-content\/uploads\/2020\/02\/culture-and-treating-people-more-humanely.png?resize=768%2C432&amp;ssl=1 768w, https:\/\/i0.wp.com\/cezannehr.com\/wp-content\/uploads\/2020\/02\/culture-and-treating-people-more-humanely.png?resize=624%2C351&amp;ssl=1 624w, https:\/\/i0.wp.com\/cezannehr.com\/wp-content\/uploads\/2020\/02\/culture-and-treating-people-more-humanely.png?resize=208%2C117&amp;ssl=1 208w, https:\/\/i0.wp.com\/cezannehr.com\/wp-content\/uploads\/2020\/02\/culture-and-treating-people-more-humanely.png?resize=360%2C202&amp;ssl=1 360w\" sizes=\"(max-width: 660px) 100vw, 660px\" \/><\/p>\n<p>Ante este clima de incertidumbre, es normal que surjan problemas relacionados con la insatisfacci\u00f3n o los cambios repentinos de humor. Siempre decimos lo mismo: los cambios, aunque necesarios, y cada vez m\u00e1s constantes, dan miedo. Y, en efecto, seguro que est\u00e1s pensando lo mismo que yo: que el entorno laboral ha cambiado mucho en los \u00faltimos a\u00f1os y sigue haci\u00e9ndolo a gran velocidad.<\/p>\n<p>La automatizaci\u00f3n es un facilitador pero asusta a quienes no conocen bien ni lo que implica ni las ventajas que aporta. Lo mismo ocurre con tecnolog\u00edas que empiezan a ser de uso habitual en entornos en los que no era tan com\u00fan. Hablo, por ejemplo, de la Inteligencia artificial, un tema que estar\u00e1 en boca de todos durante este 2020 y que, inevitablemente, cambiar\u00e1 la forma de trabajar de todos nosotros. Estas noticias, es l\u00f3gico que, as\u00ed, de primeras, generen miedo, o, cuanto menos, incertidumbre.<\/p>\n<p>Otro aspecto que debemos tener en cuenta es el relacionado con la transformaci\u00f3n del entorno laboral. Muchos equipos se quejan de la deshumanizaci\u00f3n constante, de que los empleados son llevados hasta el l\u00edmite, de que se exige que est\u00e9n activos o \u201cconectados\u201d 24X7. Es decir, que todos esperan m\u00e1s trabajo y no siempre el apoyo y los recursos acompa\u00f1an estas exigencias.<\/p>\n<p><strong>Si las organizaciones quieren crecer y superar los desaf\u00edos de la nueva era, no pueden ignorar los cambios<\/strong>. En esta \u00e9poca en la que aumenta la rotaci\u00f3n y las organizaciones luchan por mantener cerca -fidelizar- a sus empleados m\u00e1s competentes, <strong>es necesario identificar una forma de gestionar a las personas, m\u00e1s cercana, m\u00e1s eficiente y, desde luego, m\u00e1s humana<\/strong>.<\/p>\n<p>\u00bfQu\u00e9 debe cambiar?<\/p>\n<p>Las organizaciones deben volver a la base para construir una cultura de transparencia y equidad.\u00a0<strong>Es necesario volver a poner a las personas en el centro, crear un ambiente basado en valores compartidos, en el que los empleados se sientan involucrados en las decisiones que les conciernen<\/strong>,\u00a0libres de expresarse sin temor a las repercusiones y en condiciones de dar lo mejor de s\u00ed mismos en el desempe\u00f1o de su rol.<\/p>\n<p>Esto significa que los valores corporativos deben convertirse en el elemento rector del negocio, influyendo en todos los aspectos, desde la forma en la que los managers gestionan los equipos y se comunican con ellos, hasta los comportamientos que la organizaci\u00f3n fomenta y la forma en la que se relaciona con clientes y proveedores.<\/p>\n<p>En estos entornos, se fomenta la discusi\u00f3n, tanto entre managers y equipos, como entre diferentes \u00e1reas y entre colegas.\u00a0Esto fomenta la colaboraci\u00f3n y no la competencia, debates abiertos y no enfrentamientos innecesarios.\u00a0Las personas pueden trabajar juntas para resolver problemas y aprender de las dificultades, en lugar de se\u00f1alarse el uno al otro para buscar culpables en los fracasos.<\/p>\n<p>\u00bfCu\u00e1l es el papel de los recursos humanos?<\/p>\n<p><strong>Los recursos humanos pueden hacer mucho m\u00e1s para apoyar el desarrollo de una cultura que ponga a las personas en el centro, en las que se sientan valoradas<\/strong>\u00a0y puedan dar lo mejor de s\u00ed, pero esto requiere estar orientados al cambio y abrirse a las novedades.<\/p>\n<p>Una de las primeras reflexiones que debemos hacer todos es que, quiz\u00e1, algunas de nuestras pol\u00edticas corporativas, pueden estar anticuadas o desactualizadas. Y que eso, podr\u00eda complicar las relaciones internas de la organizaci\u00f3n.\u00a0Los procedimientos disciplinarios son un excelente ejemplo, ya que a menudo sumergen a los colaboradores, ya estresados, \u200b\u200ben situaciones a\u00fan m\u00e1s divisorias y que provocan altos niveles de ansiedad.<\/p>\n<p>Esto no significa que la empresa siempre deba ser complaciente y carecer de regulaci\u00f3n, ni mucho menos. Lo que quiere decir es que hay formas m\u00e1s constructivas y colaborativas para manejar la mayor\u00eda de los conflictos, como la mediaci\u00f3n y la confrontaci\u00f3n pac\u00edfica.<\/p>\n<p><strong>Los recursos humanos tambi\u00e9n tienen un papel muy importante para ayudar a los managers a desarrollar las habilidades y comportamientos necesarios para sacar el m\u00e1ximo provecho del equipo<\/strong>.\u00a0De hecho, incluso ellos, los managers, se est\u00e1n moviendo en un nuevo terreno, para muchos, desconocido, y tal vez tengan dificultades para gestionar las expectativas, abordar conversaciones dif\u00edciles,\u00a0<strong>motivar e involucrar a las personas y desarrollar un entorno de trabajo en el que puedan prosperar los buenos resultados<\/strong>.\u00a0Por lo tanto, es necesario elevar su nivel de compromiso para \u00a0<a href=\"https:\/\/cezannehr.com\/es\/software-rrhh\/sucesion-y-carrera\/\">apoyar las carreras de los colaboradores, imaginar nuevos roles\u00a0<\/a>y asignar recursos de la manera flexible que esperan los trabajadores de hoy en d\u00eda.<\/p>\n","protected":false},"excerpt":{"rendered":"<p>Escuchamos con demasiada frecuencia comentarios relacionados con entornos de trabajo t\u00f3xicos en los que resulta dif\u00edcil crear equipos, trabajar juntos en armon\u00eda o en los que los empleados tienen miedo de decir lo que piensan porque los managers adoptan una [&hellip;]<\/p>\n","protected":false},"author":56,"featured_media":53988,"comment_status":"closed","ping_status":"closed","sticky":false,"template":"","format":"standard","meta":{"_acf_changed":false,"_jetpack_memberships_contains_paid_content":false,"footnotes":""},"categories":[],"tags":[],"class_list":["post-54112","post","type-post","status-publish","format-standard","has-post-thumbnail","cz_entry"],"acf":[],"yoast_head":"<!-- This site is optimized with the Yoast SEO Premium plugin v26.3 (Yoast SEO v26.3) - https:\/\/yoast.com\/wordpress\/plugins\/seo\/ -->\n<title>\u00bfSe adapta la cultura corporativa de tu empresa a las necesidades futuras? - Cezanne HR<\/title>\n<meta name=\"robots\" content=\"index, follow, max-snippet:-1, max-image-preview:large, max-video-preview:-1\" \/>\n<link rel=\"canonical\" href=\"https:\/\/cezannehr.com\/es\/hr-blog\/2020\/03\/se-adapta-la-cultura-corporativa-de-tu-empresa-a-las-necesidades-futuras\/\" \/>\n<meta property=\"og:locale\" content=\"es_ES\" \/>\n<meta property=\"og:type\" content=\"article\" \/>\n<meta property=\"og:title\" content=\"\u00bfSe adapta la cultura corporativa de tu empresa a las necesidades futuras?\" \/>\n<meta property=\"og:description\" content=\"Escuchamos con demasiada frecuencia comentarios relacionados con entornos de trabajo t\u00f3xicos en los que resulta dif\u00edcil crear equipos, trabajar juntos en armon\u00eda o en los que los empleados tienen miedo de decir lo que piensan porque los managers adoptan una [&hellip;]\" \/>\n<meta property=\"og:url\" content=\"https:\/\/cezannehr.com\/es\/hr-blog\/2020\/03\/se-adapta-la-cultura-corporativa-de-tu-empresa-a-las-necesidades-futuras\/\" \/>\n<meta property=\"og:site_name\" content=\"Cezanne HR\" \/>\n<meta property=\"article:publisher\" content=\"https:\/\/www.facebook.com\/CezanneHR\" \/>\n<meta property=\"article:published_time\" content=\"2020-03-12T11:47:10+00:00\" \/>\n<meta property=\"og:image\" content=\"https:\/\/i0.wp.com\/cezannehr.com\/wp-content\/uploads\/2020\/02\/culture-and-treating-people-more-humanely.png?fit=1248%2C702&ssl=1\" \/>\n\t<meta property=\"og:image:width\" content=\"1248\" \/>\n\t<meta property=\"og:image:height\" content=\"702\" \/>\n\t<meta property=\"og:image:type\" content=\"image\/png\" \/>\n<meta name=\"author\" content=\"Cristina Del Amo\" \/>\n<meta name=\"twitter:card\" content=\"summary_large_image\" \/>\n<meta name=\"twitter:creator\" content=\"@CezanneHR\" \/>\n<meta name=\"twitter:site\" content=\"@CezanneHR\" \/>\n<meta name=\"twitter:label1\" content=\"Escrito por\" \/>\n\t<meta name=\"twitter:data1\" content=\"Cristina Del Amo\" \/>\n\t<meta name=\"twitter:label2\" content=\"Tiempo de lectura\" \/>\n\t<meta name=\"twitter:data2\" content=\"5 minutos\" \/>\n<script type=\"application\/ld+json\" class=\"yoast-schema-graph\">{\"@context\":\"https:\/\/schema.org\",\"@graph\":[{\"@type\":\"Article\",\"@id\":\"https:\/\/cezannehr.com\/es\/hr-blog\/2020\/03\/se-adapta-la-cultura-corporativa-de-tu-empresa-a-las-necesidades-futuras\/#article\",\"isPartOf\":{\"@id\":\"https:\/\/cezannehr.com\/es\/hr-blog\/2020\/03\/se-adapta-la-cultura-corporativa-de-tu-empresa-a-las-necesidades-futuras\/\"},\"author\":{\"name\":\"Cristina Del Amo\",\"@id\":\"https:\/\/cezannehr.com\/es\/#\/schema\/person\/06fcb872e3d815d8b0a4b2d06c0a9ccd\"},\"headline\":\"\u00bfSe adapta la cultura corporativa de tu empresa a las necesidades futuras?\",\"datePublished\":\"2020-03-12T11:47:10+00:00\",\"mainEntityOfPage\":{\"@id\":\"https:\/\/cezannehr.com\/es\/hr-blog\/2020\/03\/se-adapta-la-cultura-corporativa-de-tu-empresa-a-las-necesidades-futuras\/\"},\"wordCount\":932,\"publisher\":{\"@id\":\"https:\/\/cezannehr.com\/es\/#organization\"},\"image\":{\"@id\":\"https:\/\/cezannehr.com\/es\/hr-blog\/2020\/03\/se-adapta-la-cultura-corporativa-de-tu-empresa-a-las-necesidades-futuras\/#primaryimage\"},\"thumbnailUrl\":\"https:\/\/i0.wp.com\/cezannehr.com\/wp-content\/uploads\/2020\/02\/culture-and-treating-people-more-humanely.png?fit=1248%2C702&ssl=1\",\"inLanguage\":\"es\"},{\"@type\":\"WebPage\",\"@id\":\"https:\/\/cezannehr.com\/es\/hr-blog\/2020\/03\/se-adapta-la-cultura-corporativa-de-tu-empresa-a-las-necesidades-futuras\/\",\"url\":\"https:\/\/cezannehr.com\/es\/hr-blog\/2020\/03\/se-adapta-la-cultura-corporativa-de-tu-empresa-a-las-necesidades-futuras\/\",\"name\":\"\u00bfSe adapta la cultura corporativa de tu empresa a las necesidades futuras? - Cezanne HR\",\"isPartOf\":{\"@id\":\"https:\/\/cezannehr.com\/es\/#website\"},\"primaryImageOfPage\":{\"@id\":\"https:\/\/cezannehr.com\/es\/hr-blog\/2020\/03\/se-adapta-la-cultura-corporativa-de-tu-empresa-a-las-necesidades-futuras\/#primaryimage\"},\"image\":{\"@id\":\"https:\/\/cezannehr.com\/es\/hr-blog\/2020\/03\/se-adapta-la-cultura-corporativa-de-tu-empresa-a-las-necesidades-futuras\/#primaryimage\"},\"thumbnailUrl\":\"https:\/\/i0.wp.com\/cezannehr.com\/wp-content\/uploads\/2020\/02\/culture-and-treating-people-more-humanely.png?fit=1248%2C702&ssl=1\",\"datePublished\":\"2020-03-12T11:47:10+00:00\",\"breadcrumb\":{\"@id\":\"https:\/\/cezannehr.com\/es\/hr-blog\/2020\/03\/se-adapta-la-cultura-corporativa-de-tu-empresa-a-las-necesidades-futuras\/#breadcrumb\"},\"inLanguage\":\"es\",\"potentialAction\":[{\"@type\":\"ReadAction\",\"target\":[\"https:\/\/cezannehr.com\/es\/hr-blog\/2020\/03\/se-adapta-la-cultura-corporativa-de-tu-empresa-a-las-necesidades-futuras\/\"]}]},{\"@type\":\"ImageObject\",\"inLanguage\":\"es\",\"@id\":\"https:\/\/cezannehr.com\/es\/hr-blog\/2020\/03\/se-adapta-la-cultura-corporativa-de-tu-empresa-a-las-necesidades-futuras\/#primaryimage\",\"url\":\"https:\/\/i0.wp.com\/cezannehr.com\/wp-content\/uploads\/2020\/02\/culture-and-treating-people-more-humanely.png?fit=1248%2C702&ssl=1\",\"contentUrl\":\"https:\/\/i0.wp.com\/cezannehr.com\/wp-content\/uploads\/2020\/02\/culture-and-treating-people-more-humanely.png?fit=1248%2C702&ssl=1\",\"width\":1248,\"height\":702,\"caption\":\"man and woman company culture\"},{\"@type\":\"BreadcrumbList\",\"@id\":\"https:\/\/cezannehr.com\/es\/hr-blog\/2020\/03\/se-adapta-la-cultura-corporativa-de-tu-empresa-a-las-necesidades-futuras\/#breadcrumb\",\"itemListElement\":[{\"@type\":\"ListItem\",\"position\":1,\"name\":\"Software HR\",\"item\":\"https:\/\/cezannehr.com\/es\/\"},{\"@type\":\"ListItem\",\"position\":2,\"name\":\"\u00bfSe adapta la cultura corporativa de tu empresa a las necesidades futuras?\"}]},{\"@type\":\"WebSite\",\"@id\":\"https:\/\/cezannehr.com\/es\/#website\",\"url\":\"https:\/\/cezannehr.com\/es\/\",\"name\":\"Cezanne HR\",\"description\":\"Gesti\u00f3n de empleados - Gesti\u00f3n de vacaciones\",\"publisher\":{\"@id\":\"https:\/\/cezannehr.com\/es\/#organization\"},\"potentialAction\":[{\"@type\":\"SearchAction\",\"target\":{\"@type\":\"EntryPoint\",\"urlTemplate\":\"https:\/\/cezannehr.com\/es\/?s={search_term_string}\"},\"query-input\":{\"@type\":\"PropertyValueSpecification\",\"valueRequired\":true,\"valueName\":\"search_term_string\"}}],\"inLanguage\":\"es\"},{\"@type\":\"Organization\",\"@id\":\"https:\/\/cezannehr.com\/es\/#organization\",\"name\":\"Cezanne HR\",\"url\":\"https:\/\/cezannehr.com\/es\/\",\"logo\":{\"@type\":\"ImageObject\",\"inLanguage\":\"es\",\"@id\":\"https:\/\/cezannehr.com\/es\/#\/schema\/logo\/image\/\",\"url\":\"https:\/\/cezannehr.com\/wp-content\/uploads\/2026\/01\/Cezanne_logo_2026_colour.svg\",\"contentUrl\":\"https:\/\/cezannehr.com\/wp-content\/uploads\/2026\/01\/Cezanne_logo_2026_colour.svg\",\"width\":1,\"height\":1,\"caption\":\"Cezanne HR\"},\"image\":{\"@id\":\"https:\/\/cezannehr.com\/es\/#\/schema\/logo\/image\/\"},\"sameAs\":[\"https:\/\/www.facebook.com\/CezanneHR\",\"https:\/\/x.com\/CezanneHR\",\"https:\/\/www.linkedin.com\/company\/cezanne-hr\",\"https:\/\/uk.pinterest.com\/CezanneHR\/\",\"https:\/\/www.youtube.com\/user\/CezanneHR\"],\"legalName\":\"Cezanne HR Limited\",\"contactPoint\":[{\"@type\":\"ContactPoint\",\"telephone\":\"+44-2072022727\",\"contactType\":\"customer service\"},{\"@type\":\"ContactPoint\",\"url\":\"https:\/\/support.cezannehr.com\",\"email\":\"support@cezannehr.com\",\"contactType\":\"customer support\"}]},{\"@type\":\"Person\",\"@id\":\"https:\/\/cezannehr.com\/es\/#\/schema\/person\/06fcb872e3d815d8b0a4b2d06c0a9ccd\",\"name\":\"Cristina Del Amo\",\"image\":{\"@type\":\"ImageObject\",\"inLanguage\":\"es\",\"@id\":\"https:\/\/cezannehr.com\/es\/#\/schema\/person\/image\/\",\"url\":\"https:\/\/secure.gravatar.com\/avatar\/e69a3d6d60252edb45aec9db8c9e02e89aaf857f92dc9e58d64f65c7d219d142?s=96&d=mm&r=g\",\"contentUrl\":\"https:\/\/secure.gravatar.com\/avatar\/e69a3d6d60252edb45aec9db8c9e02e89aaf857f92dc9e58d64f65c7d219d142?s=96&d=mm&r=g\",\"caption\":\"Cristina Del Amo\"},\"description\":\"Soy periodista, empresaria, emprendedora y madre. Licenciada en Ciencias de la Informaci\u00f3n por la Univ. Complutense de Madrid y M\u00e1ster en Gesti\u00f3n Comercial y Marketing, por la Escuela de Negocios ESIC, mi trayectoria profesional est\u00e1 ligada al entorno de la comunicaci\u00f3n, la gesti\u00f3n empresarial y los recursos humanos.\",\"url\":\"https:\/\/cezannehr.com\/es\/hr-blog\/author\/cdelamo\/\"}]}<\/script>\n<!-- \/ Yoast SEO Premium plugin. -->","yoast_head_json":{"title":"\u00bfSe adapta la cultura corporativa de tu empresa a las necesidades futuras? - Cezanne HR","robots":{"index":"index","follow":"follow","max-snippet":"max-snippet:-1","max-image-preview":"max-image-preview:large","max-video-preview":"max-video-preview:-1"},"canonical":"https:\/\/cezannehr.com\/es\/hr-blog\/2020\/03\/se-adapta-la-cultura-corporativa-de-tu-empresa-a-las-necesidades-futuras\/","og_locale":"es_ES","og_type":"article","og_title":"\u00bfSe adapta la cultura corporativa de tu empresa a las necesidades futuras?","og_description":"Escuchamos con demasiada frecuencia comentarios relacionados con entornos de trabajo t\u00f3xicos en los que resulta dif\u00edcil crear equipos, trabajar juntos en armon\u00eda o en los que los empleados tienen miedo de decir lo que piensan porque los managers adoptan una [&hellip;]","og_url":"https:\/\/cezannehr.com\/es\/hr-blog\/2020\/03\/se-adapta-la-cultura-corporativa-de-tu-empresa-a-las-necesidades-futuras\/","og_site_name":"Cezanne HR","article_publisher":"https:\/\/www.facebook.com\/CezanneHR","article_published_time":"2020-03-12T11:47:10+00:00","og_image":[{"width":1248,"height":702,"url":"https:\/\/i0.wp.com\/cezannehr.com\/wp-content\/uploads\/2020\/02\/culture-and-treating-people-more-humanely.png?fit=1248%2C702&ssl=1","type":"image\/png"}],"author":"Cristina Del Amo","twitter_card":"summary_large_image","twitter_creator":"@CezanneHR","twitter_site":"@CezanneHR","twitter_misc":{"Escrito por":"Cristina Del Amo","Tiempo de lectura":"5 minutos"},"schema":{"@context":"https:\/\/schema.org","@graph":[{"@type":"Article","@id":"https:\/\/cezannehr.com\/es\/hr-blog\/2020\/03\/se-adapta-la-cultura-corporativa-de-tu-empresa-a-las-necesidades-futuras\/#article","isPartOf":{"@id":"https:\/\/cezannehr.com\/es\/hr-blog\/2020\/03\/se-adapta-la-cultura-corporativa-de-tu-empresa-a-las-necesidades-futuras\/"},"author":{"name":"Cristina Del Amo","@id":"https:\/\/cezannehr.com\/es\/#\/schema\/person\/06fcb872e3d815d8b0a4b2d06c0a9ccd"},"headline":"\u00bfSe adapta la cultura corporativa de tu empresa a las necesidades futuras?","datePublished":"2020-03-12T11:47:10+00:00","mainEntityOfPage":{"@id":"https:\/\/cezannehr.com\/es\/hr-blog\/2020\/03\/se-adapta-la-cultura-corporativa-de-tu-empresa-a-las-necesidades-futuras\/"},"wordCount":932,"publisher":{"@id":"https:\/\/cezannehr.com\/es\/#organization"},"image":{"@id":"https:\/\/cezannehr.com\/es\/hr-blog\/2020\/03\/se-adapta-la-cultura-corporativa-de-tu-empresa-a-las-necesidades-futuras\/#primaryimage"},"thumbnailUrl":"https:\/\/i0.wp.com\/cezannehr.com\/wp-content\/uploads\/2020\/02\/culture-and-treating-people-more-humanely.png?fit=1248%2C702&ssl=1","inLanguage":"es"},{"@type":"WebPage","@id":"https:\/\/cezannehr.com\/es\/hr-blog\/2020\/03\/se-adapta-la-cultura-corporativa-de-tu-empresa-a-las-necesidades-futuras\/","url":"https:\/\/cezannehr.com\/es\/hr-blog\/2020\/03\/se-adapta-la-cultura-corporativa-de-tu-empresa-a-las-necesidades-futuras\/","name":"\u00bfSe adapta la cultura corporativa de tu empresa a las necesidades futuras? - Cezanne HR","isPartOf":{"@id":"https:\/\/cezannehr.com\/es\/#website"},"primaryImageOfPage":{"@id":"https:\/\/cezannehr.com\/es\/hr-blog\/2020\/03\/se-adapta-la-cultura-corporativa-de-tu-empresa-a-las-necesidades-futuras\/#primaryimage"},"image":{"@id":"https:\/\/cezannehr.com\/es\/hr-blog\/2020\/03\/se-adapta-la-cultura-corporativa-de-tu-empresa-a-las-necesidades-futuras\/#primaryimage"},"thumbnailUrl":"https:\/\/i0.wp.com\/cezannehr.com\/wp-content\/uploads\/2020\/02\/culture-and-treating-people-more-humanely.png?fit=1248%2C702&ssl=1","datePublished":"2020-03-12T11:47:10+00:00","breadcrumb":{"@id":"https:\/\/cezannehr.com\/es\/hr-blog\/2020\/03\/se-adapta-la-cultura-corporativa-de-tu-empresa-a-las-necesidades-futuras\/#breadcrumb"},"inLanguage":"es","potentialAction":[{"@type":"ReadAction","target":["https:\/\/cezannehr.com\/es\/hr-blog\/2020\/03\/se-adapta-la-cultura-corporativa-de-tu-empresa-a-las-necesidades-futuras\/"]}]},{"@type":"ImageObject","inLanguage":"es","@id":"https:\/\/cezannehr.com\/es\/hr-blog\/2020\/03\/se-adapta-la-cultura-corporativa-de-tu-empresa-a-las-necesidades-futuras\/#primaryimage","url":"https:\/\/i0.wp.com\/cezannehr.com\/wp-content\/uploads\/2020\/02\/culture-and-treating-people-more-humanely.png?fit=1248%2C702&ssl=1","contentUrl":"https:\/\/i0.wp.com\/cezannehr.com\/wp-content\/uploads\/2020\/02\/culture-and-treating-people-more-humanely.png?fit=1248%2C702&ssl=1","width":1248,"height":702,"caption":"man and woman company culture"},{"@type":"BreadcrumbList","@id":"https:\/\/cezannehr.com\/es\/hr-blog\/2020\/03\/se-adapta-la-cultura-corporativa-de-tu-empresa-a-las-necesidades-futuras\/#breadcrumb","itemListElement":[{"@type":"ListItem","position":1,"name":"Software HR","item":"https:\/\/cezannehr.com\/es\/"},{"@type":"ListItem","position":2,"name":"\u00bfSe adapta la cultura corporativa de tu empresa a las necesidades futuras?"}]},{"@type":"WebSite","@id":"https:\/\/cezannehr.com\/es\/#website","url":"https:\/\/cezannehr.com\/es\/","name":"Cezanne HR","description":"Gesti\u00f3n de empleados - Gesti\u00f3n de vacaciones","publisher":{"@id":"https:\/\/cezannehr.com\/es\/#organization"},"potentialAction":[{"@type":"SearchAction","target":{"@type":"EntryPoint","urlTemplate":"https:\/\/cezannehr.com\/es\/?s={search_term_string}"},"query-input":{"@type":"PropertyValueSpecification","valueRequired":true,"valueName":"search_term_string"}}],"inLanguage":"es"},{"@type":"Organization","@id":"https:\/\/cezannehr.com\/es\/#organization","name":"Cezanne HR","url":"https:\/\/cezannehr.com\/es\/","logo":{"@type":"ImageObject","inLanguage":"es","@id":"https:\/\/cezannehr.com\/es\/#\/schema\/logo\/image\/","url":"https:\/\/cezannehr.com\/wp-content\/uploads\/2026\/01\/Cezanne_logo_2026_colour.svg","contentUrl":"https:\/\/cezannehr.com\/wp-content\/uploads\/2026\/01\/Cezanne_logo_2026_colour.svg","width":1,"height":1,"caption":"Cezanne HR"},"image":{"@id":"https:\/\/cezannehr.com\/es\/#\/schema\/logo\/image\/"},"sameAs":["https:\/\/www.facebook.com\/CezanneHR","https:\/\/x.com\/CezanneHR","https:\/\/www.linkedin.com\/company\/cezanne-hr","https:\/\/uk.pinterest.com\/CezanneHR\/","https:\/\/www.youtube.com\/user\/CezanneHR"],"legalName":"Cezanne HR Limited","contactPoint":[{"@type":"ContactPoint","telephone":"+44-2072022727","contactType":"customer service"},{"@type":"ContactPoint","url":"https:\/\/support.cezannehr.com","email":"support@cezannehr.com","contactType":"customer support"}]},{"@type":"Person","@id":"https:\/\/cezannehr.com\/es\/#\/schema\/person\/06fcb872e3d815d8b0a4b2d06c0a9ccd","name":"Cristina Del Amo","image":{"@type":"ImageObject","inLanguage":"es","@id":"https:\/\/cezannehr.com\/es\/#\/schema\/person\/image\/","url":"https:\/\/secure.gravatar.com\/avatar\/e69a3d6d60252edb45aec9db8c9e02e89aaf857f92dc9e58d64f65c7d219d142?s=96&d=mm&r=g","contentUrl":"https:\/\/secure.gravatar.com\/avatar\/e69a3d6d60252edb45aec9db8c9e02e89aaf857f92dc9e58d64f65c7d219d142?s=96&d=mm&r=g","caption":"Cristina Del Amo"},"description":"Soy periodista, empresaria, emprendedora y madre. Licenciada en Ciencias de la Informaci\u00f3n por la Univ. Complutense de Madrid y M\u00e1ster en Gesti\u00f3n Comercial y Marketing, por la Escuela de Negocios ESIC, mi trayectoria profesional est\u00e1 ligada al entorno de la comunicaci\u00f3n, la gesti\u00f3n empresarial y los recursos humanos.","url":"https:\/\/cezannehr.com\/es\/hr-blog\/author\/cdelamo\/"}]}},"jetpack_featured_media_url":"https:\/\/i0.wp.com\/cezannehr.com\/wp-content\/uploads\/2020\/02\/culture-and-treating-people-more-humanely.png?fit=1248%2C702&ssl=1","jetpack_sharing_enabled":true,"amp_enabled":true,"_links":{"self":[{"href":"https:\/\/cezannehr.com\/es\/wp-json\/wp\/v2\/posts\/54112","targetHints":{"allow":["GET"]}}],"collection":[{"href":"https:\/\/cezannehr.com\/es\/wp-json\/wp\/v2\/posts"}],"about":[{"href":"https:\/\/cezannehr.com\/es\/wp-json\/wp\/v2\/types\/post"}],"author":[{"embeddable":true,"href":"https:\/\/cezannehr.com\/es\/wp-json\/wp\/v2\/users\/56"}],"replies":[{"embeddable":true,"href":"https:\/\/cezannehr.com\/es\/wp-json\/wp\/v2\/comments?post=54112"}],"version-history":[{"count":0,"href":"https:\/\/cezannehr.com\/es\/wp-json\/wp\/v2\/posts\/54112\/revisions"}],"wp:featuredmedia":[{"embeddable":true,"href":"https:\/\/cezannehr.com\/es\/wp-json\/wp\/v2\/media\/53988"}],"wp:attachment":[{"href":"https:\/\/cezannehr.com\/es\/wp-json\/wp\/v2\/media?parent=54112"}],"wp:term":[{"taxonomy":"category","embeddable":true,"href":"https:\/\/cezannehr.com\/es\/wp-json\/wp\/v2\/categories?post=54112"},{"taxonomy":"post_tag","embeddable":true,"href":"https:\/\/cezannehr.com\/es\/wp-json\/wp\/v2\/tags?post=54112"}],"curies":[{"name":"wp","href":"https:\/\/api.w.org\/{rel}","templated":true}]}}