{"id":59112,"date":"2020-12-10T10:58:45","date_gmt":"2020-12-10T10:58:45","guid":{"rendered":"https:\/\/cezannehr.com\/?p=59112"},"modified":"2025-02-18T08:38:42","modified_gmt":"2025-02-18T08:38:42","slug":"como-preparar-la-revision-del-desempeno-perfecta","status":"publish","type":"post","link":"https:\/\/cezannehr.com\/es\/hr-blog\/2020\/12\/como-preparar-la-revision-del-desempeno-perfecta\/","title":{"rendered":"\u00bfC\u00f3mo preparar la revisi\u00f3n del desempe\u00f1o perfecta?"},"content":{"rendered":"<p>\u201cTengo muchas ganas de que llegue la evaluaci\u00f3n del desempe\u00f1o\u201d. No s\u00e9 t\u00fa, pero yo nunca he o\u00eddo decir esto a ning\u00fan manager. Y creo que a pocos empleados.<\/p>\n<p>Cumplimentar formularios interminables y cuadrar las agendas para ajustar las reuniones de evaluaci\u00f3n en un contexto, muchas veces, sobresaturado de tareas puede hacer que la <a href=\"https:\/\/cezannehr.com\/es\/software-rrhh\/gestion-del-desempeno\/\">gesti\u00f3n del desempe\u00f1o<\/a> sea una carga adicional. Un trabajo extra al que se le ve poco beneficio.<\/p>\n<p><img data-recalc-dims=\"1\" decoding=\"async\" class=\"wp-image-56823 size-full aligncenter\" src=\"https:\/\/i0.wp.com\/cezannehr.com\/wp-content\/uploads\/2020\/07\/software-registro-jornada-laboral.png?resize=624%2C351&#038;ssl=1\" alt=\"Software para el registro de jornada laboral\" width=\"624\" height=\"351\" srcset=\"https:\/\/i0.wp.com\/cezannehr.com\/wp-content\/uploads\/2020\/07\/software-registro-jornada-laboral.png?w=624&amp;ssl=1 624w, https:\/\/i0.wp.com\/cezannehr.com\/wp-content\/uploads\/2020\/07\/software-registro-jornada-laboral.png?resize=300%2C169&amp;ssl=1 300w, https:\/\/i0.wp.com\/cezannehr.com\/wp-content\/uploads\/2020\/07\/software-registro-jornada-laboral.png?resize=208%2C117&amp;ssl=1 208w\" sizes=\"(max-width: 624px) 100vw, 624px\" \/><\/p>\n<p>Pero no tiene por qu\u00e9 ser as\u00ed.\u00a0Si se maneja bien, la evaluaci\u00f3n del desempe\u00f1o puede ser una gran oportunidad para recargar las pilas, tanto las propias como las del resto del equipo. Puede ser una oportunidad tambi\u00e9n, para asegurarnos de que el equipo est\u00e1 aprovechando todo su potencial. Y, desde luego, es la ocasi\u00f3n perfecta para que t\u00fa, como manager, puedas establecer una relaci\u00f3n m\u00e1s fluida con el equipo, descubrir qu\u00e9 motiva a tu gente y c\u00f3mo puedes ayudarles a alcanzar sus cotas m\u00e1ximas de desempe\u00f1o. Es decir, a sacar lo mejor de s\u00ed mismos.<\/p>\n<p>Entonces, \u00bfqu\u00e9 puedes hacer para tener claro que est\u00e1s configurando tus evaluaciones de desempe\u00f1o para el \u00e9xito?<\/p>\n<h3>1. Piensa en el futuro<\/h3>\n<p>Lanzarse a una reuni\u00f3n de evaluaci\u00f3n sin estar preparado nunca va a proporcionar un buen resultado.\u00a0No tendr\u00e1s ni el \u00e1nimo ni la concentraci\u00f3n adecuada para mantener una conversaci\u00f3n importante. Por otro lado, tu interlocutor entender\u00e1 que no te has preocupado lo suficiente y tambi\u00e9n se sentir\u00e1 infravalorado. Independientemente de lo ocupado que est\u00e9s dedica el tiempo necesario para pensar en el objetivo principal que quieres conseguir con esta reuni\u00f3n, los temas clave que quieres tratar o cualquier conflicto o problema subyacente que creas que puede salir a relucir.<\/p>\n<h3>2. Planifica el di\u00e1logo<\/h3>\n<p>Si tu organizaci\u00f3n tiene ya un proceso formal de gesti\u00f3n del desempe\u00f1o, probablemente tendr\u00e1s un formulario est\u00e1ndar para completar antes y durante la conversaci\u00f3n de evaluaci\u00f3n.\u00a0Si bien es genial tener una plantilla para guiar la discusi\u00f3n, aseg\u00farate de que la evaluaci\u00f3n no se vuelve demasiado r\u00edgida ni se limita al aburrido ejercicio de tachar casillas.\u00a0Las evaluaciones del desempe\u00f1o deben ser una v\u00eda de doble sentido donde ambas partes tengan la misma oportunidad de expresar su opini\u00f3n.\u00a0Por eso, es importante que el empleado pueda participar en la conversaci\u00f3n desde el principio. Prep\u00e1rate para sorprenderte con lo que pueda surgir.<\/p>\n<h3>3. No mires atr\u00e1s<\/h3>\n<p>Las evaluaciones a menudo se centran en c\u00f3mo se ha desempe\u00f1ado el individuo en el pasado.\u00a0Pero durante estos tiempos de cambio constante, tiene menos sentido insistir en lo que pas\u00f3 antes.\u00a0Planea dar a tus revisiones de desempe\u00f1o un enfoque hacia el futuro, observando hacia d\u00f3nde se dirige el negocio y cu\u00e1les ser\u00e1n los objetivos en el corto plazo y m\u00e1s all\u00e1.\u00a0Piensa en c\u00f3mo las personas pueden usar sus habilidades para ayudar al equipo a alcanzar sus objetivos o c\u00f3mo pueden desarrollar r\u00e1pidamente nuevas competencias que ser\u00e1n \u00fatiles para el negocio en el futuro.<\/p>\n<h3>4. Se positivo<\/h3>\n<p>Adopta una actitud positiva antes de la evaluaci\u00f3n y evita caer en la trampa de hablar \u00fanicamente de lo que ha salido mal o de lo que debe solucionarse.\u00a0 No hay nada m\u00e1s desmotivador para un empleado que terminar la conversaci\u00f3n con la sensaci\u00f3n de que su manager ha pasado por alto todos los logros que se han alcanzado concentr\u00e1ndose solo en las cosas que podr\u00edan haberse hecho mejor o que no salieron seg\u00fan lo planeado. Es m\u00e1s probable que mejore el desempe\u00f1o de la gente si se pone el foco en lo que se ha hecho bien, en c\u00f3mo se puede seguir mejorando o en lo que se puede aprender de los proyectos o tareas que salieron especialmente bien. Aseg\u00farate de tener muchos ejemplos para elogiar y comentarios siempre constructivos.<\/p>\n<h3>5. No esquives las cosas dif\u00edciles<\/h3>\n<p>Si el desempe\u00f1o de un individuo ha estado por debajo de la media, es importante no esquivar el tema.\u00a0Pero si planeas hacer un comentario o una evaluaci\u00f3n negativa, aseg\u00farate de preparar los argumentos con suficiente antelaci\u00f3n. Ten en cuenta, tambi\u00e9n, que en estos momentos no estamos trabajando en las circunstancias normales.\u00a0Prepara algunos ejemplos espec\u00edficos, para que no haya lugar a confusi\u00f3n y el empleado tenga absolutamente claro qu\u00e9 sali\u00f3 mal y c\u00f3mo le vas a ayudar a mejorar.\u00a0Si tienes un\u00a0<a href=\"https:\/\/cezannehr.com\/es\/\">software de recursos humanos<\/a>, podr\u00e1s asegurarte de que las acciones acordadas se registren en un lugar central donde ambas partes puedan acceder a ellas.\u00a0Sin embargo, dale a la gente la oportunidad de agregar su perspectiva.\u00a0Lo normal es que todos quieran hacer un buen trabajo. Si el desempe\u00f1o de alguien no est\u00e1 a la altura, es posible que haya alguna raz\u00f3n subyacente que tal vez no sepas.<\/p>\n<p><em>\u00bfBuscas mejorar la gesti\u00f3n del desempe\u00f1o?\u00a0Descubre c\u00f3mo podemos ayudarte.<\/em><\/p>\n<p><a href=\"\/es\/software-rrhh\/gestion-del-desempeno\/\" class=\"btns pill blue transparent\" >Leer m\u00e1s<\/a><a href=\"\/es\/demo\/\" class=\"btns pill blue transparent\" >Solicita una demo<\/a><\/p>\n<p>&nbsp;<\/p>\n","protected":false},"excerpt":{"rendered":"<p>\u201cTengo muchas ganas de que llegue la evaluaci\u00f3n del desempe\u00f1o\u201d. No s\u00e9 t\u00fa, pero yo nunca he o\u00eddo decir esto a ning\u00fan manager. Y creo que a pocos empleados. Cumplimentar formularios interminables y cuadrar las agendas para ajustar las reuniones [&hellip;]<\/p>\n","protected":false},"author":56,"featured_media":56823,"comment_status":"closed","ping_status":"closed","sticky":false,"template":"","format":"standard","meta":{"_acf_changed":false,"_jetpack_memberships_contains_paid_content":false,"footnotes":""},"categories":[787],"tags":[],"class_list":{"0":"post-59112","1":"post","2":"type-post","3":"status-publish","4":"format-standard","5":"has-post-thumbnail","7":"category-rrhh-general","8":"cz_entry"},"acf":[],"yoast_head":"<!-- This site is optimized with the Yoast SEO Premium plugin v26.3 (Yoast SEO v26.3) - https:\/\/yoast.com\/wordpress\/plugins\/seo\/ -->\n<title>\u00bfC\u00f3mo preparar la revisi\u00f3n del desempe\u00f1o perfecta? - Cezanne HR<\/title>\n<meta name=\"description\" content=\"Descubre c\u00f3mo preparar la revisi\u00f3n del desempe\u00f1o perfecta con nuestros consejos pr\u00e1cticos. Mejora el rendimiento de tu equipo. \u00a1Empieza a optimizar hoy mismo!\" \/>\n<meta name=\"robots\" content=\"index, follow, max-snippet:-1, max-image-preview:large, max-video-preview:-1\" \/>\n<link rel=\"canonical\" href=\"https:\/\/cezannehr.com\/es\/hr-blog\/2020\/12\/como-preparar-la-revision-del-desempeno-perfecta\/\" \/>\n<meta property=\"og:locale\" content=\"es_ES\" \/>\n<meta property=\"og:type\" content=\"article\" \/>\n<meta property=\"og:title\" content=\"\u00bfC\u00f3mo preparar la revisi\u00f3n del desempe\u00f1o perfecta?\" \/>\n<meta property=\"og:description\" content=\"Descubre c\u00f3mo preparar la revisi\u00f3n del desempe\u00f1o perfecta con nuestros consejos pr\u00e1cticos. Mejora el rendimiento de tu equipo. \u00a1Empieza a optimizar hoy mismo!\" \/>\n<meta property=\"og:url\" content=\"https:\/\/cezannehr.com\/es\/hr-blog\/2020\/12\/como-preparar-la-revision-del-desempeno-perfecta\/\" \/>\n<meta property=\"og:site_name\" content=\"Cezanne HR\" \/>\n<meta property=\"article:publisher\" content=\"https:\/\/www.facebook.com\/CezanneHR\" \/>\n<meta property=\"article:published_time\" content=\"2020-12-10T10:58:45+00:00\" \/>\n<meta property=\"article:modified_time\" content=\"2025-02-18T08:38:42+00:00\" \/>\n<meta property=\"og:image\" content=\"https:\/\/cezannehr.com\/wp-content\/uploads\/2020\/07\/software-registro-jornada-laboral.png\" \/>\n\t<meta property=\"og:image:width\" content=\"624\" \/>\n\t<meta property=\"og:image:height\" content=\"351\" \/>\n\t<meta property=\"og:image:type\" content=\"image\/png\" \/>\n<meta name=\"author\" content=\"Cristina Del Amo\" \/>\n<meta name=\"twitter:card\" content=\"summary_large_image\" \/>\n<meta name=\"twitter:creator\" content=\"@CezanneHR\" \/>\n<meta name=\"twitter:site\" content=\"@CezanneHR\" \/>\n<meta name=\"twitter:label1\" content=\"Escrito por\" \/>\n\t<meta name=\"twitter:data1\" content=\"Cristina Del Amo\" \/>\n\t<meta name=\"twitter:label2\" content=\"Tiempo de lectura\" \/>\n\t<meta name=\"twitter:data2\" content=\"5 minutos\" \/>\n<script type=\"application\/ld+json\" class=\"yoast-schema-graph\">{\"@context\":\"https:\/\/schema.org\",\"@graph\":[{\"@type\":\"Article\",\"@id\":\"https:\/\/cezannehr.com\/es\/hr-blog\/2020\/12\/como-preparar-la-revision-del-desempeno-perfecta\/#article\",\"isPartOf\":{\"@id\":\"https:\/\/cezannehr.com\/es\/hr-blog\/2020\/12\/como-preparar-la-revision-del-desempeno-perfecta\/\"},\"author\":{\"name\":\"Cristina Del Amo\",\"@id\":\"https:\/\/cezannehr.com\/es\/#\/schema\/person\/06fcb872e3d815d8b0a4b2d06c0a9ccd\"},\"headline\":\"\u00bfC\u00f3mo preparar la revisi\u00f3n del desempe\u00f1o perfecta?\",\"datePublished\":\"2020-12-10T10:58:45+00:00\",\"dateModified\":\"2025-02-18T08:38:42+00:00\",\"mainEntityOfPage\":{\"@id\":\"https:\/\/cezannehr.com\/es\/hr-blog\/2020\/12\/como-preparar-la-revision-del-desempeno-perfecta\/\"},\"wordCount\":896,\"publisher\":{\"@id\":\"https:\/\/cezannehr.com\/es\/#organization\"},\"image\":{\"@id\":\"https:\/\/cezannehr.com\/es\/hr-blog\/2020\/12\/como-preparar-la-revision-del-desempeno-perfecta\/#primaryimage\"},\"thumbnailUrl\":\"https:\/\/i0.wp.com\/cezannehr.com\/wp-content\/uploads\/2020\/07\/software-registro-jornada-laboral.png?fit=624%2C351&ssl=1\",\"articleSection\":[\"RRHH general\"],\"inLanguage\":\"es\"},{\"@type\":\"WebPage\",\"@id\":\"https:\/\/cezannehr.com\/es\/hr-blog\/2020\/12\/como-preparar-la-revision-del-desempeno-perfecta\/\",\"url\":\"https:\/\/cezannehr.com\/es\/hr-blog\/2020\/12\/como-preparar-la-revision-del-desempeno-perfecta\/\",\"name\":\"\u00bfC\u00f3mo preparar la revisi\u00f3n del desempe\u00f1o perfecta? - Cezanne HR\",\"isPartOf\":{\"@id\":\"https:\/\/cezannehr.com\/es\/#website\"},\"primaryImageOfPage\":{\"@id\":\"https:\/\/cezannehr.com\/es\/hr-blog\/2020\/12\/como-preparar-la-revision-del-desempeno-perfecta\/#primaryimage\"},\"image\":{\"@id\":\"https:\/\/cezannehr.com\/es\/hr-blog\/2020\/12\/como-preparar-la-revision-del-desempeno-perfecta\/#primaryimage\"},\"thumbnailUrl\":\"https:\/\/i0.wp.com\/cezannehr.com\/wp-content\/uploads\/2020\/07\/software-registro-jornada-laboral.png?fit=624%2C351&ssl=1\",\"datePublished\":\"2020-12-10T10:58:45+00:00\",\"dateModified\":\"2025-02-18T08:38:42+00:00\",\"description\":\"Descubre c\u00f3mo preparar la revisi\u00f3n del desempe\u00f1o perfecta con nuestros consejos pr\u00e1cticos. Mejora el rendimiento de tu equipo. \u00a1Empieza a optimizar hoy mismo!\",\"breadcrumb\":{\"@id\":\"https:\/\/cezannehr.com\/es\/hr-blog\/2020\/12\/como-preparar-la-revision-del-desempeno-perfecta\/#breadcrumb\"},\"inLanguage\":\"es\",\"potentialAction\":[{\"@type\":\"ReadAction\",\"target\":[\"https:\/\/cezannehr.com\/es\/hr-blog\/2020\/12\/como-preparar-la-revision-del-desempeno-perfecta\/\"]}]},{\"@type\":\"ImageObject\",\"inLanguage\":\"es\",\"@id\":\"https:\/\/cezannehr.com\/es\/hr-blog\/2020\/12\/como-preparar-la-revision-del-desempeno-perfecta\/#primaryimage\",\"url\":\"https:\/\/i0.wp.com\/cezannehr.com\/wp-content\/uploads\/2020\/07\/software-registro-jornada-laboral.png?fit=624%2C351&ssl=1\",\"contentUrl\":\"https:\/\/i0.wp.com\/cezannehr.com\/wp-content\/uploads\/2020\/07\/software-registro-jornada-laboral.png?fit=624%2C351&ssl=1\",\"width\":624,\"height\":351,\"caption\":\"Software para el registro de jornada laboral\"},{\"@type\":\"BreadcrumbList\",\"@id\":\"https:\/\/cezannehr.com\/es\/hr-blog\/2020\/12\/como-preparar-la-revision-del-desempeno-perfecta\/#breadcrumb\",\"itemListElement\":[{\"@type\":\"ListItem\",\"position\":1,\"name\":\"Software HR\",\"item\":\"https:\/\/cezannehr.com\/es\/\"},{\"@type\":\"ListItem\",\"position\":2,\"name\":\"\u00bfC\u00f3mo preparar la revisi\u00f3n del desempe\u00f1o perfecta?\"}]},{\"@type\":\"WebSite\",\"@id\":\"https:\/\/cezannehr.com\/es\/#website\",\"url\":\"https:\/\/cezannehr.com\/es\/\",\"name\":\"Cezanne HR\",\"description\":\"Gesti\u00f3n de empleados - Gesti\u00f3n de vacaciones\",\"publisher\":{\"@id\":\"https:\/\/cezannehr.com\/es\/#organization\"},\"potentialAction\":[{\"@type\":\"SearchAction\",\"target\":{\"@type\":\"EntryPoint\",\"urlTemplate\":\"https:\/\/cezannehr.com\/es\/?s={search_term_string}\"},\"query-input\":{\"@type\":\"PropertyValueSpecification\",\"valueRequired\":true,\"valueName\":\"search_term_string\"}}],\"inLanguage\":\"es\"},{\"@type\":\"Organization\",\"@id\":\"https:\/\/cezannehr.com\/es\/#organization\",\"name\":\"Cezanne HR\",\"url\":\"https:\/\/cezannehr.com\/es\/\",\"logo\":{\"@type\":\"ImageObject\",\"inLanguage\":\"es\",\"@id\":\"https:\/\/cezannehr.com\/es\/#\/schema\/logo\/image\/\",\"url\":\"https:\/\/cezannehr.com\/wp-content\/uploads\/2026\/01\/Cezanne_logo_2026_colour.svg\",\"contentUrl\":\"https:\/\/cezannehr.com\/wp-content\/uploads\/2026\/01\/Cezanne_logo_2026_colour.svg\",\"width\":1,\"height\":1,\"caption\":\"Cezanne HR\"},\"image\":{\"@id\":\"https:\/\/cezannehr.com\/es\/#\/schema\/logo\/image\/\"},\"sameAs\":[\"https:\/\/www.facebook.com\/CezanneHR\",\"https:\/\/x.com\/CezanneHR\",\"https:\/\/www.linkedin.com\/company\/cezanne-hr\",\"https:\/\/uk.pinterest.com\/CezanneHR\/\",\"https:\/\/www.youtube.com\/user\/CezanneHR\"],\"legalName\":\"Cezanne HR Limited\",\"contactPoint\":[{\"@type\":\"ContactPoint\",\"telephone\":\"+44-2072022727\",\"contactType\":\"customer service\"},{\"@type\":\"ContactPoint\",\"url\":\"https:\/\/support.cezannehr.com\",\"email\":\"support@cezannehr.com\",\"contactType\":\"customer support\"}]},{\"@type\":\"Person\",\"@id\":\"https:\/\/cezannehr.com\/es\/#\/schema\/person\/06fcb872e3d815d8b0a4b2d06c0a9ccd\",\"name\":\"Cristina Del Amo\",\"image\":{\"@type\":\"ImageObject\",\"inLanguage\":\"es\",\"@id\":\"https:\/\/cezannehr.com\/es\/#\/schema\/person\/image\/\",\"url\":\"https:\/\/secure.gravatar.com\/avatar\/e69a3d6d60252edb45aec9db8c9e02e89aaf857f92dc9e58d64f65c7d219d142?s=96&d=mm&r=g\",\"contentUrl\":\"https:\/\/secure.gravatar.com\/avatar\/e69a3d6d60252edb45aec9db8c9e02e89aaf857f92dc9e58d64f65c7d219d142?s=96&d=mm&r=g\",\"caption\":\"Cristina Del Amo\"},\"description\":\"Soy periodista, empresaria, emprendedora y madre. Licenciada en Ciencias de la Informaci\u00f3n por la Univ. Complutense de Madrid y M\u00e1ster en Gesti\u00f3n Comercial y Marketing, por la Escuela de Negocios ESIC, mi trayectoria profesional est\u00e1 ligada al entorno de la comunicaci\u00f3n, la gesti\u00f3n empresarial y los recursos humanos.\",\"url\":\"https:\/\/cezannehr.com\/es\/hr-blog\/author\/cdelamo\/\"}]}<\/script>\n<!-- \/ Yoast SEO Premium plugin. -->","yoast_head_json":{"title":"\u00bfC\u00f3mo preparar la revisi\u00f3n del desempe\u00f1o perfecta? - Cezanne HR","description":"Descubre c\u00f3mo preparar la revisi\u00f3n del desempe\u00f1o perfecta con nuestros consejos pr\u00e1cticos. Mejora el rendimiento de tu equipo. \u00a1Empieza a optimizar hoy mismo!","robots":{"index":"index","follow":"follow","max-snippet":"max-snippet:-1","max-image-preview":"max-image-preview:large","max-video-preview":"max-video-preview:-1"},"canonical":"https:\/\/cezannehr.com\/es\/hr-blog\/2020\/12\/como-preparar-la-revision-del-desempeno-perfecta\/","og_locale":"es_ES","og_type":"article","og_title":"\u00bfC\u00f3mo preparar la revisi\u00f3n del desempe\u00f1o perfecta?","og_description":"Descubre c\u00f3mo preparar la revisi\u00f3n del desempe\u00f1o perfecta con nuestros consejos pr\u00e1cticos. Mejora el rendimiento de tu equipo. \u00a1Empieza a optimizar hoy mismo!","og_url":"https:\/\/cezannehr.com\/es\/hr-blog\/2020\/12\/como-preparar-la-revision-del-desempeno-perfecta\/","og_site_name":"Cezanne HR","article_publisher":"https:\/\/www.facebook.com\/CezanneHR","article_published_time":"2020-12-10T10:58:45+00:00","article_modified_time":"2025-02-18T08:38:42+00:00","og_image":[{"width":624,"height":351,"url":"https:\/\/cezannehr.com\/wp-content\/uploads\/2020\/07\/software-registro-jornada-laboral.png","type":"image\/png"}],"author":"Cristina Del Amo","twitter_card":"summary_large_image","twitter_creator":"@CezanneHR","twitter_site":"@CezanneHR","twitter_misc":{"Escrito por":"Cristina Del Amo","Tiempo de lectura":"5 minutos"},"schema":{"@context":"https:\/\/schema.org","@graph":[{"@type":"Article","@id":"https:\/\/cezannehr.com\/es\/hr-blog\/2020\/12\/como-preparar-la-revision-del-desempeno-perfecta\/#article","isPartOf":{"@id":"https:\/\/cezannehr.com\/es\/hr-blog\/2020\/12\/como-preparar-la-revision-del-desempeno-perfecta\/"},"author":{"name":"Cristina Del Amo","@id":"https:\/\/cezannehr.com\/es\/#\/schema\/person\/06fcb872e3d815d8b0a4b2d06c0a9ccd"},"headline":"\u00bfC\u00f3mo preparar la revisi\u00f3n del desempe\u00f1o perfecta?","datePublished":"2020-12-10T10:58:45+00:00","dateModified":"2025-02-18T08:38:42+00:00","mainEntityOfPage":{"@id":"https:\/\/cezannehr.com\/es\/hr-blog\/2020\/12\/como-preparar-la-revision-del-desempeno-perfecta\/"},"wordCount":896,"publisher":{"@id":"https:\/\/cezannehr.com\/es\/#organization"},"image":{"@id":"https:\/\/cezannehr.com\/es\/hr-blog\/2020\/12\/como-preparar-la-revision-del-desempeno-perfecta\/#primaryimage"},"thumbnailUrl":"https:\/\/i0.wp.com\/cezannehr.com\/wp-content\/uploads\/2020\/07\/software-registro-jornada-laboral.png?fit=624%2C351&ssl=1","articleSection":["RRHH general"],"inLanguage":"es"},{"@type":"WebPage","@id":"https:\/\/cezannehr.com\/es\/hr-blog\/2020\/12\/como-preparar-la-revision-del-desempeno-perfecta\/","url":"https:\/\/cezannehr.com\/es\/hr-blog\/2020\/12\/como-preparar-la-revision-del-desempeno-perfecta\/","name":"\u00bfC\u00f3mo preparar la revisi\u00f3n del desempe\u00f1o perfecta? - Cezanne HR","isPartOf":{"@id":"https:\/\/cezannehr.com\/es\/#website"},"primaryImageOfPage":{"@id":"https:\/\/cezannehr.com\/es\/hr-blog\/2020\/12\/como-preparar-la-revision-del-desempeno-perfecta\/#primaryimage"},"image":{"@id":"https:\/\/cezannehr.com\/es\/hr-blog\/2020\/12\/como-preparar-la-revision-del-desempeno-perfecta\/#primaryimage"},"thumbnailUrl":"https:\/\/i0.wp.com\/cezannehr.com\/wp-content\/uploads\/2020\/07\/software-registro-jornada-laboral.png?fit=624%2C351&ssl=1","datePublished":"2020-12-10T10:58:45+00:00","dateModified":"2025-02-18T08:38:42+00:00","description":"Descubre c\u00f3mo preparar la revisi\u00f3n del desempe\u00f1o perfecta con nuestros consejos pr\u00e1cticos. Mejora el rendimiento de tu equipo. \u00a1Empieza a optimizar hoy mismo!","breadcrumb":{"@id":"https:\/\/cezannehr.com\/es\/hr-blog\/2020\/12\/como-preparar-la-revision-del-desempeno-perfecta\/#breadcrumb"},"inLanguage":"es","potentialAction":[{"@type":"ReadAction","target":["https:\/\/cezannehr.com\/es\/hr-blog\/2020\/12\/como-preparar-la-revision-del-desempeno-perfecta\/"]}]},{"@type":"ImageObject","inLanguage":"es","@id":"https:\/\/cezannehr.com\/es\/hr-blog\/2020\/12\/como-preparar-la-revision-del-desempeno-perfecta\/#primaryimage","url":"https:\/\/i0.wp.com\/cezannehr.com\/wp-content\/uploads\/2020\/07\/software-registro-jornada-laboral.png?fit=624%2C351&ssl=1","contentUrl":"https:\/\/i0.wp.com\/cezannehr.com\/wp-content\/uploads\/2020\/07\/software-registro-jornada-laboral.png?fit=624%2C351&ssl=1","width":624,"height":351,"caption":"Software para el registro de jornada laboral"},{"@type":"BreadcrumbList","@id":"https:\/\/cezannehr.com\/es\/hr-blog\/2020\/12\/como-preparar-la-revision-del-desempeno-perfecta\/#breadcrumb","itemListElement":[{"@type":"ListItem","position":1,"name":"Software HR","item":"https:\/\/cezannehr.com\/es\/"},{"@type":"ListItem","position":2,"name":"\u00bfC\u00f3mo preparar la revisi\u00f3n del desempe\u00f1o perfecta?"}]},{"@type":"WebSite","@id":"https:\/\/cezannehr.com\/es\/#website","url":"https:\/\/cezannehr.com\/es\/","name":"Cezanne HR","description":"Gesti\u00f3n de empleados - Gesti\u00f3n de vacaciones","publisher":{"@id":"https:\/\/cezannehr.com\/es\/#organization"},"potentialAction":[{"@type":"SearchAction","target":{"@type":"EntryPoint","urlTemplate":"https:\/\/cezannehr.com\/es\/?s={search_term_string}"},"query-input":{"@type":"PropertyValueSpecification","valueRequired":true,"valueName":"search_term_string"}}],"inLanguage":"es"},{"@type":"Organization","@id":"https:\/\/cezannehr.com\/es\/#organization","name":"Cezanne HR","url":"https:\/\/cezannehr.com\/es\/","logo":{"@type":"ImageObject","inLanguage":"es","@id":"https:\/\/cezannehr.com\/es\/#\/schema\/logo\/image\/","url":"https:\/\/cezannehr.com\/wp-content\/uploads\/2026\/01\/Cezanne_logo_2026_colour.svg","contentUrl":"https:\/\/cezannehr.com\/wp-content\/uploads\/2026\/01\/Cezanne_logo_2026_colour.svg","width":1,"height":1,"caption":"Cezanne HR"},"image":{"@id":"https:\/\/cezannehr.com\/es\/#\/schema\/logo\/image\/"},"sameAs":["https:\/\/www.facebook.com\/CezanneHR","https:\/\/x.com\/CezanneHR","https:\/\/www.linkedin.com\/company\/cezanne-hr","https:\/\/uk.pinterest.com\/CezanneHR\/","https:\/\/www.youtube.com\/user\/CezanneHR"],"legalName":"Cezanne HR Limited","contactPoint":[{"@type":"ContactPoint","telephone":"+44-2072022727","contactType":"customer service"},{"@type":"ContactPoint","url":"https:\/\/support.cezannehr.com","email":"support@cezannehr.com","contactType":"customer support"}]},{"@type":"Person","@id":"https:\/\/cezannehr.com\/es\/#\/schema\/person\/06fcb872e3d815d8b0a4b2d06c0a9ccd","name":"Cristina Del Amo","image":{"@type":"ImageObject","inLanguage":"es","@id":"https:\/\/cezannehr.com\/es\/#\/schema\/person\/image\/","url":"https:\/\/secure.gravatar.com\/avatar\/e69a3d6d60252edb45aec9db8c9e02e89aaf857f92dc9e58d64f65c7d219d142?s=96&d=mm&r=g","contentUrl":"https:\/\/secure.gravatar.com\/avatar\/e69a3d6d60252edb45aec9db8c9e02e89aaf857f92dc9e58d64f65c7d219d142?s=96&d=mm&r=g","caption":"Cristina Del Amo"},"description":"Soy periodista, empresaria, emprendedora y madre. Licenciada en Ciencias de la Informaci\u00f3n por la Univ. Complutense de Madrid y M\u00e1ster en Gesti\u00f3n Comercial y Marketing, por la Escuela de Negocios ESIC, mi trayectoria profesional est\u00e1 ligada al entorno de la comunicaci\u00f3n, la gesti\u00f3n empresarial y los recursos humanos.","url":"https:\/\/cezannehr.com\/es\/hr-blog\/author\/cdelamo\/"}]}},"jetpack_featured_media_url":"https:\/\/i0.wp.com\/cezannehr.com\/wp-content\/uploads\/2020\/07\/software-registro-jornada-laboral.png?fit=624%2C351&ssl=1","jetpack_sharing_enabled":true,"amp_enabled":true,"_links":{"self":[{"href":"https:\/\/cezannehr.com\/es\/wp-json\/wp\/v2\/posts\/59112","targetHints":{"allow":["GET"]}}],"collection":[{"href":"https:\/\/cezannehr.com\/es\/wp-json\/wp\/v2\/posts"}],"about":[{"href":"https:\/\/cezannehr.com\/es\/wp-json\/wp\/v2\/types\/post"}],"author":[{"embeddable":true,"href":"https:\/\/cezannehr.com\/es\/wp-json\/wp\/v2\/users\/56"}],"replies":[{"embeddable":true,"href":"https:\/\/cezannehr.com\/es\/wp-json\/wp\/v2\/comments?post=59112"}],"version-history":[{"count":0,"href":"https:\/\/cezannehr.com\/es\/wp-json\/wp\/v2\/posts\/59112\/revisions"}],"wp:featuredmedia":[{"embeddable":true,"href":"https:\/\/cezannehr.com\/es\/wp-json\/wp\/v2\/media\/56823"}],"wp:attachment":[{"href":"https:\/\/cezannehr.com\/es\/wp-json\/wp\/v2\/media?parent=59112"}],"wp:term":[{"taxonomy":"category","embeddable":true,"href":"https:\/\/cezannehr.com\/es\/wp-json\/wp\/v2\/categories?post=59112"},{"taxonomy":"post_tag","embeddable":true,"href":"https:\/\/cezannehr.com\/es\/wp-json\/wp\/v2\/tags?post=59112"}],"curies":[{"name":"wp","href":"https:\/\/api.w.org\/{rel}","templated":true}]}}