{"id":64177,"date":"2021-10-07T15:10:18","date_gmt":"2021-10-07T15:10:18","guid":{"rendered":"https:\/\/cezannehr.com\/?p=64177"},"modified":"2022-05-09T10:16:23","modified_gmt":"2022-05-09T10:16:23","slug":"seguridad-de-los-datos-personales","status":"publish","type":"post","link":"https:\/\/cezannehr.com\/es\/hr-blog\/2021\/10\/seguridad-de-los-datos-personales\/","title":{"rendered":"La seguridad de los datos personales sigue estando en el ojo del hurac\u00e1n de RRHH"},"content":{"rendered":"<p><span style=\"vertical-align: inherit;\"><span style=\"vertical-align: inherit;\"><span style=\"vertical-align: inherit;\"><span style=\"vertical-align: inherit;\">La seguridad de los datos y su privacidad fueron temas de conversaci\u00f3n en 2018 con la entrada en vigor del RGPD. <\/span><\/span><\/span><span style=\"vertical-align: inherit;\"><span style=\"vertical-align: inherit;\"><span style=\"vertical-align: inherit;\">Ten\u00edamos la duda sobre si la seguridad de los datos conseguir\u00eda mantener la atenci\u00f3n, pasado el primer revuelo. <\/span><\/span><\/span><span style=\"vertical-align: inherit;\"><span style=\"vertical-align: inherit;\"><span style=\"vertical-align: inherit;\">Ya sabes, que el tema pierde inter\u00e9s con el paso del tiempo. <\/span><\/span><\/span><span style=\"vertical-align: inherit;\"><span style=\"vertical-align: inherit;\"><span style=\"vertical-align: inherit;\">Sin embargo, afortunadamente, no parece que haya sido as\u00ed. <\/span><\/span><\/span><span style=\"vertical-align: inherit;\"><span style=\"vertical-align: inherit;\"><span style=\"vertical-align: inherit;\">La seguridad de los datos personales sigue de actualidad en el entorno de los RRHH.<\/span><\/span><\/span><\/span><\/p>\n<p>&nbsp;<\/p>\n<p><img data-recalc-dims=\"1\" decoding=\"async\" class=\"aligncenter wp-image-63795 size-full\" src=\"https:\/\/i0.wp.com\/cezannehr.com\/wp-content\/uploads\/2021\/09\/The-Psychology-of-Relationship-Building-Privacy.png?resize=660%2C371&#038;ssl=1\" alt=\"seguridad de datos\" width=\"660\" height=\"371\" srcset=\"https:\/\/i0.wp.com\/cezannehr.com\/wp-content\/uploads\/2021\/09\/The-Psychology-of-Relationship-Building-Privacy.png?w=5200&amp;ssl=1 5200w, https:\/\/i0.wp.com\/cezannehr.com\/wp-content\/uploads\/2021\/09\/The-Psychology-of-Relationship-Building-Privacy.png?resize=300%2C169&amp;ssl=1 300w, https:\/\/i0.wp.com\/cezannehr.com\/wp-content\/uploads\/2021\/09\/The-Psychology-of-Relationship-Building-Privacy.png?resize=1024%2C576&amp;ssl=1 1024w, https:\/\/i0.wp.com\/cezannehr.com\/wp-content\/uploads\/2021\/09\/The-Psychology-of-Relationship-Building-Privacy.png?resize=768%2C432&amp;ssl=1 768w, https:\/\/i0.wp.com\/cezannehr.com\/wp-content\/uploads\/2021\/09\/The-Psychology-of-Relationship-Building-Privacy.png?resize=1536%2C864&amp;ssl=1 1536w, https:\/\/i0.wp.com\/cezannehr.com\/wp-content\/uploads\/2021\/09\/The-Psychology-of-Relationship-Building-Privacy.png?resize=2048%2C1152&amp;ssl=1 2048w, https:\/\/i0.wp.com\/cezannehr.com\/wp-content\/uploads\/2021\/09\/The-Psychology-of-Relationship-Building-Privacy.png?resize=624%2C351&amp;ssl=1 624w, https:\/\/i0.wp.com\/cezannehr.com\/wp-content\/uploads\/2021\/09\/The-Psychology-of-Relationship-Building-Privacy.png?resize=208%2C117&amp;ssl=1 208w, https:\/\/i0.wp.com\/cezannehr.com\/wp-content\/uploads\/2021\/09\/The-Psychology-of-Relationship-Building-Privacy.png?w=1320&amp;ssl=1 1320w, https:\/\/i0.wp.com\/cezannehr.com\/wp-content\/uploads\/2021\/09\/The-Psychology-of-Relationship-Building-Privacy.png?w=1980&amp;ssl=1 1980w\" sizes=\"(max-width: 660px) 100vw, 660px\" \/><\/p>\n<p><span style=\"vertical-align: inherit;\"><span style=\"vertical-align: inherit;\"><span style=\"vertical-align: inherit;\"><span style=\"vertical-align: inherit;\">De hecho, vuelve a ponerse de moda, ahora con el pol\u00e9mico Green Pass. <\/span><\/span><\/span><span style=\"vertical-align: inherit;\"><span style=\"vertical-align: inherit;\"><span style=\"vertical-align: inherit;\">Un <\/span><\/span><\/span><\/span><a href=\"https:\/\/cvd.sanidad.gob.es\/cvdcovid\/cvdcovid-formulario\/index.xhtml\" target=\"_blank\" rel=\"noopener\"><span style=\"vertical-align: inherit;\"><span style=\"vertical-align: inherit;\"><span style=\"vertical-align: inherit;\"><span style=\"vertical-align: inherit;\">certificado de vacunaci\u00f3n COVID-19<\/span><\/span><\/span><\/span><\/a><span style=\"vertical-align: inherit;\"><span style=\"vertical-align: inherit;\"><span style=\"vertical-align: inherit;\"><span style=\"vertical-align: inherit;\"> que ya est\u00e1n exigiendo en oficinas de algunos pa\u00edses europeos. <\/span><\/span><\/span><span style=\"vertical-align: inherit;\"><span style=\"vertical-align: inherit;\"><span style=\"vertical-align: inherit;\">Italia, por ejemplo. <\/span><\/span><\/span><span style=\"vertical-align: inherit;\"><span style=\"vertical-align: inherit;\"><span style=\"vertical-align: inherit;\">En Espa\u00f1a, no hemos llegado a\u00fan a ese punto. <\/span><\/span><\/span><span style=\"vertical-align: inherit;\"><span style=\"vertical-align: inherit;\"><span style=\"vertical-align: inherit;\">De momento, solo es exigible para viajar. <\/span><\/span><\/span><span style=\"vertical-align: inherit;\"><span style=\"vertical-align: inherit;\"><span style=\"vertical-align: inherit;\">Lo que no quiere decir que, el debate no est\u00e1 abierto. <\/span><\/span><\/span><span style=\"vertical-align: inherit;\"><span style=\"vertical-align: inherit;\"><span style=\"vertical-align: inherit;\">Tanto si, finalmente, se decide obligar a los trabajadores a presentar el carn\u00e9 COVID para acudir a sus puestos de trabajo, como si no, <\/span><\/span><\/span><\/span><strong><span style=\"vertical-align: inherit;\"><span style=\"vertical-align: inherit;\"><span style=\"vertical-align: inherit;\"><span style=\"vertical-align: inherit;\">la seguridad de los datos es un <\/span><\/span><\/span><\/span><em><span style=\"vertical-align: inherit;\"><span style=\"vertical-align: inherit;\"><span style=\"vertical-align: inherit;\"><span style=\"vertical-align: inherit;\">must<\/span><\/span><\/span><\/span><\/em><span style=\"vertical-align: inherit;\"><span style=\"vertical-align: inherit;\"><span style=\"vertical-align: inherit;\"><span style=\"vertical-align: inherit;\"> en el entorno de los RRHH<\/span><\/span><\/span><\/span><\/strong><span style=\"vertical-align: inherit;\"><span style=\"vertical-align: inherit;\"><span style=\"vertical-align: inherit;\"><span style=\"vertical-align: inherit;\"> .<\/span><\/span><\/span><\/span><\/p>\n<p><span style=\"vertical-align: inherit;\"><span style=\"vertical-align: inherit;\"><span style=\"vertical-align: inherit;\"><span style=\"vertical-align: inherit;\">Entonces, por su propia naturaleza, <\/span><\/span><\/span><\/span><strong><span style=\"vertical-align: inherit;\"><span style=\"vertical-align: inherit;\"><span style=\"vertical-align: inherit;\"><span style=\"vertical-align: inherit;\">el rol de RRHH implica<\/span><\/span><\/span><\/span><\/strong><span style=\"vertical-align: inherit;\"><span style=\"vertical-align: inherit;\"><span style=\"vertical-align: inherit;\"><span style=\"vertical-align: inherit;\"> el manejo de gran cantidad de datos personales. <\/span><\/span><\/span><span style=\"vertical-align: inherit;\"><span style=\"vertical-align: inherit;\"><span style=\"vertical-align: inherit;\">Y eso, <\/span><\/span><\/span><\/span><strong><span style=\"vertical-align: inherit;\"><span style=\"vertical-align: inherit;\"><span style=\"vertical-align: inherit;\"><span style=\"vertical-align: inherit;\">exige un nivel m\u00e1ximo de exigencia para garantizar la fiabilidad de los empleados<\/span><\/span><\/span><\/span><\/strong><span style=\"vertical-align: inherit;\"><span style=\"vertical-align: inherit;\"><span style=\"vertical-align: inherit;\"><span style=\"vertical-align: inherit;\"> . <\/span><\/span><\/span><span style=\"vertical-align: inherit;\"><span style=\"vertical-align: inherit;\"><span style=\"vertical-align: inherit;\">En t\u00e9rminos generales, creo que, la mayor\u00eda de los trabajadores conf\u00eda en la gesti\u00f3n que hace RRHH de sus datos personales. <\/span><\/span><\/span><span style=\"vertical-align: inherit;\"><span style=\"vertical-align: inherit;\"><span style=\"vertical-align: inherit;\">Y que cumplan con todos los requisitos que marca la Ley para garantizar la privacidad y confidencialidad de sus datos. <\/span><\/span><\/span><span style=\"vertical-align: inherit;\"><span style=\"vertical-align: inherit;\"><span style=\"vertical-align: inherit;\">Pero, no se puede bajar la guardia. <\/span><\/span><\/span><span style=\"vertical-align: inherit;\"><span style=\"vertical-align: inherit;\"><span style=\"vertical-align: inherit;\">En este sentido, <\/span><\/span><\/span><\/span><strong><span style=\"vertical-align: inherit;\"><span style=\"vertical-align: inherit;\"><span style=\"vertical-align: inherit;\"><span style=\"vertical-align: inherit;\">los recursos humanos deben seguir potenciando y visibilizando sus iniciativas para garantizar la seguridad de los datos<\/span><\/span><\/span><\/span><\/strong><span style=\"vertical-align: inherit;\"><span style=\"vertical-align: inherit;\"><span style=\"vertical-align: inherit;\"><span style=\"vertical-align: inherit;\"> .<\/span><\/span><\/span><\/span><\/p>\n<h3><span style=\"vertical-align: inherit;\"><span style=\"vertical-align: inherit;\"><span style=\"vertical-align: inherit;\"><span style=\"vertical-align: inherit;\">Datos de RR.HH. <\/span><\/span><\/span><span style=\"vertical-align: inherit;\"><span style=\"vertical-align: inherit;\"><span style=\"vertical-align: inherit;\">y sus diferentes vias<\/span><\/span><\/span><\/span><\/h3>\n<p><span style=\"vertical-align: inherit;\"><span style=\"vertical-align: inherit;\"><span style=\"vertical-align: inherit;\"><span style=\"vertical-align: inherit;\">Desde los aspectos m\u00e1s b\u00e1sicos de la seguridad de los datos -privacidad y confidencialidad-, hasta la gesti\u00f3n de la informaci\u00f3n asociada a procesos m\u00e1s complejos -cuestiones disciplinarias o despidos-, RRHH debe estar al tanto de todo. <\/span><\/span><\/span><span style=\"vertical-align: inherit;\"><span style=\"vertical-align: inherit;\"><span style=\"vertical-align: inherit;\">En este sentido, <\/span><\/span><\/span><\/span><strong><span style=\"vertical-align: inherit;\"><span style=\"vertical-align: inherit;\"><span style=\"vertical-align: inherit;\"><span style=\"vertical-align: inherit;\">los profesionales de RRHH deben ser conscientes de las diferentes formas en las que pueden llegar a la informaci\u00f3n<\/span><\/span><\/span><\/span><\/strong><span style=\"vertical-align: inherit;\"><span style=\"vertical-align: inherit;\"><span style=\"vertical-align: inherit;\"><span style=\"vertical-align: inherit;\"> .<\/span><\/span><\/span><\/span><\/p>\n<p><span style=\"vertical-align: inherit;\"><span style=\"vertical-align: inherit;\"><span style=\"vertical-align: inherit;\"><span style=\"vertical-align: inherit;\">Por ejemplo, es f\u00e1cil reconocer que los datos bancarios de una persona deben mantener seguros. <\/span><\/span><\/span><span style=\"vertical-align: inherit;\"><span style=\"vertical-align: inherit;\"><span style=\"vertical-align: inherit;\">Pero \u00bfQu\u00e9 hay de esa comida informal entre un responsable de RRHH y un manager en la que se menciona el desempe\u00f1o de un empleado? <\/span><\/span><\/span><span style=\"vertical-align: inherit;\"><span style=\"vertical-align: inherit;\"><span style=\"vertical-align: inherit;\">Est\u00e1 claro, que esos datos obtenidos de manera informal, o por casualidad, tambi\u00e9n deben ser confidenciales. <\/span><\/span><\/span><span style=\"vertical-align: inherit;\"><span style=\"vertical-align: inherit;\"><span style=\"vertical-align: inherit;\">En este sentido, RRHH debe comprender las diferentes formas en las que los datos pueden llegar hasta ellos.<\/span><\/span><\/span><\/span><\/p>\n<h3><span style=\"vertical-align: inherit;\"><span style=\"vertical-align: inherit;\"><span style=\"vertical-align: inherit;\"><span style=\"vertical-align: inherit;\">C\u00f3mo ayuda un software de recursos humanos para proteger los datos<\/span><\/span><\/span><\/span><\/h3>\n<p><span style=\"vertical-align: inherit;\"><span style=\"vertical-align: inherit;\"><span style=\"vertical-align: inherit;\"><span style=\"vertical-align: inherit;\">Dejando a un lado las raras ocasiones en las que un profesional de recursos humanos provoca deliberadamente una violaci\u00f3n de datos (puede suceder y, sin duda, hay que hacer todo lo posible para evitarlo), la mayor\u00eda de las veces, las brechas de seguridad de los datos se producen por descubrimientos o errores inconscientes.<\/span><\/span><\/span><\/span><\/p>\n<p><a href=\"https:\/\/cezannehr.com\/es\/demo\/?utm_source=blog&amp;utm_medium=banner&amp;utm_campaign=content_marketing\" target=\"_blank\" rel=\"noopener\"><img data-recalc-dims=\"1\" decoding=\"async\" class=\"alignnone wp-image-64186 size-full\" src=\"https:\/\/i0.wp.com\/cezannehr.com\/wp-content\/uploads\/2021\/10\/Rojo-Blanco-Navidad-Minorista-Anuncio-Banner-Leaderboard-6.gif?resize=660%2C82&#038;ssl=1\" alt=\"\" width=\"660\" height=\"82\" \/><\/a><\/p>\n<p><span style=\"vertical-align: inherit;\"><span style=\"vertical-align: inherit;\"><span style=\"vertical-align: inherit;\"><span style=\"vertical-align: inherit;\">Un <\/span><\/span><\/span><\/span><strong><span style=\"vertical-align: inherit;\"><span style=\"vertical-align: inherit;\"><span style=\"vertical-align: inherit;\"><span style=\"vertical-align: inherit;\">software de RRHH, como Cezanne HR puede ayudar a proteger los datos<\/span><\/span><\/span><\/span><\/strong><span style=\"vertical-align: inherit;\"><span style=\"vertical-align: inherit;\"><span style=\"vertical-align: inherit;\"><span style=\"vertical-align: inherit;\"> de sus empleados. <\/span><\/span><\/span><\/span><strong><span style=\"vertical-align: inherit;\"><span style=\"vertical-align: inherit;\"><span style=\"vertical-align: inherit;\"><span style=\"vertical-align: inherit;\">Guarda la informaci\u00f3n de manera segura. <\/span><\/span><\/span><span style=\"vertical-align: inherit;\"><span style=\"vertical-align: inherit;\"><span style=\"vertical-align: inherit;\">Y facilita el acceso a la informaci\u00f3n<\/span><\/span><\/span><\/span><\/strong><span style=\"vertical-align: inherit;\"><span style=\"vertical-align: inherit;\"><span style=\"vertical-align: inherit;\"><span style=\"vertical-align: inherit;\"> con los adecuados, de manera sencilla y r\u00e1pida.<\/span><\/span><\/span><\/span><\/p>\n<p><span style=\"vertical-align: inherit;\"><span style=\"vertical-align: inherit;\"><span style=\"vertical-align: inherit;\"><span style=\"vertical-align: inherit;\">La actualizaci\u00f3n de los datos de contacto, por ejemplo, no se perder\u00e1 en un hilo interminable de correos electr\u00f3nicos. <\/span><\/span><\/span><span style=\"vertical-align: inherit;\"><span style=\"vertical-align: inherit;\"><span style=\"vertical-align: inherit;\">Ser\u00e1n los propios interesados, los que hagan los cambios directamente en el <\/span><\/span><\/span><\/span><a href=\"https:\/\/cezannehr.com\/es\/software-rrhh\/gestion-de-las-personas\/\" target=\"_blank\" rel=\"noopener\"><span style=\"vertical-align: inherit;\"><span style=\"vertical-align: inherit;\"><span style=\"vertical-align: inherit;\"><span style=\"vertical-align: inherit;\">software de recursos humanos<\/span><\/span><\/span><\/span><\/a><span style=\"vertical-align: inherit;\"><span style=\"vertical-align: inherit;\"><span style=\"vertical-align: inherit;\"><span style=\"vertical-align: inherit;\"> , con las autorizaciones oportunas. <\/span><\/span><\/span><span style=\"vertical-align: inherit;\"><span style=\"vertical-align: inherit;\"><span style=\"vertical-align: inherit;\">Las evaluaciones de desempe\u00f1o se documentan y quedan registradas de manera confidencial. <\/span><\/span><\/span><span style=\"vertical-align: inherit;\"><span style=\"vertical-align: inherit;\"><span style=\"vertical-align: inherit;\">La gesti\u00f3n del tiempo es precisa, detallada y permanece archivada de forma segura\u2026 y, as\u00ed podr\u00eda seguir con un mont\u00f3n de ejemplos m\u00e1s.<\/span><\/span><\/span><\/span><\/p>\n<h3><span style=\"vertical-align: inherit;\"><span style=\"vertical-align: inherit;\"><span style=\"vertical-align: inherit;\"><span style=\"vertical-align: inherit;\">Seguridad de datos a lo largo y ancho<\/span><\/span><\/span><\/span><\/h3>\n<p><span style=\"vertical-align: inherit;\"><span style=\"vertical-align: inherit;\"><span style=\"vertical-align: inherit;\"><span style=\"vertical-align: inherit;\">Cuando los empleados utilizan un software de recursos humanos los d\u00edas, aumenta su confianza sobre el manejo de su informaci\u00f3n personal. <\/span><\/span><\/span><span style=\"vertical-align: inherit;\"><span style=\"vertical-align: inherit;\"><span style=\"vertical-align: inherit;\">Un software modular como Cezanne HR ofrece, adem\u00e1s, la posibilidad de ampliar su alcance a otras funciones de RRHH. <\/span><\/span><\/span><span style=\"vertical-align: inherit;\"><span style=\"vertical-align: inherit;\"><span style=\"vertical-align: inherit;\">Por eso, <\/span><\/span><\/span><\/span><strong><span style=\"vertical-align: inherit;\"><span style=\"vertical-align: inherit;\"><span style=\"vertical-align: inherit;\"><span style=\"vertical-align: inherit;\">cada vez son m\u00e1s los procesos y la informaci\u00f3n de recursos humanos que se gestionan con una soluci\u00f3n segura<\/span><\/span><\/span><\/span><\/strong><span style=\"vertical-align: inherit;\"><span style=\"vertical-align: inherit;\"><span style=\"vertical-align: inherit;\"><span style=\"vertical-align: inherit;\"> basada en la nube.<\/span><\/span><\/span><\/span><\/p>\n<p><span style=\"vertical-align: inherit;\"><span style=\"vertical-align: inherit;\"><span style=\"vertical-align: inherit;\"><span style=\"vertical-align: inherit;\">Proporcionar un RR.HH. <\/span><\/span><\/span><span style=\"vertical-align: inherit;\"><span style=\"vertical-align: inherit;\"><span style=\"vertical-align: inherit;\">las herramientas tecnol\u00f3gicas que necesitan para garantizar la privacidad y la confidencialidad de los datos, ayuda a mejorar cualquier d\u00e9ficit de confianza que la fuerza laboral pudiera tener en este sentido. <\/span><\/span><\/span><span style=\"vertical-align: inherit;\"><span style=\"vertical-align: inherit;\"><span style=\"vertical-align: inherit;\">Tambi\u00e9n es responsabilidad de RRHH y de la propia organizaci\u00f3n garantizar comportamientos y procedimientos alineados con un enfoque seguro de los datos. <\/span><\/span><\/span><span style=\"vertical-align: inherit;\"><span style=\"vertical-align: inherit;\"><span style=\"vertical-align: inherit;\">Todo para que los empleados no se sientan expuestos o vulnerables a posibles violaciones de privacidad.<\/span><\/span><\/span><\/span><\/p>\n<p><a href=\"https:\/\/cezannehr.com\/es\/demo\/?utm_source=blog&amp;utm_medium=banner&amp;utm_campaign=content_marketing\" target=\"_blank\" rel=\"noopener\"><img data-recalc-dims=\"1\" decoding=\"async\" class=\"alignnone wp-image-64192 size-full\" src=\"https:\/\/i0.wp.com\/cezannehr.com\/wp-content\/uploads\/2021\/10\/Rojo-Blanco-Navidad-Minorista-Anuncio-Banner-Leaderboard-7.gif?resize=660%2C82&#038;ssl=1\" alt=\"\" width=\"660\" height=\"82\" \/><\/a><\/p>\n<p>&nbsp;<\/p>\n","protected":false},"excerpt":{"rendered":"<p>La seguridad de los datos y su privacidad fueron temas de conversaci\u00f3n en 2018 con la entrada en vigor del RGPD. Ten\u00edamos la duda sobre si la seguridad de los datos conseguir\u00eda mantener la atenci\u00f3n, pasado el primer revuelo. Ya [&hellip;]<\/p>\n","protected":false},"author":56,"featured_media":63791,"comment_status":"closed","ping_status":"closed","sticky":false,"template":"","format":"standard","meta":{"_acf_changed":false,"_jetpack_memberships_contains_paid_content":false,"footnotes":""},"categories":[787],"tags":[],"class_list":{"0":"post-64177","1":"post","2":"type-post","3":"status-publish","4":"format-standard","5":"has-post-thumbnail","7":"category-rrhh-general","8":"cz_entry"},"acf":[],"yoast_head":"<!-- This site is optimized with the Yoast SEO Premium plugin v26.3 (Yoast SEO v26.3) - https:\/\/yoast.com\/wordpress\/plugins\/seo\/ -->\n<title>La seguridad de los datos personales sigue estando en el ojo del hurac\u00e1n de RRHH - Cezanne HR<\/title>\n<meta name=\"description\" content=\"La seguridad de los datos personales, su privacidad y confidencialidad es un must para Recursos Humanos. Te mostramos c\u00f3mo hacerlo sencillo.\" \/>\n<meta name=\"robots\" content=\"index, follow, max-snippet:-1, max-image-preview:large, max-video-preview:-1\" \/>\n<link rel=\"canonical\" href=\"https:\/\/cezannehr.com\/es\/hr-blog\/2021\/10\/seguridad-de-los-datos-personales\/\" \/>\n<meta property=\"og:locale\" content=\"es_ES\" \/>\n<meta property=\"og:type\" content=\"article\" \/>\n<meta property=\"og:title\" content=\"La seguridad de los datos personales sigue estando en el ojo del hurac\u00e1n de RRHH\" \/>\n<meta property=\"og:description\" content=\"La seguridad de los datos personales, su privacidad y confidencialidad es un must para Recursos Humanos. Te mostramos c\u00f3mo hacerlo sencillo.\" \/>\n<meta property=\"og:url\" content=\"https:\/\/cezannehr.com\/es\/hr-blog\/2021\/10\/seguridad-de-los-datos-personales\/\" \/>\n<meta property=\"og:site_name\" content=\"Cezanne HR\" \/>\n<meta property=\"article:publisher\" content=\"https:\/\/www.facebook.com\/CezanneHR\" \/>\n<meta property=\"article:published_time\" content=\"2021-10-07T15:10:18+00:00\" \/>\n<meta property=\"article:modified_time\" content=\"2022-05-09T10:16:23+00:00\" \/>\n<meta property=\"og:image\" content=\"https:\/\/i0.wp.com\/cezannehr.com\/wp-content\/uploads\/2021\/09\/The-Psychology-of-Relationship-Building-Privacy@0.5x.png?fit=624%2C351&ssl=1\" \/>\n\t<meta property=\"og:image:width\" content=\"624\" \/>\n\t<meta property=\"og:image:height\" content=\"351\" \/>\n\t<meta property=\"og:image:type\" content=\"image\/png\" \/>\n<meta name=\"author\" content=\"Cristina Del Amo\" \/>\n<meta name=\"twitter:card\" content=\"summary_large_image\" \/>\n<meta name=\"twitter:creator\" content=\"@CezanneHR\" \/>\n<meta name=\"twitter:site\" content=\"@CezanneHR\" \/>\n<meta name=\"twitter:label1\" content=\"Escrito por\" \/>\n\t<meta name=\"twitter:data1\" content=\"Manuel Villa\" \/>\n\t<meta name=\"twitter:label2\" content=\"Tiempo de lectura\" \/>\n\t<meta name=\"twitter:data2\" content=\"4 minutos\" \/>\n<script type=\"application\/ld+json\" class=\"yoast-schema-graph\">{\"@context\":\"https:\/\/schema.org\",\"@graph\":[{\"@type\":\"Article\",\"@id\":\"https:\/\/cezannehr.com\/es\/hr-blog\/2021\/10\/seguridad-de-los-datos-personales\/#article\",\"isPartOf\":{\"@id\":\"https:\/\/cezannehr.com\/es\/hr-blog\/2021\/10\/seguridad-de-los-datos-personales\/\"},\"author\":{\"name\":\"Cristina Del Amo\",\"@id\":\"https:\/\/cezannehr.com\/es\/#\/schema\/person\/06fcb872e3d815d8b0a4b2d06c0a9ccd\"},\"headline\":\"La seguridad de los datos personales sigue estando en el ojo del hurac\u00e1n de RRHH\",\"datePublished\":\"2021-10-07T15:10:18+00:00\",\"dateModified\":\"2022-05-09T10:16:23+00:00\",\"mainEntityOfPage\":{\"@id\":\"https:\/\/cezannehr.com\/es\/hr-blog\/2021\/10\/seguridad-de-los-datos-personales\/\"},\"wordCount\":799,\"publisher\":{\"@id\":\"https:\/\/cezannehr.com\/es\/#organization\"},\"image\":{\"@id\":\"https:\/\/cezannehr.com\/es\/hr-blog\/2021\/10\/seguridad-de-los-datos-personales\/#primaryimage\"},\"thumbnailUrl\":\"https:\/\/i0.wp.com\/cezannehr.com\/wp-content\/uploads\/2021\/09\/The-Psychology-of-Relationship-Building-Privacy%400.5x.png?fit=624%2C351&ssl=1\",\"articleSection\":[\"RRHH general\"],\"inLanguage\":\"es\"},{\"@type\":\"WebPage\",\"@id\":\"https:\/\/cezannehr.com\/es\/hr-blog\/2021\/10\/seguridad-de-los-datos-personales\/\",\"url\":\"https:\/\/cezannehr.com\/es\/hr-blog\/2021\/10\/seguridad-de-los-datos-personales\/\",\"name\":\"La seguridad de los datos personales sigue estando en el ojo del hurac\u00e1n de RRHH - Cezanne HR\",\"isPartOf\":{\"@id\":\"https:\/\/cezannehr.com\/es\/#website\"},\"primaryImageOfPage\":{\"@id\":\"https:\/\/cezannehr.com\/es\/hr-blog\/2021\/10\/seguridad-de-los-datos-personales\/#primaryimage\"},\"image\":{\"@id\":\"https:\/\/cezannehr.com\/es\/hr-blog\/2021\/10\/seguridad-de-los-datos-personales\/#primaryimage\"},\"thumbnailUrl\":\"https:\/\/i0.wp.com\/cezannehr.com\/wp-content\/uploads\/2021\/09\/The-Psychology-of-Relationship-Building-Privacy%400.5x.png?fit=624%2C351&ssl=1\",\"datePublished\":\"2021-10-07T15:10:18+00:00\",\"dateModified\":\"2022-05-09T10:16:23+00:00\",\"description\":\"La seguridad de los datos personales, su privacidad y confidencialidad es un must para Recursos Humanos. Te mostramos c\u00f3mo hacerlo sencillo.\",\"breadcrumb\":{\"@id\":\"https:\/\/cezannehr.com\/es\/hr-blog\/2021\/10\/seguridad-de-los-datos-personales\/#breadcrumb\"},\"inLanguage\":\"es\",\"potentialAction\":[{\"@type\":\"ReadAction\",\"target\":[\"https:\/\/cezannehr.com\/es\/hr-blog\/2021\/10\/seguridad-de-los-datos-personales\/\"]}]},{\"@type\":\"ImageObject\",\"inLanguage\":\"es\",\"@id\":\"https:\/\/cezannehr.com\/es\/hr-blog\/2021\/10\/seguridad-de-los-datos-personales\/#primaryimage\",\"url\":\"https:\/\/i0.wp.com\/cezannehr.com\/wp-content\/uploads\/2021\/09\/The-Psychology-of-Relationship-Building-Privacy%400.5x.png?fit=624%2C351&ssl=1\",\"contentUrl\":\"https:\/\/i0.wp.com\/cezannehr.com\/wp-content\/uploads\/2021\/09\/The-Psychology-of-Relationship-Building-Privacy%400.5x.png?fit=624%2C351&ssl=1\",\"width\":624,\"height\":351,\"caption\":\"psychology relationship building meeting security\"},{\"@type\":\"BreadcrumbList\",\"@id\":\"https:\/\/cezannehr.com\/es\/hr-blog\/2021\/10\/seguridad-de-los-datos-personales\/#breadcrumb\",\"itemListElement\":[{\"@type\":\"ListItem\",\"position\":1,\"name\":\"Software HR\",\"item\":\"https:\/\/cezannehr.com\/es\/\"},{\"@type\":\"ListItem\",\"position\":2,\"name\":\"La seguridad de los datos personales sigue estando en el ojo del hurac\u00e1n de RRHH\"}]},{\"@type\":\"WebSite\",\"@id\":\"https:\/\/cezannehr.com\/es\/#website\",\"url\":\"https:\/\/cezannehr.com\/es\/\",\"name\":\"Cezanne HR\",\"description\":\"Gesti\u00f3n de empleados - Gesti\u00f3n de vacaciones\",\"publisher\":{\"@id\":\"https:\/\/cezannehr.com\/es\/#organization\"},\"potentialAction\":[{\"@type\":\"SearchAction\",\"target\":{\"@type\":\"EntryPoint\",\"urlTemplate\":\"https:\/\/cezannehr.com\/es\/?s={search_term_string}\"},\"query-input\":{\"@type\":\"PropertyValueSpecification\",\"valueRequired\":true,\"valueName\":\"search_term_string\"}}],\"inLanguage\":\"es\"},{\"@type\":\"Organization\",\"@id\":\"https:\/\/cezannehr.com\/es\/#organization\",\"name\":\"Cezanne HR\",\"url\":\"https:\/\/cezannehr.com\/es\/\",\"logo\":{\"@type\":\"ImageObject\",\"inLanguage\":\"es\",\"@id\":\"https:\/\/cezannehr.com\/es\/#\/schema\/logo\/image\/\",\"url\":\"https:\/\/cezannehr.com\/wp-content\/uploads\/2026\/01\/Cezanne_logo_2026_colour.svg\",\"contentUrl\":\"https:\/\/cezannehr.com\/wp-content\/uploads\/2026\/01\/Cezanne_logo_2026_colour.svg\",\"width\":1,\"height\":1,\"caption\":\"Cezanne HR\"},\"image\":{\"@id\":\"https:\/\/cezannehr.com\/es\/#\/schema\/logo\/image\/\"},\"sameAs\":[\"https:\/\/www.facebook.com\/CezanneHR\",\"https:\/\/x.com\/CezanneHR\",\"https:\/\/www.linkedin.com\/company\/cezanne-hr\",\"https:\/\/uk.pinterest.com\/CezanneHR\/\",\"https:\/\/www.youtube.com\/user\/CezanneHR\"],\"legalName\":\"Cezanne HR Limited\",\"contactPoint\":[{\"@type\":\"ContactPoint\",\"telephone\":\"+44-2072022727\",\"contactType\":\"customer service\"},{\"@type\":\"ContactPoint\",\"url\":\"https:\/\/support.cezannehr.com\",\"email\":\"support@cezannehr.com\",\"contactType\":\"customer support\"}]},{\"@type\":\"Person\",\"@id\":\"https:\/\/cezannehr.com\/es\/#\/schema\/person\/06fcb872e3d815d8b0a4b2d06c0a9ccd\",\"name\":\"Cristina Del Amo\",\"image\":{\"@type\":\"ImageObject\",\"inLanguage\":\"es\",\"@id\":\"https:\/\/cezannehr.com\/es\/#\/schema\/person\/image\/\",\"url\":\"https:\/\/secure.gravatar.com\/avatar\/e69a3d6d60252edb45aec9db8c9e02e89aaf857f92dc9e58d64f65c7d219d142?s=96&d=mm&r=g\",\"contentUrl\":\"https:\/\/secure.gravatar.com\/avatar\/e69a3d6d60252edb45aec9db8c9e02e89aaf857f92dc9e58d64f65c7d219d142?s=96&d=mm&r=g\",\"caption\":\"Cristina Del Amo\"},\"description\":\"Soy periodista, empresaria, emprendedora y madre. Licenciada en Ciencias de la Informaci\u00f3n por la Univ. Complutense de Madrid y M\u00e1ster en Gesti\u00f3n Comercial y Marketing, por la Escuela de Negocios ESIC, mi trayectoria profesional est\u00e1 ligada al entorno de la comunicaci\u00f3n, la gesti\u00f3n empresarial y los recursos humanos.\",\"url\":\"\"}]}<\/script>\n<!-- \/ Yoast SEO Premium plugin. -->","yoast_head_json":{"title":"La seguridad de los datos personales sigue estando en el ojo del hurac\u00e1n de RRHH - Cezanne HR","description":"La seguridad de los datos personales, su privacidad y confidencialidad es un must para Recursos Humanos. Te mostramos c\u00f3mo hacerlo sencillo.","robots":{"index":"index","follow":"follow","max-snippet":"max-snippet:-1","max-image-preview":"max-image-preview:large","max-video-preview":"max-video-preview:-1"},"canonical":"https:\/\/cezannehr.com\/es\/hr-blog\/2021\/10\/seguridad-de-los-datos-personales\/","og_locale":"es_ES","og_type":"article","og_title":"La seguridad de los datos personales sigue estando en el ojo del hurac\u00e1n de RRHH","og_description":"La seguridad de los datos personales, su privacidad y confidencialidad es un must para Recursos Humanos. Te mostramos c\u00f3mo hacerlo sencillo.","og_url":"https:\/\/cezannehr.com\/es\/hr-blog\/2021\/10\/seguridad-de-los-datos-personales\/","og_site_name":"Cezanne HR","article_publisher":"https:\/\/www.facebook.com\/CezanneHR","article_published_time":"2021-10-07T15:10:18+00:00","article_modified_time":"2022-05-09T10:16:23+00:00","og_image":[{"width":624,"height":351,"url":"https:\/\/i0.wp.com\/cezannehr.com\/wp-content\/uploads\/2021\/09\/The-Psychology-of-Relationship-Building-Privacy@0.5x.png?fit=624%2C351&ssl=1","type":"image\/png"}],"author":"Cristina Del Amo","twitter_card":"summary_large_image","twitter_creator":"@CezanneHR","twitter_site":"@CezanneHR","twitter_misc":{"Escrito por":"Manuel Villa","Tiempo de lectura":"4 minutos"},"schema":{"@context":"https:\/\/schema.org","@graph":[{"@type":"Article","@id":"https:\/\/cezannehr.com\/es\/hr-blog\/2021\/10\/seguridad-de-los-datos-personales\/#article","isPartOf":{"@id":"https:\/\/cezannehr.com\/es\/hr-blog\/2021\/10\/seguridad-de-los-datos-personales\/"},"author":{"name":"Cristina Del Amo","@id":"https:\/\/cezannehr.com\/es\/#\/schema\/person\/06fcb872e3d815d8b0a4b2d06c0a9ccd"},"headline":"La seguridad de los datos personales sigue estando en el ojo del hurac\u00e1n de RRHH","datePublished":"2021-10-07T15:10:18+00:00","dateModified":"2022-05-09T10:16:23+00:00","mainEntityOfPage":{"@id":"https:\/\/cezannehr.com\/es\/hr-blog\/2021\/10\/seguridad-de-los-datos-personales\/"},"wordCount":799,"publisher":{"@id":"https:\/\/cezannehr.com\/es\/#organization"},"image":{"@id":"https:\/\/cezannehr.com\/es\/hr-blog\/2021\/10\/seguridad-de-los-datos-personales\/#primaryimage"},"thumbnailUrl":"https:\/\/i0.wp.com\/cezannehr.com\/wp-content\/uploads\/2021\/09\/The-Psychology-of-Relationship-Building-Privacy%400.5x.png?fit=624%2C351&ssl=1","articleSection":["RRHH general"],"inLanguage":"es"},{"@type":"WebPage","@id":"https:\/\/cezannehr.com\/es\/hr-blog\/2021\/10\/seguridad-de-los-datos-personales\/","url":"https:\/\/cezannehr.com\/es\/hr-blog\/2021\/10\/seguridad-de-los-datos-personales\/","name":"La seguridad de los datos personales sigue estando en el ojo del hurac\u00e1n de RRHH - Cezanne HR","isPartOf":{"@id":"https:\/\/cezannehr.com\/es\/#website"},"primaryImageOfPage":{"@id":"https:\/\/cezannehr.com\/es\/hr-blog\/2021\/10\/seguridad-de-los-datos-personales\/#primaryimage"},"image":{"@id":"https:\/\/cezannehr.com\/es\/hr-blog\/2021\/10\/seguridad-de-los-datos-personales\/#primaryimage"},"thumbnailUrl":"https:\/\/i0.wp.com\/cezannehr.com\/wp-content\/uploads\/2021\/09\/The-Psychology-of-Relationship-Building-Privacy%400.5x.png?fit=624%2C351&ssl=1","datePublished":"2021-10-07T15:10:18+00:00","dateModified":"2022-05-09T10:16:23+00:00","description":"La seguridad de los datos personales, su privacidad y confidencialidad es un must para Recursos Humanos. Te mostramos c\u00f3mo hacerlo sencillo.","breadcrumb":{"@id":"https:\/\/cezannehr.com\/es\/hr-blog\/2021\/10\/seguridad-de-los-datos-personales\/#breadcrumb"},"inLanguage":"es","potentialAction":[{"@type":"ReadAction","target":["https:\/\/cezannehr.com\/es\/hr-blog\/2021\/10\/seguridad-de-los-datos-personales\/"]}]},{"@type":"ImageObject","inLanguage":"es","@id":"https:\/\/cezannehr.com\/es\/hr-blog\/2021\/10\/seguridad-de-los-datos-personales\/#primaryimage","url":"https:\/\/i0.wp.com\/cezannehr.com\/wp-content\/uploads\/2021\/09\/The-Psychology-of-Relationship-Building-Privacy%400.5x.png?fit=624%2C351&ssl=1","contentUrl":"https:\/\/i0.wp.com\/cezannehr.com\/wp-content\/uploads\/2021\/09\/The-Psychology-of-Relationship-Building-Privacy%400.5x.png?fit=624%2C351&ssl=1","width":624,"height":351,"caption":"psychology relationship building meeting security"},{"@type":"BreadcrumbList","@id":"https:\/\/cezannehr.com\/es\/hr-blog\/2021\/10\/seguridad-de-los-datos-personales\/#breadcrumb","itemListElement":[{"@type":"ListItem","position":1,"name":"Software HR","item":"https:\/\/cezannehr.com\/es\/"},{"@type":"ListItem","position":2,"name":"La seguridad de los datos personales sigue estando en el ojo del hurac\u00e1n de RRHH"}]},{"@type":"WebSite","@id":"https:\/\/cezannehr.com\/es\/#website","url":"https:\/\/cezannehr.com\/es\/","name":"Cezanne HR","description":"Gesti\u00f3n de empleados - Gesti\u00f3n de vacaciones","publisher":{"@id":"https:\/\/cezannehr.com\/es\/#organization"},"potentialAction":[{"@type":"SearchAction","target":{"@type":"EntryPoint","urlTemplate":"https:\/\/cezannehr.com\/es\/?s={search_term_string}"},"query-input":{"@type":"PropertyValueSpecification","valueRequired":true,"valueName":"search_term_string"}}],"inLanguage":"es"},{"@type":"Organization","@id":"https:\/\/cezannehr.com\/es\/#organization","name":"Cezanne HR","url":"https:\/\/cezannehr.com\/es\/","logo":{"@type":"ImageObject","inLanguage":"es","@id":"https:\/\/cezannehr.com\/es\/#\/schema\/logo\/image\/","url":"https:\/\/cezannehr.com\/wp-content\/uploads\/2026\/01\/Cezanne_logo_2026_colour.svg","contentUrl":"https:\/\/cezannehr.com\/wp-content\/uploads\/2026\/01\/Cezanne_logo_2026_colour.svg","width":1,"height":1,"caption":"Cezanne HR"},"image":{"@id":"https:\/\/cezannehr.com\/es\/#\/schema\/logo\/image\/"},"sameAs":["https:\/\/www.facebook.com\/CezanneHR","https:\/\/x.com\/CezanneHR","https:\/\/www.linkedin.com\/company\/cezanne-hr","https:\/\/uk.pinterest.com\/CezanneHR\/","https:\/\/www.youtube.com\/user\/CezanneHR"],"legalName":"Cezanne HR Limited","contactPoint":[{"@type":"ContactPoint","telephone":"+44-2072022727","contactType":"customer service"},{"@type":"ContactPoint","url":"https:\/\/support.cezannehr.com","email":"support@cezannehr.com","contactType":"customer support"}]},{"@type":"Person","@id":"https:\/\/cezannehr.com\/es\/#\/schema\/person\/06fcb872e3d815d8b0a4b2d06c0a9ccd","name":"Cristina Del Amo","image":{"@type":"ImageObject","inLanguage":"es","@id":"https:\/\/cezannehr.com\/es\/#\/schema\/person\/image\/","url":"https:\/\/secure.gravatar.com\/avatar\/e69a3d6d60252edb45aec9db8c9e02e89aaf857f92dc9e58d64f65c7d219d142?s=96&d=mm&r=g","contentUrl":"https:\/\/secure.gravatar.com\/avatar\/e69a3d6d60252edb45aec9db8c9e02e89aaf857f92dc9e58d64f65c7d219d142?s=96&d=mm&r=g","caption":"Cristina Del Amo"},"description":"Soy periodista, empresaria, emprendedora y madre. Licenciada en Ciencias de la Informaci\u00f3n por la Univ. Complutense de Madrid y M\u00e1ster en Gesti\u00f3n Comercial y Marketing, por la Escuela de Negocios ESIC, mi trayectoria profesional est\u00e1 ligada al entorno de la comunicaci\u00f3n, la gesti\u00f3n empresarial y los recursos humanos.","url":""}]}},"jetpack_featured_media_url":"https:\/\/i0.wp.com\/cezannehr.com\/wp-content\/uploads\/2021\/09\/The-Psychology-of-Relationship-Building-Privacy%400.5x.png?fit=624%2C351&ssl=1","jetpack_sharing_enabled":true,"amp_enabled":true,"_links":{"self":[{"href":"https:\/\/cezannehr.com\/es\/wp-json\/wp\/v2\/posts\/64177","targetHints":{"allow":["GET"]}}],"collection":[{"href":"https:\/\/cezannehr.com\/es\/wp-json\/wp\/v2\/posts"}],"about":[{"href":"https:\/\/cezannehr.com\/es\/wp-json\/wp\/v2\/types\/post"}],"author":[{"embeddable":true,"href":"https:\/\/cezannehr.com\/es\/wp-json\/wp\/v2\/users\/56"}],"replies":[{"embeddable":true,"href":"https:\/\/cezannehr.com\/es\/wp-json\/wp\/v2\/comments?post=64177"}],"version-history":[{"count":0,"href":"https:\/\/cezannehr.com\/es\/wp-json\/wp\/v2\/posts\/64177\/revisions"}],"wp:featuredmedia":[{"embeddable":true,"href":"https:\/\/cezannehr.com\/es\/wp-json\/wp\/v2\/media\/63791"}],"wp:attachment":[{"href":"https:\/\/cezannehr.com\/es\/wp-json\/wp\/v2\/media?parent=64177"}],"wp:term":[{"taxonomy":"category","embeddable":true,"href":"https:\/\/cezannehr.com\/es\/wp-json\/wp\/v2\/categories?post=64177"},{"taxonomy":"post_tag","embeddable":true,"href":"https:\/\/cezannehr.com\/es\/wp-json\/wp\/v2\/tags?post=64177"}],"curies":[{"name":"wp","href":"https:\/\/api.w.org\/{rel}","templated":true}]}}