{"id":66194,"date":"2022-01-13T08:57:03","date_gmt":"2022-01-13T08:57:03","guid":{"rendered":"https:\/\/cezannehr.com\/?p=66194"},"modified":"2023-04-20T21:58:28","modified_gmt":"2023-04-20T21:58:28","slug":"cargar-pilas-en-2022-planes-de-carrera","status":"publish","type":"post","link":"https:\/\/cezannehr.com\/es\/hr-blog\/2022\/01\/cargar-pilas-en-2022-planes-de-carrera\/","title":{"rendered":"C\u00f3mo recargar las pilas de tu equipo en 2022"},"content":{"rendered":"<p><span style=\"vertical-align: inherit;\"><span style=\"vertical-align: inherit;\">Las vacaciones de Navidad han terminado. <\/span><span style=\"vertical-align: inherit;\">Puede que los Reyes Magos hayan cumplido alguno de tus deseos. <\/span><span style=\"vertical-align: inherit;\">Enhorabuena. <\/span><span style=\"vertical-align: inherit;\">Me imagino tambi\u00e9n, que tendr\u00e1s tu particular lista de nuevos prop\u00f3sitos. <\/span><span style=\"vertical-align: inherit;\">Ya sabes, esa que incluye la matr\u00edcula del gimnasio, los idiomas o los viajes, \u2026<\/span><\/span><\/p>\n<p><span style=\"vertical-align: inherit;\"><span style=\"vertical-align: inherit;\">Pero, toca volver a la rutina del trabajo. <\/span><span style=\"vertical-align: inherit;\">Regresar este a\u00f1o, de momento, no implica, \u201crascar\u201d por las ma\u00f1anas el hielo del coche. <\/span><span style=\"vertical-align: inherit;\">O aguantar el atasco de la hora punta. <\/span><span style=\"vertical-align: inherit;\">Muchas empresas han vuelto al teletrabajo. <\/span><span style=\"vertical-align: inherit;\">En cualquier caso, encender el ordenador despu\u00e9s de este per\u00edodo de descanso y desconexi\u00f3n es, en s\u00ed mismo, un esfuerzo. <\/span><span style=\"vertical-align: inherit;\">Tal vez, un esfuerzo m\u00e1s mental que f\u00edsico.<\/span><\/span><\/p>\n<p><span style=\"vertical-align: inherit;\"><span style=\"vertical-align: inherit;\">Pero, vamos, tengo la sensaci\u00f3n de que los primeros d\u00edas tras las vacaciones son bastante improductivos. <\/span><span style=\"vertical-align: inherit;\">La gente tarda en construirse de nuevo. <\/span><span style=\"vertical-align: inherit;\">Recordar las contrase\u00f1as de acceso. <\/span><span style=\"vertical-align: inherit;\">Retomar los proyectos y tareas que quedaron pendientes. <\/span><span style=\"vertical-align: inherit;\">No s\u00e9, puede que esto solo me pase a m\u00ed.<\/span><\/span><\/p>\n<p><span style=\"vertical-align: inherit;\"><span style=\"vertical-align: inherit;\">Creo que, la \u201cvuelta al trabajo\u201d tambi\u00e9n puede generar cierta ansiedad. <\/span><span style=\"vertical-align: inherit;\">Especialmente cuando se produce tras un per\u00edodo largo sin trabajar. <\/span><span style=\"vertical-align: inherit;\">La idea de empezar puede provocar una sensaci\u00f3n de angustia. <\/span><span style=\"vertical-align: inherit;\">El despertador. <\/span><span style=\"vertical-align: inherit;\">Madrugar. <\/span><span style=\"vertical-align: inherit;\">Las rutinas. <\/span><span style=\"vertical-align: inherit;\">La presion de los plazos. <\/span><span style=\"vertical-align: inherit;\">Cuando lo que, de verdad te gustar\u00eda seguir viendo series en Netflix. <\/span><span style=\"vertical-align: inherit;\">Y comer cantidades de ingentes de dulces. <\/span><span style=\"vertical-align: inherit;\">Pero claro, puede, que esto, tambi\u00e9n me pase solo a m\u00ed.<\/span><\/span><\/p>\n<p><img data-recalc-dims=\"1\" decoding=\"async\" class=\"aligncenter wp-image-66062 size-large\" src=\"https:\/\/i0.wp.com\/cezannehr.com\/wp-content\/uploads\/2022\/01\/Getting-Your-Team-Energised-for-2022.png?resize=660%2C371&#038;ssl=1\" alt=\"recargar las pilas de tu equipo. aviones de carrera\" width=\"660\" height=\"371\" srcset=\"https:\/\/i0.wp.com\/cezannehr.com\/wp-content\/uploads\/2022\/01\/Getting-Your-Team-Energised-for-2022.png?resize=1024%2C576&amp;ssl=1 1024w, https:\/\/i0.wp.com\/cezannehr.com\/wp-content\/uploads\/2022\/01\/Getting-Your-Team-Energised-for-2022.png?resize=300%2C169&amp;ssl=1 300w, https:\/\/i0.wp.com\/cezannehr.com\/wp-content\/uploads\/2022\/01\/Getting-Your-Team-Energised-for-2022.png?resize=768%2C432&amp;ssl=1 768w, https:\/\/i0.wp.com\/cezannehr.com\/wp-content\/uploads\/2022\/01\/Getting-Your-Team-Energised-for-2022.png?resize=1536%2C864&amp;ssl=1 1536w, https:\/\/i0.wp.com\/cezannehr.com\/wp-content\/uploads\/2022\/01\/Getting-Your-Team-Energised-for-2022.png?resize=2048%2C1152&amp;ssl=1 2048w, https:\/\/i0.wp.com\/cezannehr.com\/wp-content\/uploads\/2022\/01\/Getting-Your-Team-Energised-for-2022.png?resize=624%2C351&amp;ssl=1 624w, https:\/\/i0.wp.com\/cezannehr.com\/wp-content\/uploads\/2022\/01\/Getting-Your-Team-Energised-for-2022.png?resize=208%2C117&amp;ssl=1 208w, https:\/\/i0.wp.com\/cezannehr.com\/wp-content\/uploads\/2022\/01\/Getting-Your-Team-Energised-for-2022.png?w=1320&amp;ssl=1 1320w, https:\/\/i0.wp.com\/cezannehr.com\/wp-content\/uploads\/2022\/01\/Getting-Your-Team-Energised-for-2022.png?w=1980&amp;ssl=1 1980w\" sizes=\"(max-width: 660px) 100vw, 660px\" \/><\/p>\n<p><span style=\"vertical-align: inherit;\"><span style=\"vertical-align: inherit;\">En cualquier caso, si quieres empezar bien el a\u00f1o nuevo, es importante que te llenes de energ\u00eda. <\/span><span style=\"vertical-align: inherit;\">Y que salgas del \u201cmodo fiesta\u201d cuanto antes. <\/span><span style=\"vertical-align: inherit;\">Te lanzo un reto: \u00bfQu\u00e9 crees que puedes hacer t\u00fa, desde el \u00e1rea de RRHH, para motivar a tu equipo en 2022? <\/span><span style=\"vertical-align: inherit;\">Dise\u00f1ar planes de carrera individuales, practicar una evaluaci\u00f3n continua del desempe\u00f1o, escuchar a tu gente,&#8230; Te propongo algunas ideas.<\/span><\/span><\/p>\n<h3><span style=\"vertical-align: inherit;\"><span style=\"vertical-align: inherit;\">1. Dejar que la gente se adapte<\/span><\/span><\/h3>\n<p><span style=\"vertical-align: inherit;\"><span style=\"vertical-align: inherit;\">El primer d\u00eda es un d\u00eda de \u201creconexi\u00f3n\u201d. <\/span><span style=\"vertical-align: inherit;\">Revisar los correos electr\u00f3nicos. <\/span><span style=\"vertical-align: inherit;\">Ordenar los mensajes que se acumularon durante las vacaciones. <\/span><span style=\"vertical-align: inherit;\">Saludar a los compa\u00f1eros, aunque sea virtualmente. <\/span><span style=\"vertical-align: inherit;\">En fin, ubicarte para volver de nuevo a la rutina del trabajo. <\/span><span style=\"vertical-align: inherit;\">Mentalmente puede ser agotado volver si, durante un tiempo, hemos podido desconectar de verdad. <\/span><span style=\"vertical-align: inherit;\">Por eso, es importante dar a tu gente, el tiempo necesario para volver a la rutina.<\/span><\/span><\/p>\n<p><span style=\"vertical-align: inherit;\"><span style=\"vertical-align: inherit;\">Es natural intercambiar an\u00e9cdotas sobre el pavo que no se descongel\u00f3 a tiempo. <\/span><span style=\"vertical-align: inherit;\">Sobre si se ha cenado en familia, con amigos o aislado por culpa del Covid. <\/span><span style=\"vertical-align: inherit;\">O si has tenido la oportunidad de hacer alguna escapada a la nieve. <\/span><span style=\"vertical-align: inherit;\">Deja que todos tengan, al menos, un par de horas para ponerse al d\u00eda. <\/span><span style=\"vertical-align: inherit;\">Para \u201caclimatarse\u201d y limpiar su bandeja de entrada de los correos \u201cbasura\u201d: Despu\u00e9s, ya puedes lanzar tu mensaje inspirador de A\u00f1o Nuevo. <\/span><span style=\"vertical-align: inherit;\">O presentar los nuevos proyectos.<\/span><\/span><\/p>\n<h3><span style=\"vertical-align: inherit;\"><span style=\"vertical-align: inherit;\">2. Reunir al equipo<\/span><\/span><\/h3>\n<p><span style=\"vertical-align: inherit;\"><span style=\"vertical-align: inherit;\">Celebrar una reuni\u00f3n con el equipo cuanto antes es una buena idea. <\/span><span style=\"vertical-align: inherit;\">Ayudar\u00e1 a fijar las prioridades inmediatas. <\/span><span style=\"vertical-align: inherit;\">Y a que todos pongan el foco en ellas. <\/span><span style=\"vertical-align: inherit;\">Es bueno hablar de la agenda de 2022, especialmente para quienes trabajan a distancia. <\/span><span style=\"vertical-align: inherit;\">Aunque, claro, mejor no convoques esta reuni\u00f3n nada m\u00e1s llegar de las vacaciones.<\/span><\/span><\/p>\n<p><span style=\"vertical-align: inherit;\"><span style=\"vertical-align: inherit;\">Intente generar un dialogo abierto. <\/span><span style=\"vertical-align: inherit;\">No un mon\u00f3logo. <\/span><span style=\"vertical-align: inherit;\">Ni una discusion. <\/span><span style=\"vertical-align: inherit;\">Seguro que hay mensajes que quieres transmitir. <\/span><span style=\"vertical-align: inherit;\">Pero, es importante dar a la gente la oportunidad de compartir su visi\u00f3n. <\/span><span style=\"vertical-align: inherit;\">Explicar las caracter\u00edsticas son sus desaf\u00edos y las ideas que tienen para enfrentarlos. <\/span><span style=\"vertical-align: inherit;\">Tambi\u00e9n deben poder hacer todas las preguntas que consideren oportunas.<\/span><\/span><\/p>\n<p><span style=\"vertical-align: inherit;\"><span style=\"vertical-align: inherit;\">Se trata de generar un ambiente positivo. <\/span><span style=\"vertical-align: inherit;\">Animar a todos a identificar alguna cosa buena que les haya pasado durante los primeros d\u00edas tras la vuelta al trabajo. <\/span><span style=\"vertical-align: inherit;\">Y, por supuesto, compartir los proyectos que les entusiasman de cara al futuro.<\/span><\/span><\/p>\n<h3><span style=\"vertical-align: inherit;\"><span style=\"vertical-align: inherit;\">3. Refrescar los objetivos individuales<\/span><\/span><\/h3>\n<p><span style=\"vertical-align: inherit;\"><span style=\"vertical-align: inherit;\">Es f\u00e1cil que, despu\u00e9s de una pausa larga, la gente pierda de vista sus objetivos personales. <\/span><span style=\"vertical-align: inherit;\">Intenta sacar tiempo para sentarte con cada uno de forma individual. <\/span><span style=\"vertical-align: inherit;\">Y recordarle sus principales objetivos. <\/span><span style=\"vertical-align: inherit;\">O, quiz\u00e1s para definir otros nuevos. <\/span><span style=\"vertical-align: inherit;\">Un <\/span><\/span><a href=\"http:\/\/www.cezannehr.com\/es\" target=\"_blank\" rel=\"noopener\"><span style=\"vertical-align: inherit;\"><span style=\"vertical-align: inherit;\">software de RRHH, como Cezanne HR<\/span><\/span><\/a><span style=\"vertical-align: inherit;\"><span style=\"vertical-align: inherit;\"> , simplifica la evaluaci\u00f3n continua del desempe\u00f1o. <\/span><span style=\"vertical-align: inherit;\">Esto facilita a los managers ya RRHH el establecimiento y seguimiento de metas y objetivos.<\/span><\/span><\/p>\n<p style=\"text-align: center;\"><a href=\"https:\/\/cezannehr.com\/es\/demo\/?utm_source=blog&amp;utm_medium=banner&amp;utm_campaign=content_marketing\" target=\"_blank\" rel=\"noopener\"><img data-recalc-dims=\"1\" decoding=\"async\" class=\"alignnone wp-image-66218 size-large\" src=\"https:\/\/i0.wp.com\/cezannehr.com\/wp-content\/uploads\/2022\/01\/SOFTWARE_ANALITICO_AZUL_OSCURO.jpg?resize=660%2C82&#038;ssl=1\" alt=\"\" width=\"660\" height=\"82\" srcset=\"https:\/\/i0.wp.com\/cezannehr.com\/wp-content\/uploads\/2022\/01\/SOFTWARE_ANALITICO_AZUL_OSCURO.jpg?resize=1024%2C127&amp;ssl=1 1024w, https:\/\/i0.wp.com\/cezannehr.com\/wp-content\/uploads\/2022\/01\/SOFTWARE_ANALITICO_AZUL_OSCURO.jpg?resize=300%2C37&amp;ssl=1 300w, https:\/\/i0.wp.com\/cezannehr.com\/wp-content\/uploads\/2022\/01\/SOFTWARE_ANALITICO_AZUL_OSCURO.jpg?resize=768%2C95&amp;ssl=1 768w, https:\/\/i0.wp.com\/cezannehr.com\/wp-content\/uploads\/2022\/01\/SOFTWARE_ANALITICO_AZUL_OSCURO.jpg?w=1456&amp;ssl=1 1456w, https:\/\/i0.wp.com\/cezannehr.com\/wp-content\/uploads\/2022\/01\/SOFTWARE_ANALITICO_AZUL_OSCURO.jpg?w=1320&amp;ssl=1 1320w\" sizes=\"(max-width: 660px) 100vw, 660px\" \/><\/a><\/p>\n<p><span style=\"vertical-align: inherit;\"><span style=\"vertical-align: inherit;\">Aseg\u00farese de que todos entiendan c\u00f3mo encaja su papel en el ecosistema corporativo. <\/span><span style=\"vertical-align: inherit;\">Y escucha su opini\u00f3n sobre cu\u00e1l cree que es la mejor manera de conseguir los objetivos establecidos. <\/span><span style=\"vertical-align: inherit;\">Si las personas participan en el debate, es m\u00e1s probable que se comprometan con las acciones acordadas. <\/span><span style=\"vertical-align: inherit;\">Y que aumente su motivaci\u00f3n y compromiso para alcanzar las metas propuestas.<\/span><\/span><\/p>\n<h3><span style=\"vertical-align: inherit;\"><span style=\"vertical-align: inherit;\">4. Hablar sobre los planes de carrera y el desarrollo profesional<\/span><\/span><\/h3>\n<p><span style=\"vertical-align: inherit;\"><span style=\"vertical-align: inherit;\">El comienzo del a\u00f1o es tambi\u00e9n un buen momento para hablar sobre las aspiraciones profesionales de cada uno. <\/span><span style=\"vertical-align: inherit;\">Durante las vacaciones, muchos empleados habr\u00e1n podido reflexionar sobre lo que quieren de la vida y el trabajo. <\/span><span style=\"vertical-align: inherit;\">Y quiz\u00e1s, si la vuelta al trabajo les deprime, puede que est\u00e9n considerando sus opciones.<\/span><\/span><\/p>\n<p><span style=\"vertical-align: inherit;\"><span style=\"vertical-align: inherit;\">Algunas personas -generalmente las que no quieren perder- pueden haber decidido que es hora de buscar nuevas oportunidades. <\/span><span style=\"vertical-align: inherit;\">Y, puesto que actualmente estamos en medio de la gran crisis pand\u00e9mica, conviene, m\u00e1s que nunca, apostar por la fidelizaci\u00f3n del talento. <\/span><span style=\"vertical-align: inherit;\">Trata de entender lo que la gente espera de su rol. <\/span><span style=\"vertical-align: inherit;\">Y c\u00f3mo le gustar\u00eda verse -profesionalmente- a largo plazo. <\/span><span style=\"vertical-align: inherit;\">Cu\u00e1l ser\u00eda su plan de carrera ideal.<\/span><\/span><\/p>\n<p><span style=\"vertical-align: inherit;\"><span style=\"vertical-align: inherit;\">Si sabe correctamente son las aspiraciones de los empleados, podr\u00e1 ayudarlos, ofreci\u00e9ndoles nuevos desaf\u00edos y oportunidades. <\/span><span style=\"vertical-align: inherit;\">Los planes de carrera individualizados podran evitar la temida fuga de talentos.<\/span><\/span><\/p>\n<h3><span style=\"vertical-align: inherit;\"><span style=\"vertical-align: inherit;\">5. Planificar algo social<\/span><\/span><\/h3>\n<p><span style=\"vertical-align: inherit;\"><span style=\"vertical-align: inherit;\">Reconozc\u00e1moslo: enero puede ser un mes bastante gris. <\/span><span style=\"vertical-align: inherit;\">Todo el mundo est\u00e1 arruinado, a dieta o confinado. <\/span><span style=\"vertical-align: inherit;\">El tiempo es fr\u00edo. <\/span><span style=\"vertical-align: inherit;\">Los dias son cortos. <\/span><span style=\"vertical-align: inherit;\">Y, en fin, la famosa cuesta se nos hace cada vez m\u00e1s elevada. <\/span><span style=\"vertical-align: inherit;\">Para animar a la gente, \u00bfpor qu\u00e9 no organiza algo divertido? <\/span><span style=\"vertical-align: inherit;\">No hablo de un afterwork, como lo entend\u00edamos antes de la pandemia. <\/span><span style=\"vertical-align: inherit;\">De momento, las restricciones no permiten grandes alarmas en este sentido.<\/span><\/span><\/p>\n<p><a href=\"https:\/\/cezannehr.com\/es\/demo\/?utm_source=blog&amp;utm_medium=banner&amp;utm_campaign=content_marketing\" target=\"_blank\" rel=\"noopener\"><img data-recalc-dims=\"1\" decoding=\"async\" class=\"aligncenter wp-image-66197 size-large\" src=\"https:\/\/i0.wp.com\/cezannehr.com\/wp-content\/uploads\/2022\/01\/banner_firma_azul_oscuro_bis.png?resize=660%2C82&#038;ssl=1\" alt=\"\" width=\"660\" height=\"82\" srcset=\"https:\/\/i0.wp.com\/cezannehr.com\/wp-content\/uploads\/2022\/01\/banner_firma_azul_oscuro_bis.png?resize=1024%2C127&amp;ssl=1 1024w, https:\/\/i0.wp.com\/cezannehr.com\/wp-content\/uploads\/2022\/01\/banner_firma_azul_oscuro_bis.png?resize=300%2C37&amp;ssl=1 300w, https:\/\/i0.wp.com\/cezannehr.com\/wp-content\/uploads\/2022\/01\/banner_firma_azul_oscuro_bis.png?resize=768%2C95&amp;ssl=1 768w, https:\/\/i0.wp.com\/cezannehr.com\/wp-content\/uploads\/2022\/01\/banner_firma_azul_oscuro_bis.png?w=1456&amp;ssl=1 1456w, https:\/\/i0.wp.com\/cezannehr.com\/wp-content\/uploads\/2022\/01\/banner_firma_azul_oscuro_bis.png?w=1320&amp;ssl=1 1320w\" sizes=\"(max-width: 660px) 100vw, 660px\" \/><\/a><\/p>\n<p><span style=\"vertical-align: inherit;\"><span style=\"vertical-align: inherit;\">Pero, busca un momento, quiz\u00e1s la hora del almuerzo, para proponer algo divertido que no est\u00e9 relacionado con el trabajo. <\/span><span style=\"vertical-align: inherit;\">Una charla informal que ayude a conocer m\u00e1s a tu gente. <\/span><span style=\"vertical-align: inherit;\">No, a los empleados, sino a las personas. <\/span><span style=\"vertical-align: inherit;\">Una competici\u00f3n con juegos de habilidades. <\/span><span style=\"vertical-align: inherit;\">\u00bfConoces la \u201cTorre de Hannoi o el Cubo de Rubik? <\/span><span style=\"vertical-align: inherit;\">Sacado de contexto, igual te parece una tonter\u00eda. <\/span><span style=\"vertical-align: inherit;\">Pero, si consigues que la gente se enganche habr\u00e1s creado una comunidad.<\/span><\/span><\/p>\n<p><span style=\"vertical-align: inherit;\"><span style=\"vertical-align: inherit;\">En todo caso, intenta que sea algo inclusivo. <\/span><span style=\"vertical-align: inherit;\">Que ofrecer a la gente la posibilidad de divertirse un poco en medio de la pena por tener que volver al trabajo. <\/span><span style=\"vertical-align: inherit;\">Y, como siempre digo, practica con el ejemplo.<\/span><\/span><\/p>\n<p><span style=\"vertical-align: inherit;\"><span style=\"vertical-align: inherit;\">En definitiva, tanto si tienes unos planes de carrera perfectos. <\/span><span style=\"vertical-align: inherit;\">Como si apuestas por la revisi\u00f3n peri\u00f3dica del desempe\u00f1o. <\/span><span style=\"vertical-align: inherit;\">O te re\u00fanas con tu equipo para escucharlos y ayudarte. <\/span><span style=\"vertical-align: inherit;\">Lo cierto es que este 2022 se presenta \u00abmovidito\u00bb. <\/span><span style=\"vertical-align: inherit;\">As\u00ed que, lo mejor que puedes hacer es cargar las pilas. <\/span><span style=\"vertical-align: inherit;\">Las tuyas propias y las de tu equipo. <\/span><span style=\"vertical-align: inherit;\">Y facilitar el dia a dia. <\/span><span style=\"vertical-align: inherit;\">Desde el punto de vista operativo. <\/span><span style=\"vertical-align: inherit;\">Pero tambi\u00e9n en clave m\u00e1s estrat\u00e9gica.<\/span><\/span><\/p>\n<p><span style=\"vertical-align: inherit;\"><span style=\"vertical-align: inherit;\">Para ello, necesitar\u00e1s tener a tu disposici\u00f3n la tecnolog\u00eda adecuada. <\/span><span style=\"vertical-align: inherit;\">Tecnolog\u00eda que facilita. <\/span><span style=\"vertical-align: inherit;\">Que \u00e1gil. <\/span><span style=\"vertical-align: inherit;\">Y que permitan analizar, planificar y tomar decisiones m\u00e1s inteligentes. <\/span><span style=\"vertical-align: inherit;\">En Cezanne HR tenemos la clave. <\/span><\/span><a href=\"https:\/\/cezannehr.com\/es\/demo\/\" target=\"_blank\" rel=\"noopener\"><span style=\"vertical-align: inherit;\"><span style=\"vertical-align: inherit;\">\u00bfQuieres verla?<\/span><\/span><\/a><\/p>\n<p>&nbsp;<\/p>\n","protected":false},"excerpt":{"rendered":"<p>Las vacaciones de Navidad han terminado. Puede que los Reyes Magos hayan cumplido alguno de tus deseos. Enhorabuena. Me imagino tambi\u00e9n, que tendr\u00e1s tu particular lista de nuevos prop\u00f3sitos. Ya sabes, esa que incluye la matr\u00edcula del gimnasio, los idiomas [&hellip;]<\/p>\n","protected":false},"author":56,"featured_media":66066,"comment_status":"closed","ping_status":"closed","sticky":false,"template":"","format":"standard","meta":{"_acf_changed":false,"_jetpack_memberships_contains_paid_content":false,"footnotes":""},"categories":[787],"tags":[],"class_list":{"0":"post-66194","1":"post","2":"type-post","3":"status-publish","4":"format-standard","5":"has-post-thumbnail","7":"category-rrhh-general","8":"cz_entry"},"acf":[],"yoast_head":"<!-- This site is optimized with the Yoast SEO Premium plugin v26.3 (Yoast SEO v26.3) - https:\/\/yoast.com\/wordpress\/plugins\/seo\/ -->\n<title>C\u00f3mo recargar las pilas de tu equipo en 2022 - Cezanne HR<\/title>\n<meta name=\"description\" content=\"\u00bfC\u00f3mo cargar las pilas de tu equipo en 2022? Planes de carrera, evaluaciones peri\u00f3dicas del desempe\u00f1o, charlas informales, etc.\" \/>\n<meta name=\"robots\" content=\"index, follow, max-snippet:-1, max-image-preview:large, max-video-preview:-1\" \/>\n<link rel=\"canonical\" href=\"https:\/\/cezannehr.com\/es\/hr-blog\/2022\/01\/cargar-pilas-en-2022-planes-de-carrera\/\" \/>\n<meta property=\"og:locale\" content=\"es_ES\" \/>\n<meta property=\"og:type\" content=\"article\" \/>\n<meta property=\"og:title\" content=\"C\u00f3mo recargar las pilas de tu equipo en 2022\" \/>\n<meta property=\"og:description\" content=\"\u00bfC\u00f3mo cargar las pilas de tu equipo en 2022? Planes de carrera, evaluaciones peri\u00f3dicas del desempe\u00f1o, charlas informales, etc.\" \/>\n<meta property=\"og:url\" content=\"https:\/\/cezannehr.com\/es\/hr-blog\/2022\/01\/cargar-pilas-en-2022-planes-de-carrera\/\" \/>\n<meta property=\"og:site_name\" content=\"Cezanne HR\" \/>\n<meta property=\"article:publisher\" content=\"https:\/\/www.facebook.com\/CezanneHR\" \/>\n<meta property=\"article:published_time\" content=\"2022-01-13T08:57:03+00:00\" \/>\n<meta property=\"article:modified_time\" content=\"2023-04-20T21:58:28+00:00\" \/>\n<meta property=\"og:image\" content=\"https:\/\/i0.wp.com\/cezannehr.com\/wp-content\/uploads\/2022\/01\/Getting-Your-Team-Energised-for-2022@0.5x.png?fit=624%2C351&ssl=1\" \/>\n\t<meta property=\"og:image:width\" content=\"624\" \/>\n\t<meta property=\"og:image:height\" content=\"351\" \/>\n\t<meta property=\"og:image:type\" content=\"image\/png\" \/>\n<meta name=\"author\" content=\"Cristina Del Amo\" \/>\n<meta name=\"twitter:card\" content=\"summary_large_image\" \/>\n<meta name=\"twitter:creator\" content=\"@CezanneHR\" \/>\n<meta name=\"twitter:site\" content=\"@CezanneHR\" \/>\n<meta name=\"twitter:label1\" content=\"Escrito por\" \/>\n\t<meta name=\"twitter:data1\" content=\"Meybel Sanoja\" \/>\n\t<meta name=\"twitter:label2\" content=\"Tiempo de lectura\" \/>\n\t<meta name=\"twitter:data2\" content=\"6 minutos\" \/>\n<script type=\"application\/ld+json\" class=\"yoast-schema-graph\">{\"@context\":\"https:\/\/schema.org\",\"@graph\":[{\"@type\":\"Article\",\"@id\":\"https:\/\/cezannehr.com\/es\/hr-blog\/2022\/01\/cargar-pilas-en-2022-planes-de-carrera\/#article\",\"isPartOf\":{\"@id\":\"https:\/\/cezannehr.com\/es\/hr-blog\/2022\/01\/cargar-pilas-en-2022-planes-de-carrera\/\"},\"author\":{\"name\":\"Cristina Del Amo\",\"@id\":\"https:\/\/cezannehr.com\/es\/#\/schema\/person\/06fcb872e3d815d8b0a4b2d06c0a9ccd\"},\"headline\":\"C\u00f3mo recargar las pilas de tu equipo en 2022\",\"datePublished\":\"2022-01-13T08:57:03+00:00\",\"dateModified\":\"2023-04-20T21:58:28+00:00\",\"mainEntityOfPage\":{\"@id\":\"https:\/\/cezannehr.com\/es\/hr-blog\/2022\/01\/cargar-pilas-en-2022-planes-de-carrera\/\"},\"wordCount\":1277,\"publisher\":{\"@id\":\"https:\/\/cezannehr.com\/es\/#organization\"},\"image\":{\"@id\":\"https:\/\/cezannehr.com\/es\/hr-blog\/2022\/01\/cargar-pilas-en-2022-planes-de-carrera\/#primaryimage\"},\"thumbnailUrl\":\"https:\/\/i0.wp.com\/cezannehr.com\/wp-content\/uploads\/2022\/01\/Getting-Your-Team-Energised-for-2022%400.5x.png?fit=624%2C351&ssl=1\",\"articleSection\":[\"RRHH general\"],\"inLanguage\":\"es\"},{\"@type\":\"WebPage\",\"@id\":\"https:\/\/cezannehr.com\/es\/hr-blog\/2022\/01\/cargar-pilas-en-2022-planes-de-carrera\/\",\"url\":\"https:\/\/cezannehr.com\/es\/hr-blog\/2022\/01\/cargar-pilas-en-2022-planes-de-carrera\/\",\"name\":\"C\u00f3mo recargar las pilas de tu equipo en 2022 - Cezanne HR\",\"isPartOf\":{\"@id\":\"https:\/\/cezannehr.com\/es\/#website\"},\"primaryImageOfPage\":{\"@id\":\"https:\/\/cezannehr.com\/es\/hr-blog\/2022\/01\/cargar-pilas-en-2022-planes-de-carrera\/#primaryimage\"},\"image\":{\"@id\":\"https:\/\/cezannehr.com\/es\/hr-blog\/2022\/01\/cargar-pilas-en-2022-planes-de-carrera\/#primaryimage\"},\"thumbnailUrl\":\"https:\/\/i0.wp.com\/cezannehr.com\/wp-content\/uploads\/2022\/01\/Getting-Your-Team-Energised-for-2022%400.5x.png?fit=624%2C351&ssl=1\",\"datePublished\":\"2022-01-13T08:57:03+00:00\",\"dateModified\":\"2023-04-20T21:58:28+00:00\",\"description\":\"\u00bfC\u00f3mo cargar las pilas de tu equipo en 2022? Planes de carrera, evaluaciones peri\u00f3dicas del desempe\u00f1o, charlas informales, etc.\",\"breadcrumb\":{\"@id\":\"https:\/\/cezannehr.com\/es\/hr-blog\/2022\/01\/cargar-pilas-en-2022-planes-de-carrera\/#breadcrumb\"},\"inLanguage\":\"es\",\"potentialAction\":[{\"@type\":\"ReadAction\",\"target\":[\"https:\/\/cezannehr.com\/es\/hr-blog\/2022\/01\/cargar-pilas-en-2022-planes-de-carrera\/\"]}]},{\"@type\":\"ImageObject\",\"inLanguage\":\"es\",\"@id\":\"https:\/\/cezannehr.com\/es\/hr-blog\/2022\/01\/cargar-pilas-en-2022-planes-de-carrera\/#primaryimage\",\"url\":\"https:\/\/i0.wp.com\/cezannehr.com\/wp-content\/uploads\/2022\/01\/Getting-Your-Team-Energised-for-2022%400.5x.png?fit=624%2C351&ssl=1\",\"contentUrl\":\"https:\/\/i0.wp.com\/cezannehr.com\/wp-content\/uploads\/2022\/01\/Getting-Your-Team-Energised-for-2022%400.5x.png?fit=624%2C351&ssl=1\",\"width\":624,\"height\":351,\"caption\":\"staff team jump battery energised\"},{\"@type\":\"BreadcrumbList\",\"@id\":\"https:\/\/cezannehr.com\/es\/hr-blog\/2022\/01\/cargar-pilas-en-2022-planes-de-carrera\/#breadcrumb\",\"itemListElement\":[{\"@type\":\"ListItem\",\"position\":1,\"name\":\"Software HR\",\"item\":\"https:\/\/cezannehr.com\/es\/\"},{\"@type\":\"ListItem\",\"position\":2,\"name\":\"C\u00f3mo recargar las pilas de tu equipo en 2022\"}]},{\"@type\":\"WebSite\",\"@id\":\"https:\/\/cezannehr.com\/es\/#website\",\"url\":\"https:\/\/cezannehr.com\/es\/\",\"name\":\"Cezanne HR\",\"description\":\"Gesti\u00f3n de empleados - Gesti\u00f3n de vacaciones\",\"publisher\":{\"@id\":\"https:\/\/cezannehr.com\/es\/#organization\"},\"potentialAction\":[{\"@type\":\"SearchAction\",\"target\":{\"@type\":\"EntryPoint\",\"urlTemplate\":\"https:\/\/cezannehr.com\/es\/?s={search_term_string}\"},\"query-input\":{\"@type\":\"PropertyValueSpecification\",\"valueRequired\":true,\"valueName\":\"search_term_string\"}}],\"inLanguage\":\"es\"},{\"@type\":\"Organization\",\"@id\":\"https:\/\/cezannehr.com\/es\/#organization\",\"name\":\"Cezanne HR\",\"url\":\"https:\/\/cezannehr.com\/es\/\",\"logo\":{\"@type\":\"ImageObject\",\"inLanguage\":\"es\",\"@id\":\"https:\/\/cezannehr.com\/es\/#\/schema\/logo\/image\/\",\"url\":\"https:\/\/cezannehr.com\/wp-content\/uploads\/2026\/01\/Cezanne_logo_2026_colour.svg\",\"contentUrl\":\"https:\/\/cezannehr.com\/wp-content\/uploads\/2026\/01\/Cezanne_logo_2026_colour.svg\",\"width\":1,\"height\":1,\"caption\":\"Cezanne HR\"},\"image\":{\"@id\":\"https:\/\/cezannehr.com\/es\/#\/schema\/logo\/image\/\"},\"sameAs\":[\"https:\/\/www.facebook.com\/CezanneHR\",\"https:\/\/x.com\/CezanneHR\",\"https:\/\/www.linkedin.com\/company\/cezanne-hr\",\"https:\/\/uk.pinterest.com\/CezanneHR\/\",\"https:\/\/www.youtube.com\/user\/CezanneHR\"],\"legalName\":\"Cezanne HR Limited\",\"contactPoint\":[{\"@type\":\"ContactPoint\",\"telephone\":\"+44-2072022727\",\"contactType\":\"customer service\"},{\"@type\":\"ContactPoint\",\"url\":\"https:\/\/support.cezannehr.com\",\"email\":\"support@cezannehr.com\",\"contactType\":\"customer support\"}]},{\"@type\":\"Person\",\"@id\":\"https:\/\/cezannehr.com\/es\/#\/schema\/person\/06fcb872e3d815d8b0a4b2d06c0a9ccd\",\"name\":\"Cristina Del Amo\",\"image\":{\"@type\":\"ImageObject\",\"inLanguage\":\"es\",\"@id\":\"https:\/\/cezannehr.com\/es\/#\/schema\/person\/image\/\",\"url\":\"https:\/\/secure.gravatar.com\/avatar\/e69a3d6d60252edb45aec9db8c9e02e89aaf857f92dc9e58d64f65c7d219d142?s=96&d=mm&r=g\",\"contentUrl\":\"https:\/\/secure.gravatar.com\/avatar\/e69a3d6d60252edb45aec9db8c9e02e89aaf857f92dc9e58d64f65c7d219d142?s=96&d=mm&r=g\",\"caption\":\"Cristina Del Amo\"},\"description\":\"Soy periodista, empresaria, emprendedora y madre. Licenciada en Ciencias de la Informaci\u00f3n por la Univ. Complutense de Madrid y M\u00e1ster en Gesti\u00f3n Comercial y Marketing, por la Escuela de Negocios ESIC, mi trayectoria profesional est\u00e1 ligada al entorno de la comunicaci\u00f3n, la gesti\u00f3n empresarial y los recursos humanos.\",\"url\":\"\"}]}<\/script>\n<!-- \/ Yoast SEO Premium plugin. -->","yoast_head_json":{"title":"C\u00f3mo recargar las pilas de tu equipo en 2022 - Cezanne HR","description":"\u00bfC\u00f3mo cargar las pilas de tu equipo en 2022? Planes de carrera, evaluaciones peri\u00f3dicas del desempe\u00f1o, charlas informales, etc.","robots":{"index":"index","follow":"follow","max-snippet":"max-snippet:-1","max-image-preview":"max-image-preview:large","max-video-preview":"max-video-preview:-1"},"canonical":"https:\/\/cezannehr.com\/es\/hr-blog\/2022\/01\/cargar-pilas-en-2022-planes-de-carrera\/","og_locale":"es_ES","og_type":"article","og_title":"C\u00f3mo recargar las pilas de tu equipo en 2022","og_description":"\u00bfC\u00f3mo cargar las pilas de tu equipo en 2022? Planes de carrera, evaluaciones peri\u00f3dicas del desempe\u00f1o, charlas informales, etc.","og_url":"https:\/\/cezannehr.com\/es\/hr-blog\/2022\/01\/cargar-pilas-en-2022-planes-de-carrera\/","og_site_name":"Cezanne HR","article_publisher":"https:\/\/www.facebook.com\/CezanneHR","article_published_time":"2022-01-13T08:57:03+00:00","article_modified_time":"2023-04-20T21:58:28+00:00","og_image":[{"width":624,"height":351,"url":"https:\/\/i0.wp.com\/cezannehr.com\/wp-content\/uploads\/2022\/01\/Getting-Your-Team-Energised-for-2022@0.5x.png?fit=624%2C351&ssl=1","type":"image\/png"}],"author":"Cristina Del Amo","twitter_card":"summary_large_image","twitter_creator":"@CezanneHR","twitter_site":"@CezanneHR","twitter_misc":{"Escrito por":"Meybel Sanoja","Tiempo de lectura":"6 minutos"},"schema":{"@context":"https:\/\/schema.org","@graph":[{"@type":"Article","@id":"https:\/\/cezannehr.com\/es\/hr-blog\/2022\/01\/cargar-pilas-en-2022-planes-de-carrera\/#article","isPartOf":{"@id":"https:\/\/cezannehr.com\/es\/hr-blog\/2022\/01\/cargar-pilas-en-2022-planes-de-carrera\/"},"author":{"name":"Cristina Del Amo","@id":"https:\/\/cezannehr.com\/es\/#\/schema\/person\/06fcb872e3d815d8b0a4b2d06c0a9ccd"},"headline":"C\u00f3mo recargar las pilas de tu equipo en 2022","datePublished":"2022-01-13T08:57:03+00:00","dateModified":"2023-04-20T21:58:28+00:00","mainEntityOfPage":{"@id":"https:\/\/cezannehr.com\/es\/hr-blog\/2022\/01\/cargar-pilas-en-2022-planes-de-carrera\/"},"wordCount":1277,"publisher":{"@id":"https:\/\/cezannehr.com\/es\/#organization"},"image":{"@id":"https:\/\/cezannehr.com\/es\/hr-blog\/2022\/01\/cargar-pilas-en-2022-planes-de-carrera\/#primaryimage"},"thumbnailUrl":"https:\/\/i0.wp.com\/cezannehr.com\/wp-content\/uploads\/2022\/01\/Getting-Your-Team-Energised-for-2022%400.5x.png?fit=624%2C351&ssl=1","articleSection":["RRHH general"],"inLanguage":"es"},{"@type":"WebPage","@id":"https:\/\/cezannehr.com\/es\/hr-blog\/2022\/01\/cargar-pilas-en-2022-planes-de-carrera\/","url":"https:\/\/cezannehr.com\/es\/hr-blog\/2022\/01\/cargar-pilas-en-2022-planes-de-carrera\/","name":"C\u00f3mo recargar las pilas de tu equipo en 2022 - Cezanne HR","isPartOf":{"@id":"https:\/\/cezannehr.com\/es\/#website"},"primaryImageOfPage":{"@id":"https:\/\/cezannehr.com\/es\/hr-blog\/2022\/01\/cargar-pilas-en-2022-planes-de-carrera\/#primaryimage"},"image":{"@id":"https:\/\/cezannehr.com\/es\/hr-blog\/2022\/01\/cargar-pilas-en-2022-planes-de-carrera\/#primaryimage"},"thumbnailUrl":"https:\/\/i0.wp.com\/cezannehr.com\/wp-content\/uploads\/2022\/01\/Getting-Your-Team-Energised-for-2022%400.5x.png?fit=624%2C351&ssl=1","datePublished":"2022-01-13T08:57:03+00:00","dateModified":"2023-04-20T21:58:28+00:00","description":"\u00bfC\u00f3mo cargar las pilas de tu equipo en 2022? Planes de carrera, evaluaciones peri\u00f3dicas del desempe\u00f1o, charlas informales, etc.","breadcrumb":{"@id":"https:\/\/cezannehr.com\/es\/hr-blog\/2022\/01\/cargar-pilas-en-2022-planes-de-carrera\/#breadcrumb"},"inLanguage":"es","potentialAction":[{"@type":"ReadAction","target":["https:\/\/cezannehr.com\/es\/hr-blog\/2022\/01\/cargar-pilas-en-2022-planes-de-carrera\/"]}]},{"@type":"ImageObject","inLanguage":"es","@id":"https:\/\/cezannehr.com\/es\/hr-blog\/2022\/01\/cargar-pilas-en-2022-planes-de-carrera\/#primaryimage","url":"https:\/\/i0.wp.com\/cezannehr.com\/wp-content\/uploads\/2022\/01\/Getting-Your-Team-Energised-for-2022%400.5x.png?fit=624%2C351&ssl=1","contentUrl":"https:\/\/i0.wp.com\/cezannehr.com\/wp-content\/uploads\/2022\/01\/Getting-Your-Team-Energised-for-2022%400.5x.png?fit=624%2C351&ssl=1","width":624,"height":351,"caption":"staff team jump battery energised"},{"@type":"BreadcrumbList","@id":"https:\/\/cezannehr.com\/es\/hr-blog\/2022\/01\/cargar-pilas-en-2022-planes-de-carrera\/#breadcrumb","itemListElement":[{"@type":"ListItem","position":1,"name":"Software HR","item":"https:\/\/cezannehr.com\/es\/"},{"@type":"ListItem","position":2,"name":"C\u00f3mo recargar las pilas de tu equipo en 2022"}]},{"@type":"WebSite","@id":"https:\/\/cezannehr.com\/es\/#website","url":"https:\/\/cezannehr.com\/es\/","name":"Cezanne HR","description":"Gesti\u00f3n de empleados - Gesti\u00f3n de vacaciones","publisher":{"@id":"https:\/\/cezannehr.com\/es\/#organization"},"potentialAction":[{"@type":"SearchAction","target":{"@type":"EntryPoint","urlTemplate":"https:\/\/cezannehr.com\/es\/?s={search_term_string}"},"query-input":{"@type":"PropertyValueSpecification","valueRequired":true,"valueName":"search_term_string"}}],"inLanguage":"es"},{"@type":"Organization","@id":"https:\/\/cezannehr.com\/es\/#organization","name":"Cezanne HR","url":"https:\/\/cezannehr.com\/es\/","logo":{"@type":"ImageObject","inLanguage":"es","@id":"https:\/\/cezannehr.com\/es\/#\/schema\/logo\/image\/","url":"https:\/\/cezannehr.com\/wp-content\/uploads\/2026\/01\/Cezanne_logo_2026_colour.svg","contentUrl":"https:\/\/cezannehr.com\/wp-content\/uploads\/2026\/01\/Cezanne_logo_2026_colour.svg","width":1,"height":1,"caption":"Cezanne HR"},"image":{"@id":"https:\/\/cezannehr.com\/es\/#\/schema\/logo\/image\/"},"sameAs":["https:\/\/www.facebook.com\/CezanneHR","https:\/\/x.com\/CezanneHR","https:\/\/www.linkedin.com\/company\/cezanne-hr","https:\/\/uk.pinterest.com\/CezanneHR\/","https:\/\/www.youtube.com\/user\/CezanneHR"],"legalName":"Cezanne HR Limited","contactPoint":[{"@type":"ContactPoint","telephone":"+44-2072022727","contactType":"customer service"},{"@type":"ContactPoint","url":"https:\/\/support.cezannehr.com","email":"support@cezannehr.com","contactType":"customer support"}]},{"@type":"Person","@id":"https:\/\/cezannehr.com\/es\/#\/schema\/person\/06fcb872e3d815d8b0a4b2d06c0a9ccd","name":"Cristina Del Amo","image":{"@type":"ImageObject","inLanguage":"es","@id":"https:\/\/cezannehr.com\/es\/#\/schema\/person\/image\/","url":"https:\/\/secure.gravatar.com\/avatar\/e69a3d6d60252edb45aec9db8c9e02e89aaf857f92dc9e58d64f65c7d219d142?s=96&d=mm&r=g","contentUrl":"https:\/\/secure.gravatar.com\/avatar\/e69a3d6d60252edb45aec9db8c9e02e89aaf857f92dc9e58d64f65c7d219d142?s=96&d=mm&r=g","caption":"Cristina Del Amo"},"description":"Soy periodista, empresaria, emprendedora y madre. Licenciada en Ciencias de la Informaci\u00f3n por la Univ. Complutense de Madrid y M\u00e1ster en Gesti\u00f3n Comercial y Marketing, por la Escuela de Negocios ESIC, mi trayectoria profesional est\u00e1 ligada al entorno de la comunicaci\u00f3n, la gesti\u00f3n empresarial y los recursos humanos.","url":""}]}},"jetpack_featured_media_url":"https:\/\/i0.wp.com\/cezannehr.com\/wp-content\/uploads\/2022\/01\/Getting-Your-Team-Energised-for-2022%400.5x.png?fit=624%2C351&ssl=1","jetpack_sharing_enabled":true,"amp_enabled":true,"_links":{"self":[{"href":"https:\/\/cezannehr.com\/es\/wp-json\/wp\/v2\/posts\/66194","targetHints":{"allow":["GET"]}}],"collection":[{"href":"https:\/\/cezannehr.com\/es\/wp-json\/wp\/v2\/posts"}],"about":[{"href":"https:\/\/cezannehr.com\/es\/wp-json\/wp\/v2\/types\/post"}],"author":[{"embeddable":true,"href":"https:\/\/cezannehr.com\/es\/wp-json\/wp\/v2\/users\/56"}],"replies":[{"embeddable":true,"href":"https:\/\/cezannehr.com\/es\/wp-json\/wp\/v2\/comments?post=66194"}],"version-history":[{"count":0,"href":"https:\/\/cezannehr.com\/es\/wp-json\/wp\/v2\/posts\/66194\/revisions"}],"wp:featuredmedia":[{"embeddable":true,"href":"https:\/\/cezannehr.com\/es\/wp-json\/wp\/v2\/media\/66066"}],"wp:attachment":[{"href":"https:\/\/cezannehr.com\/es\/wp-json\/wp\/v2\/media?parent=66194"}],"wp:term":[{"taxonomy":"category","embeddable":true,"href":"https:\/\/cezannehr.com\/es\/wp-json\/wp\/v2\/categories?post=66194"},{"taxonomy":"post_tag","embeddable":true,"href":"https:\/\/cezannehr.com\/es\/wp-json\/wp\/v2\/tags?post=66194"}],"curies":[{"name":"wp","href":"https:\/\/api.w.org\/{rel}","templated":true}]}}