{"id":71706,"date":"2022-11-30T14:00:36","date_gmt":"2022-11-30T14:00:36","guid":{"rendered":"https:\/\/cezannehr.com\/?p=71706"},"modified":"2022-11-30T14:00:36","modified_gmt":"2022-11-30T14:00:36","slug":"formacion-y-desarrollo-profesional-con-presupuestos-ajustados","status":"publish","type":"post","link":"https:\/\/cezannehr.com\/es\/hr-blog\/2022\/11\/formacion-y-desarrollo-profesional-con-presupuestos-ajustados\/","title":{"rendered":"Formaci\u00f3n y desarrollo profesional con presupuestos ajustados"},"content":{"rendered":"<p>Con el mundo atravesando un per\u00edodo financiero dif\u00edcil, es l\u00f3gico pensar que las empresas quieran reducir sus costes. La formaci\u00f3n y el desarrollo profesional suelen ser una de las primeras \u00e1reas en sufrir las consecuencias de los recortes presupuestarios. Pero, prescindir completamente de una estrategia de formaci\u00f3n y desarrollo \u00f3ptima podr\u00eda traer consecuencias nefastas para el negocio.<\/p>\n<p><img data-recalc-dims=\"1\" decoding=\"async\" class=\"alignnone size-full wp-image-71228 aligncenter\" src=\"https:\/\/i0.wp.com\/cezannehr.com\/wp-content\/uploads\/2022\/10\/Training-and-Development-finding-a-balance-when-the-budget-gets-tight%400.5x.png?resize=624%2C351&#038;ssl=1\" alt=\"training development brain laptop staff\" width=\"624\" height=\"351\" srcset=\"https:\/\/i0.wp.com\/cezannehr.com\/wp-content\/uploads\/2022\/10\/Training-and-Development-finding-a-balance-when-the-budget-gets-tight%400.5x.png?w=624&amp;ssl=1 624w, https:\/\/i0.wp.com\/cezannehr.com\/wp-content\/uploads\/2022\/10\/Training-and-Development-finding-a-balance-when-the-budget-gets-tight%400.5x.png?resize=300%2C169&amp;ssl=1 300w, https:\/\/i0.wp.com\/cezannehr.com\/wp-content\/uploads\/2022\/10\/Training-and-Development-finding-a-balance-when-the-budget-gets-tight%400.5x.png?resize=208%2C117&amp;ssl=1 208w\" sizes=\"(max-width: 624px) 100vw, 624px\" \/><\/p>\n<h3>\u00bfPor qu\u00e9 formaci\u00f3n y desarrollo profesional deben ser prioridad para RRHH?<\/h3>\n<p>Como su per\u00edodo de amortizaci\u00f3n es m\u00e1s largo que el de otras inversiones,\u00a0 la formaci\u00f3n se lleva casi siempre la peor parte de los recortes. Cuando se trata de mantener una empresa a flote en tiempos dif\u00edciles, lo inmediato acaba teniendo prioridad. Y, por desgracia, no suele tenerse en muy en cuenta la financiaci\u00f3n de las oportunidades de desarrollo profesional.<\/p>\n<p>Sin embargo, la realidad es que el \u00e9xito a largo plazo depende de la capacitaci\u00f3n de la plantilla. Es m\u00e1s, creo que la formaci\u00f3n y adquisici\u00f3n de nuevas habilidades es la v\u00eda m\u00e1s segura para encarar el futuro. Por tanto, si quieres que tu negocio prospere tras la crisis, debes mantener una estrategia de formaci\u00f3n y desarrollo profesional.<\/p>\n<p>Los empleados que tengan mejor formaci\u00f3n podr\u00e1n desempe\u00f1ar un trabajo de mayor calidad. Y, como\u00a0 sabes, cuando se trata de destacar frente a la competencia -algo cr\u00edtico en tiempos dif\u00edciles-, la calidad del servicio marcar\u00e1 la diferencia. Si la gente est\u00e1 preparada para dar lo mejor de s\u00ed misma, la empresa tendr\u00e1 m\u00e1s posibilidades de alcanzar el \u00e9xito.<\/p>\n<p>Aunque no se puede negar que una recesi\u00f3n implica \u201capretarse el cintur\u00f3n\u201d, RRHH puede mantener una estrategia de formaci\u00f3n \u201clow cost\u201d. Cr\u00e9eme que es posible hablar de formaci\u00f3n y desarrollo profesional, incluso descartando los cursos externos o la formaci\u00f3n fuera de la empresa.<\/p>\n<p><a href=\"https:\/\/cezannehr.com\/es\/demo\/?utm_source=blog&amp;utm_medium=banner&amp;utm_campaign=content_marketing\" target=\"_blank\" rel=\"noopener\"><img data-recalc-dims=\"1\" decoding=\"async\" class=\"alignnone wp-image-71472 size-full\" src=\"https:\/\/i0.wp.com\/cezannehr.com\/wp-content\/uploads\/2022\/11\/Azul-Naranja-Amable-Corporativo-Manufactura-Marco-X-Banner-13.png?resize=660%2C165&#038;ssl=1\" alt=\"Software de RRHH anal\u00edtico\" width=\"660\" height=\"165\" srcset=\"https:\/\/i0.wp.com\/cezannehr.com\/wp-content\/uploads\/2022\/11\/Azul-Naranja-Amable-Corporativo-Manufactura-Marco-X-Banner-13.png?w=9216&amp;ssl=1 9216w, https:\/\/i0.wp.com\/cezannehr.com\/wp-content\/uploads\/2022\/11\/Azul-Naranja-Amable-Corporativo-Manufactura-Marco-X-Banner-13.png?resize=300%2C75&amp;ssl=1 300w, https:\/\/i0.wp.com\/cezannehr.com\/wp-content\/uploads\/2022\/11\/Azul-Naranja-Amable-Corporativo-Manufactura-Marco-X-Banner-13.png?resize=1024%2C256&amp;ssl=1 1024w, https:\/\/i0.wp.com\/cezannehr.com\/wp-content\/uploads\/2022\/11\/Azul-Naranja-Amable-Corporativo-Manufactura-Marco-X-Banner-13.png?resize=768%2C192&amp;ssl=1 768w, https:\/\/i0.wp.com\/cezannehr.com\/wp-content\/uploads\/2022\/11\/Azul-Naranja-Amable-Corporativo-Manufactura-Marco-X-Banner-13.png?resize=1536%2C384&amp;ssl=1 1536w, https:\/\/i0.wp.com\/cezannehr.com\/wp-content\/uploads\/2022\/11\/Azul-Naranja-Amable-Corporativo-Manufactura-Marco-X-Banner-13.png?resize=2048%2C512&amp;ssl=1 2048w, https:\/\/i0.wp.com\/cezannehr.com\/wp-content\/uploads\/2022\/11\/Azul-Naranja-Amable-Corporativo-Manufactura-Marco-X-Banner-13.png?w=1320&amp;ssl=1 1320w, https:\/\/i0.wp.com\/cezannehr.com\/wp-content\/uploads\/2022\/11\/Azul-Naranja-Amable-Corporativo-Manufactura-Marco-X-Banner-13.png?w=1980&amp;ssl=1 1980w\" sizes=\"(max-width: 660px) 100vw, 660px\" \/><\/a><\/p>\n<p>Aqu\u00ed tienes algunas ideas para encontrar el equilibrio&#8230;<\/p>\n<ol>\n<li>\n<h3>Eval\u00faa cuidadosamente las necesidades de tu empresa<\/h3>\n<\/li>\n<\/ol>\n<p>En RRHH, como en cualquier otra \u00e1rea, es b\u00e1sico asegurarse de que no se desperdicia ni el tiempo ni los recursos en proyectos innecesarios. Imag\u00ednate lo importante que es esta optimizaci\u00f3n si tienes, adem\u00e1s, los presupuestos ajustados. Lo veo muy claro, por ejemplo, cuando hablamos de oportunidades de formaci\u00f3n y desarrollo profesional en la empresa. Y, al hacerlo incluimos todas. Es decir, las oportunidades reales, las opciones que, a priori, pueden no ser tan atractivas o las que sabemos que tendr\u00e1n poco impacto. Incluso, las oportunidades que sencillamente son irrelevantes.<\/p>\n<p>Pero, con la aportaci\u00f3n de la direcci\u00f3n y los altos cargos podr\u00edas hacer un an\u00e1lisis m\u00e1s profundo de las carencias formativas de la empresa. Y, de esta manera, evaluar mejor hacia d\u00f3nde dirigir los recursos y los fondos. Por ejemplo: \u00bfla plantilla necesita formaci\u00f3n para utilizar un software concreto? o \u00bffalla la comunicaci\u00f3n con el cliente? Identificar los problemas que impactan sobre la productividad de la plantilla, permitir\u00e1 a RRHH centrarse en las \u00e1reas que m\u00e1s necesitan la formaci\u00f3n.<\/p>\n<p>El uso de <a href=\"https:\/\/cezannehr.com\/es\/software-rrhh\/insights\/\" target=\"_blank\" rel=\"noopener\">herramientas de an\u00e1lisis de datos<\/a> en tu software de RRHH te ayudar\u00e1 a adoptar un enfoque basado en, eso, en datos. Los informes preconfigurados pueden resaltar las m\u00e9tricas clave. Y tambi\u00e9n, se\u00f1alar cualquier \u00e1rea que pueda beneficiarse de una atenci\u00f3n adicional en lo que respecta la formaci\u00f3n y el desarrollo profesional.<\/p>\n<p>Por otro lado, las<a href=\"https:\/\/cezannehr.com\/es\/hr-blog\/2022\/02\/gestion-del-desempeno-procesos-correctos\/\" target=\"_blank\" rel=\"noopener\"> revisiones de desempe\u00f1o<\/a> anteriores y las opiniones recogidas en las <a href=\"https:\/\/cezannehr.com\/es\/hr-blog\/2022\/06\/10-preguntas-que-rrhh-debe-hacer-en-la-encuesta-de-clima\/\" target=\"_blank\" rel=\"noopener\">encuestas de clima<\/a> proporcionan informaci\u00f3n clave sobre objetivos. Y sobre c\u00f3mo ven los empleados esos objetivos y las estrategias para alcanzarlos. Si los equipos trabajan con objetivos previamente establecidos, o si han manifestado en repetidas ocasiones que encuentran ciertas \u00e1reas de mejor, quiz\u00e1 tenga sentido priorizar el tema al dise\u00f1ar los siguientes pasos relacionados con la formaci\u00f3n y el desarrollo profesional.<\/p>\n<p><a href=\"https:\/\/cezannehr.com\/es\/demo\/?utm_source=blog&amp;utm_medium=banner&amp;utm_campaign=content_marketing\" target=\"_blank\" rel=\"noopener\"><img data-recalc-dims=\"1\" decoding=\"async\" class=\"alignnone wp-image-71709 size-full\" src=\"https:\/\/i0.wp.com\/cezannehr.com\/wp-content\/uploads\/2022\/11\/Azul-Naranja-Amable-Corporativo-Manufactura-Marco-X-Banner-3-scaled.gif?resize=660%2C165&#038;ssl=1\" alt=\"formaci\u00f3n y desarrollo profesional con informaci\u00f3n de encuestas\" width=\"660\" height=\"165\" \/><\/a><\/p>\n<ol start=\"2\">\n<li>\n<h3>Identifica a los expertos<\/h3>\n<\/li>\n<\/ol>\n<p>Cuando los presupuestos son ajustados, hay que aprovechar al m\u00e1ximo los recursos y las personas de la organizaci\u00f3n. Esto nos puede ayudar a desarrollar el talento a medio-largo plazo.<\/p>\n<p>Los programas de \u201cmentoring\u201d hacen que los expertos de la organizaci\u00f3n ayuden a los dem\u00e1s. <a href=\"https:\/\/cezannehr.com\/es\/hr-blog\/2018\/03\/por-que-el-mentoring-no-es-solo-para-grandes-players\/\" target=\"_blank\" rel=\"noopener\">Bien enfocados<\/a> constituyen una v\u00eda informal pero incre\u00edblemente eficaz para compartir conocimientos. Y, por supuesto, para explotar la rentabilidad.<\/p>\n<p>Incluso, no es necesario que estos programas de mentoring sean individuales. Los expertos con conocimientos o habilidades clave podr\u00edan organizar talleres para formar a otros miembros del equipo. O, para recomendar recursos que permitan que otros avancen m\u00e1s r\u00e1pidamente.<\/p>\n<p>La tutor\u00eda entre pares no solo es beneficiosa para la capacitaci\u00f3n en habilidades concretas. Tambi\u00e9n ayuda a fomentar la cultura del aprendizaje continuo. Y, ya sabes, que esto impactar\u00e1 en positivo en el beneficio para la organizaci\u00f3n a largo plazo. Los buscadores de empleo y, en particular, la nueva<\/p>\n<p>La tutor\u00eda entre compa\u00f1eros no s\u00f3lo es beneficiosa para la formaci\u00f3n de habilidades espec\u00edficas, sino que el fomento de una cultura de aprendizaje y desarrollo tambi\u00e9n puede reportar beneficios a largo plazo para su organizaci\u00f3n. Los solicitantes de empleo -y en particular la nueva \u201clegi\u00f3n\u201d- se centran cada vez m\u00e1s en las oportunidades de crecimiento. Por lo tanto, un empleador que ofrezca planes de mentoring o talleres internos ser\u00e1 visto con buenos ojos entre quienes buscan desarrollar sus carreras.<\/p>\n<ol start=\"3\">\n<li>\n<h3>Haz hincapi\u00e9 en las habilidades interpersonales<\/h3>\n<\/li>\n<\/ol>\n<p>Aunque es f\u00e1cil pasarlo por alto, la capacitaci\u00f3n en habilidades blandas es una parte esencial para cualquier negocio. Adem\u00e1s, es relativamente sencillo, ense\u00f1arlas de manera efectiva en el trabajo. Te pongo algunos ejemplos.<\/p>\n<ul>\n<li>\u00bfCrees que la habilidad para construir relaciones o\u00a0 mantener una comunicaci\u00f3n fluida afecta al \u00e9xito con los clientes<\/li>\n<li>\u00bfPiensas que la falta de gesti\u00f3n del tiempo o de capacidad para tomar decisiones provoca el incumplimiento de plazos cr\u00edticos?<\/li>\n<\/ul>\n<p>Hablar con los managers y echar un vistazo a las<a href=\"https:\/\/cezannehr.com\/es\/hr-blog\/2020\/12\/como-preparar-la-revision-del-desempeno-perfecta\/\" target=\"_blank\" rel=\"noopener\"> revisiones del desempe\u00f1o<\/a> anteriores, puede sacar a la luz las \u00e1reas de mejora.<\/p>\n<p>RRHH puede impulsar el desarrollo de habilidades blandas enfatizando la cultura de reflexi\u00f3n. Hay que animar a los managers a hacer comentarios regulares. Y a mantener charlas informales m\u00e1s all\u00e1 de las revisiones peri\u00f3dicas. M\u00e1s a\u00fan, si eso implica conversaciones dif\u00edciles. Sin duda, ayudar\u00e1 a que los empleados aborden de forma consciente sus problemas de comunicaci\u00f3n o de gesti\u00f3n del tiempo del d\u00eda a d\u00eda.<\/p>\n<p>Pero RRHH puede ir m\u00e1s all\u00e1. Por ejemplo organizando talleres para los managers sobre c\u00f3mo manejar temas delicados. O sobre habilidades interpersonales. Tambi\u00e9n, talleres sobre <a href=\"https:\/\/cezannehr.com\/es\/hr-blog\/2021\/07\/recursos-humanos-en-la-empresa-para-gestionar-conflictos\/\" target=\"_blank\" rel=\"noopener\">c\u00f3mo resolver conflictos<\/a>. Esto les ayudar\u00e1 a mejorar su liderazgo dentro de la organizaci\u00f3n. Si ellos est\u00e1n preparados para predicar con el ejemplo, ser\u00e1 m\u00e1s probable que el resto de los equipos les sigan.<\/p>\n<p><a href=\"https:\/\/cezannehr.com\/es\/demo\/?utm_source=blog&amp;utm_medium=banner&amp;utm_campaign=content_marketing\" target=\"_blank\" rel=\"noopener\"><img data-recalc-dims=\"1\" decoding=\"async\" class=\"alignnone wp-image-71120 size-full\" src=\"https:\/\/i0.wp.com\/cezannehr.com\/wp-content\/uploads\/2022\/10\/2022_10_15_DESEMPENO.jpg?resize=660%2C165&#038;ssl=1\" alt=\"desempe\u00f1o para formaci\u00f3n y desarrollo profesional \" width=\"660\" height=\"165\" srcset=\"https:\/\/i0.wp.com\/cezannehr.com\/wp-content\/uploads\/2022\/10\/2022_10_15_DESEMPENO.jpg?w=9216&amp;ssl=1 9216w, https:\/\/i0.wp.com\/cezannehr.com\/wp-content\/uploads\/2022\/10\/2022_10_15_DESEMPENO.jpg?resize=300%2C75&amp;ssl=1 300w, https:\/\/i0.wp.com\/cezannehr.com\/wp-content\/uploads\/2022\/10\/2022_10_15_DESEMPENO.jpg?resize=1024%2C256&amp;ssl=1 1024w, https:\/\/i0.wp.com\/cezannehr.com\/wp-content\/uploads\/2022\/10\/2022_10_15_DESEMPENO.jpg?resize=768%2C192&amp;ssl=1 768w, https:\/\/i0.wp.com\/cezannehr.com\/wp-content\/uploads\/2022\/10\/2022_10_15_DESEMPENO.jpg?resize=1536%2C384&amp;ssl=1 1536w, https:\/\/i0.wp.com\/cezannehr.com\/wp-content\/uploads\/2022\/10\/2022_10_15_DESEMPENO.jpg?resize=2048%2C512&amp;ssl=1 2048w, https:\/\/i0.wp.com\/cezannehr.com\/wp-content\/uploads\/2022\/10\/2022_10_15_DESEMPENO.jpg?w=1320&amp;ssl=1 1320w, https:\/\/i0.wp.com\/cezannehr.com\/wp-content\/uploads\/2022\/10\/2022_10_15_DESEMPENO.jpg?w=1980&amp;ssl=1 1980w\" sizes=\"(max-width: 660px) 100vw, 660px\" \/><\/a><\/p>\n<ol start=\"4\">\n<li>\n<h3>Muestra los recursos<\/h3>\n<\/li>\n<\/ol>\n<p>Por \u00faltimo, una de las mayores ventajas de la era digital es la cantidad de informaci\u00f3n disponible. Mucha de esta informaci\u00f3n, gratuita. Recuerda que puedes acceder a v\u00eddeos formativos, cursos y gu\u00edas sobre un n\u00famero casi infinito de temas. RRHH puede aprovechar estas herramientas digitales para optimizar las estrategias de formaci\u00f3n y desarrollo profesional. Pero, tambi\u00e9n pueden ser incre\u00edblemente \u00fatiles para la capacitaci\u00f3n de habilidades espec\u00edficas.<\/p>\n<p>Recopilar\u00a0 recursos online relevantes -y almacenarlos en el <a href=\"https:\/\/cezannehr.com\/es\/software-rrhh\/autoservicio\/\" target=\"_blank\" rel=\"noopener\">portal de RRHH<\/a> de tu organizaci\u00f3n- permitir\u00e1 a los empleados autogestionarse. Y utilizar las herramientas seg\u00fan sus necesidades. La gente utilizar\u00e1 los recursos seg\u00fan sus propias necesidades de desarrollo. Y, de paso, evitar\u00e1n la presi\u00f3n de tener que asistir a un curso o taller que, quiz\u00e1 sea irrelevante.<\/p>\n<p>&nbsp;<\/p>\n","protected":false},"excerpt":{"rendered":"<p>Con el mundo atravesando un per\u00edodo financiero dif\u00edcil, es l\u00f3gico pensar que las empresas quieran reducir sus costes. La formaci\u00f3n y el desarrollo profesional suelen ser una de las primeras \u00e1reas en sufrir las consecuencias de los recortes presupuestarios. Pero, [&hellip;]<\/p>\n","protected":false},"author":56,"featured_media":71228,"comment_status":"closed","ping_status":"closed","sticky":false,"template":"","format":"standard","meta":{"_acf_changed":false,"_jetpack_memberships_contains_paid_content":false,"footnotes":""},"categories":[787],"tags":[],"class_list":{"0":"post-71706","1":"post","2":"type-post","3":"status-publish","4":"format-standard","5":"has-post-thumbnail","7":"category-rrhh-general","8":"cz_entry"},"acf":[],"yoast_head":"<!-- This site is optimized with the Yoast SEO Premium plugin v26.3 (Yoast SEO v26.3) - https:\/\/yoast.com\/wordpress\/plugins\/seo\/ -->\n<title>Formaci\u00f3n y desarrollo profesional con presupuestos ajustados - Cezanne HR<\/title>\n<meta name=\"description\" content=\"Formaci\u00f3n y desarrollo profesional con presupuestos ajustados. La clave est\u00e1 en el an\u00e1lisis, la autogesti\u00f3n y la digitalizaci\u00f3n.\" \/>\n<meta name=\"robots\" content=\"index, follow, max-snippet:-1, max-image-preview:large, max-video-preview:-1\" \/>\n<link rel=\"canonical\" href=\"https:\/\/cezannehr.com\/es\/hr-blog\/2022\/11\/formacion-y-desarrollo-profesional-con-presupuestos-ajustados\/\" \/>\n<meta property=\"og:locale\" content=\"es_ES\" \/>\n<meta property=\"og:type\" content=\"article\" \/>\n<meta property=\"og:title\" content=\"Formaci\u00f3n y desarrollo profesional con presupuestos ajustados\" \/>\n<meta property=\"og:description\" content=\"Formaci\u00f3n y desarrollo profesional con presupuestos ajustados. La clave est\u00e1 en el an\u00e1lisis, la autogesti\u00f3n y la digitalizaci\u00f3n.\" \/>\n<meta property=\"og:url\" content=\"https:\/\/cezannehr.com\/es\/hr-blog\/2022\/11\/formacion-y-desarrollo-profesional-con-presupuestos-ajustados\/\" \/>\n<meta property=\"og:site_name\" content=\"Cezanne HR\" \/>\n<meta property=\"article:publisher\" content=\"https:\/\/www.facebook.com\/CezanneHR\" \/>\n<meta property=\"article:published_time\" content=\"2022-11-30T14:00:36+00:00\" \/>\n<meta property=\"og:image\" content=\"https:\/\/i0.wp.com\/cezannehr.com\/wp-content\/uploads\/2022\/10\/Training-and-Development-finding-a-balance-when-the-budget-gets-tight@0.5x.png?fit=624%2C351&ssl=1\" \/>\n\t<meta property=\"og:image:width\" content=\"624\" \/>\n\t<meta property=\"og:image:height\" content=\"351\" \/>\n\t<meta property=\"og:image:type\" content=\"image\/png\" \/>\n<meta name=\"author\" content=\"Cristina Del Amo\" \/>\n<meta name=\"twitter:card\" content=\"summary_large_image\" \/>\n<meta name=\"twitter:creator\" content=\"@CezanneHR\" \/>\n<meta name=\"twitter:site\" content=\"@CezanneHR\" \/>\n<meta name=\"twitter:label1\" content=\"Escrito por\" \/>\n\t<meta name=\"twitter:data1\" content=\"Lara Castellano\" \/>\n\t<meta name=\"twitter:label2\" content=\"Tiempo de lectura\" \/>\n\t<meta name=\"twitter:data2\" content=\"6 minutos\" \/>\n<script type=\"application\/ld+json\" class=\"yoast-schema-graph\">{\"@context\":\"https:\/\/schema.org\",\"@graph\":[{\"@type\":\"Article\",\"@id\":\"https:\/\/cezannehr.com\/es\/hr-blog\/2022\/11\/formacion-y-desarrollo-profesional-con-presupuestos-ajustados\/#article\",\"isPartOf\":{\"@id\":\"https:\/\/cezannehr.com\/es\/hr-blog\/2022\/11\/formacion-y-desarrollo-profesional-con-presupuestos-ajustados\/\"},\"author\":{\"name\":\"Cristina Del Amo\",\"@id\":\"https:\/\/cezannehr.com\/es\/#\/schema\/person\/06fcb872e3d815d8b0a4b2d06c0a9ccd\"},\"headline\":\"Formaci\u00f3n y desarrollo profesional con presupuestos ajustados\",\"datePublished\":\"2022-11-30T14:00:36+00:00\",\"mainEntityOfPage\":{\"@id\":\"https:\/\/cezannehr.com\/es\/hr-blog\/2022\/11\/formacion-y-desarrollo-profesional-con-presupuestos-ajustados\/\"},\"wordCount\":1315,\"publisher\":{\"@id\":\"https:\/\/cezannehr.com\/es\/#organization\"},\"image\":{\"@id\":\"https:\/\/cezannehr.com\/es\/hr-blog\/2022\/11\/formacion-y-desarrollo-profesional-con-presupuestos-ajustados\/#primaryimage\"},\"thumbnailUrl\":\"https:\/\/i0.wp.com\/cezannehr.com\/wp-content\/uploads\/2022\/10\/Training-and-Development-finding-a-balance-when-the-budget-gets-tight%400.5x.png?fit=624%2C351&ssl=1\",\"articleSection\":[\"RRHH general\"],\"inLanguage\":\"es\"},{\"@type\":\"WebPage\",\"@id\":\"https:\/\/cezannehr.com\/es\/hr-blog\/2022\/11\/formacion-y-desarrollo-profesional-con-presupuestos-ajustados\/\",\"url\":\"https:\/\/cezannehr.com\/es\/hr-blog\/2022\/11\/formacion-y-desarrollo-profesional-con-presupuestos-ajustados\/\",\"name\":\"Formaci\u00f3n y desarrollo profesional con presupuestos ajustados - Cezanne HR\",\"isPartOf\":{\"@id\":\"https:\/\/cezannehr.com\/es\/#website\"},\"primaryImageOfPage\":{\"@id\":\"https:\/\/cezannehr.com\/es\/hr-blog\/2022\/11\/formacion-y-desarrollo-profesional-con-presupuestos-ajustados\/#primaryimage\"},\"image\":{\"@id\":\"https:\/\/cezannehr.com\/es\/hr-blog\/2022\/11\/formacion-y-desarrollo-profesional-con-presupuestos-ajustados\/#primaryimage\"},\"thumbnailUrl\":\"https:\/\/i0.wp.com\/cezannehr.com\/wp-content\/uploads\/2022\/10\/Training-and-Development-finding-a-balance-when-the-budget-gets-tight%400.5x.png?fit=624%2C351&ssl=1\",\"datePublished\":\"2022-11-30T14:00:36+00:00\",\"description\":\"Formaci\u00f3n y desarrollo profesional con presupuestos ajustados. La clave est\u00e1 en el an\u00e1lisis, la autogesti\u00f3n y la digitalizaci\u00f3n.\",\"breadcrumb\":{\"@id\":\"https:\/\/cezannehr.com\/es\/hr-blog\/2022\/11\/formacion-y-desarrollo-profesional-con-presupuestos-ajustados\/#breadcrumb\"},\"inLanguage\":\"es\",\"potentialAction\":[{\"@type\":\"ReadAction\",\"target\":[\"https:\/\/cezannehr.com\/es\/hr-blog\/2022\/11\/formacion-y-desarrollo-profesional-con-presupuestos-ajustados\/\"]}]},{\"@type\":\"ImageObject\",\"inLanguage\":\"es\",\"@id\":\"https:\/\/cezannehr.com\/es\/hr-blog\/2022\/11\/formacion-y-desarrollo-profesional-con-presupuestos-ajustados\/#primaryimage\",\"url\":\"https:\/\/i0.wp.com\/cezannehr.com\/wp-content\/uploads\/2022\/10\/Training-and-Development-finding-a-balance-when-the-budget-gets-tight%400.5x.png?fit=624%2C351&ssl=1\",\"contentUrl\":\"https:\/\/i0.wp.com\/cezannehr.com\/wp-content\/uploads\/2022\/10\/Training-and-Development-finding-a-balance-when-the-budget-gets-tight%400.5x.png?fit=624%2C351&ssl=1\",\"width\":624,\"height\":351,\"caption\":\"training development brain laptop staff\"},{\"@type\":\"BreadcrumbList\",\"@id\":\"https:\/\/cezannehr.com\/es\/hr-blog\/2022\/11\/formacion-y-desarrollo-profesional-con-presupuestos-ajustados\/#breadcrumb\",\"itemListElement\":[{\"@type\":\"ListItem\",\"position\":1,\"name\":\"Software HR\",\"item\":\"https:\/\/cezannehr.com\/es\/\"},{\"@type\":\"ListItem\",\"position\":2,\"name\":\"Formaci\u00f3n y desarrollo profesional con presupuestos ajustados\"}]},{\"@type\":\"WebSite\",\"@id\":\"https:\/\/cezannehr.com\/es\/#website\",\"url\":\"https:\/\/cezannehr.com\/es\/\",\"name\":\"Cezanne HR\",\"description\":\"Gesti\u00f3n de empleados - Gesti\u00f3n de vacaciones\",\"publisher\":{\"@id\":\"https:\/\/cezannehr.com\/es\/#organization\"},\"potentialAction\":[{\"@type\":\"SearchAction\",\"target\":{\"@type\":\"EntryPoint\",\"urlTemplate\":\"https:\/\/cezannehr.com\/es\/?s={search_term_string}\"},\"query-input\":{\"@type\":\"PropertyValueSpecification\",\"valueRequired\":true,\"valueName\":\"search_term_string\"}}],\"inLanguage\":\"es\"},{\"@type\":\"Organization\",\"@id\":\"https:\/\/cezannehr.com\/es\/#organization\",\"name\":\"Cezanne HR\",\"url\":\"https:\/\/cezannehr.com\/es\/\",\"logo\":{\"@type\":\"ImageObject\",\"inLanguage\":\"es\",\"@id\":\"https:\/\/cezannehr.com\/es\/#\/schema\/logo\/image\/\",\"url\":\"https:\/\/cezannehr.com\/wp-content\/uploads\/2026\/01\/Cezanne_logo_2026_colour.svg\",\"contentUrl\":\"https:\/\/cezannehr.com\/wp-content\/uploads\/2026\/01\/Cezanne_logo_2026_colour.svg\",\"width\":1,\"height\":1,\"caption\":\"Cezanne HR\"},\"image\":{\"@id\":\"https:\/\/cezannehr.com\/es\/#\/schema\/logo\/image\/\"},\"sameAs\":[\"https:\/\/www.facebook.com\/CezanneHR\",\"https:\/\/x.com\/CezanneHR\",\"https:\/\/www.linkedin.com\/company\/cezanne-hr\",\"https:\/\/uk.pinterest.com\/CezanneHR\/\",\"https:\/\/www.youtube.com\/user\/CezanneHR\"],\"legalName\":\"Cezanne HR Limited\",\"contactPoint\":[{\"@type\":\"ContactPoint\",\"telephone\":\"+44-2072022727\",\"contactType\":\"customer service\"},{\"@type\":\"ContactPoint\",\"url\":\"https:\/\/support.cezannehr.com\",\"email\":\"support@cezannehr.com\",\"contactType\":\"customer support\"}]},{\"@type\":\"Person\",\"@id\":\"https:\/\/cezannehr.com\/es\/#\/schema\/person\/06fcb872e3d815d8b0a4b2d06c0a9ccd\",\"name\":\"Cristina Del Amo\",\"image\":{\"@type\":\"ImageObject\",\"inLanguage\":\"es\",\"@id\":\"https:\/\/cezannehr.com\/es\/#\/schema\/person\/image\/\",\"url\":\"https:\/\/secure.gravatar.com\/avatar\/e69a3d6d60252edb45aec9db8c9e02e89aaf857f92dc9e58d64f65c7d219d142?s=96&d=mm&r=g\",\"contentUrl\":\"https:\/\/secure.gravatar.com\/avatar\/e69a3d6d60252edb45aec9db8c9e02e89aaf857f92dc9e58d64f65c7d219d142?s=96&d=mm&r=g\",\"caption\":\"Cristina Del Amo\"},\"description\":\"Soy periodista, empresaria, emprendedora y madre. Licenciada en Ciencias de la Informaci\u00f3n por la Univ. Complutense de Madrid y M\u00e1ster en Gesti\u00f3n Comercial y Marketing, por la Escuela de Negocios ESIC, mi trayectoria profesional est\u00e1 ligada al entorno de la comunicaci\u00f3n, la gesti\u00f3n empresarial y los recursos humanos.\",\"url\":\"\"}]}<\/script>\n<!-- \/ Yoast SEO Premium plugin. -->","yoast_head_json":{"title":"Formaci\u00f3n y desarrollo profesional con presupuestos ajustados - Cezanne HR","description":"Formaci\u00f3n y desarrollo profesional con presupuestos ajustados. La clave est\u00e1 en el an\u00e1lisis, la autogesti\u00f3n y la digitalizaci\u00f3n.","robots":{"index":"index","follow":"follow","max-snippet":"max-snippet:-1","max-image-preview":"max-image-preview:large","max-video-preview":"max-video-preview:-1"},"canonical":"https:\/\/cezannehr.com\/es\/hr-blog\/2022\/11\/formacion-y-desarrollo-profesional-con-presupuestos-ajustados\/","og_locale":"es_ES","og_type":"article","og_title":"Formaci\u00f3n y desarrollo profesional con presupuestos ajustados","og_description":"Formaci\u00f3n y desarrollo profesional con presupuestos ajustados. La clave est\u00e1 en el an\u00e1lisis, la autogesti\u00f3n y la digitalizaci\u00f3n.","og_url":"https:\/\/cezannehr.com\/es\/hr-blog\/2022\/11\/formacion-y-desarrollo-profesional-con-presupuestos-ajustados\/","og_site_name":"Cezanne HR","article_publisher":"https:\/\/www.facebook.com\/CezanneHR","article_published_time":"2022-11-30T14:00:36+00:00","og_image":[{"width":624,"height":351,"url":"https:\/\/i0.wp.com\/cezannehr.com\/wp-content\/uploads\/2022\/10\/Training-and-Development-finding-a-balance-when-the-budget-gets-tight@0.5x.png?fit=624%2C351&ssl=1","type":"image\/png"}],"author":"Cristina Del Amo","twitter_card":"summary_large_image","twitter_creator":"@CezanneHR","twitter_site":"@CezanneHR","twitter_misc":{"Escrito por":"Lara Castellano","Tiempo de lectura":"6 minutos"},"schema":{"@context":"https:\/\/schema.org","@graph":[{"@type":"Article","@id":"https:\/\/cezannehr.com\/es\/hr-blog\/2022\/11\/formacion-y-desarrollo-profesional-con-presupuestos-ajustados\/#article","isPartOf":{"@id":"https:\/\/cezannehr.com\/es\/hr-blog\/2022\/11\/formacion-y-desarrollo-profesional-con-presupuestos-ajustados\/"},"author":{"name":"Cristina Del Amo","@id":"https:\/\/cezannehr.com\/es\/#\/schema\/person\/06fcb872e3d815d8b0a4b2d06c0a9ccd"},"headline":"Formaci\u00f3n y desarrollo profesional con presupuestos ajustados","datePublished":"2022-11-30T14:00:36+00:00","mainEntityOfPage":{"@id":"https:\/\/cezannehr.com\/es\/hr-blog\/2022\/11\/formacion-y-desarrollo-profesional-con-presupuestos-ajustados\/"},"wordCount":1315,"publisher":{"@id":"https:\/\/cezannehr.com\/es\/#organization"},"image":{"@id":"https:\/\/cezannehr.com\/es\/hr-blog\/2022\/11\/formacion-y-desarrollo-profesional-con-presupuestos-ajustados\/#primaryimage"},"thumbnailUrl":"https:\/\/i0.wp.com\/cezannehr.com\/wp-content\/uploads\/2022\/10\/Training-and-Development-finding-a-balance-when-the-budget-gets-tight%400.5x.png?fit=624%2C351&ssl=1","articleSection":["RRHH general"],"inLanguage":"es"},{"@type":"WebPage","@id":"https:\/\/cezannehr.com\/es\/hr-blog\/2022\/11\/formacion-y-desarrollo-profesional-con-presupuestos-ajustados\/","url":"https:\/\/cezannehr.com\/es\/hr-blog\/2022\/11\/formacion-y-desarrollo-profesional-con-presupuestos-ajustados\/","name":"Formaci\u00f3n y desarrollo profesional con presupuestos ajustados - Cezanne HR","isPartOf":{"@id":"https:\/\/cezannehr.com\/es\/#website"},"primaryImageOfPage":{"@id":"https:\/\/cezannehr.com\/es\/hr-blog\/2022\/11\/formacion-y-desarrollo-profesional-con-presupuestos-ajustados\/#primaryimage"},"image":{"@id":"https:\/\/cezannehr.com\/es\/hr-blog\/2022\/11\/formacion-y-desarrollo-profesional-con-presupuestos-ajustados\/#primaryimage"},"thumbnailUrl":"https:\/\/i0.wp.com\/cezannehr.com\/wp-content\/uploads\/2022\/10\/Training-and-Development-finding-a-balance-when-the-budget-gets-tight%400.5x.png?fit=624%2C351&ssl=1","datePublished":"2022-11-30T14:00:36+00:00","description":"Formaci\u00f3n y desarrollo profesional con presupuestos ajustados. La clave est\u00e1 en el an\u00e1lisis, la autogesti\u00f3n y la digitalizaci\u00f3n.","breadcrumb":{"@id":"https:\/\/cezannehr.com\/es\/hr-blog\/2022\/11\/formacion-y-desarrollo-profesional-con-presupuestos-ajustados\/#breadcrumb"},"inLanguage":"es","potentialAction":[{"@type":"ReadAction","target":["https:\/\/cezannehr.com\/es\/hr-blog\/2022\/11\/formacion-y-desarrollo-profesional-con-presupuestos-ajustados\/"]}]},{"@type":"ImageObject","inLanguage":"es","@id":"https:\/\/cezannehr.com\/es\/hr-blog\/2022\/11\/formacion-y-desarrollo-profesional-con-presupuestos-ajustados\/#primaryimage","url":"https:\/\/i0.wp.com\/cezannehr.com\/wp-content\/uploads\/2022\/10\/Training-and-Development-finding-a-balance-when-the-budget-gets-tight%400.5x.png?fit=624%2C351&ssl=1","contentUrl":"https:\/\/i0.wp.com\/cezannehr.com\/wp-content\/uploads\/2022\/10\/Training-and-Development-finding-a-balance-when-the-budget-gets-tight%400.5x.png?fit=624%2C351&ssl=1","width":624,"height":351,"caption":"training development brain laptop staff"},{"@type":"BreadcrumbList","@id":"https:\/\/cezannehr.com\/es\/hr-blog\/2022\/11\/formacion-y-desarrollo-profesional-con-presupuestos-ajustados\/#breadcrumb","itemListElement":[{"@type":"ListItem","position":1,"name":"Software HR","item":"https:\/\/cezannehr.com\/es\/"},{"@type":"ListItem","position":2,"name":"Formaci\u00f3n y desarrollo profesional con presupuestos ajustados"}]},{"@type":"WebSite","@id":"https:\/\/cezannehr.com\/es\/#website","url":"https:\/\/cezannehr.com\/es\/","name":"Cezanne HR","description":"Gesti\u00f3n de empleados - Gesti\u00f3n de vacaciones","publisher":{"@id":"https:\/\/cezannehr.com\/es\/#organization"},"potentialAction":[{"@type":"SearchAction","target":{"@type":"EntryPoint","urlTemplate":"https:\/\/cezannehr.com\/es\/?s={search_term_string}"},"query-input":{"@type":"PropertyValueSpecification","valueRequired":true,"valueName":"search_term_string"}}],"inLanguage":"es"},{"@type":"Organization","@id":"https:\/\/cezannehr.com\/es\/#organization","name":"Cezanne HR","url":"https:\/\/cezannehr.com\/es\/","logo":{"@type":"ImageObject","inLanguage":"es","@id":"https:\/\/cezannehr.com\/es\/#\/schema\/logo\/image\/","url":"https:\/\/cezannehr.com\/wp-content\/uploads\/2026\/01\/Cezanne_logo_2026_colour.svg","contentUrl":"https:\/\/cezannehr.com\/wp-content\/uploads\/2026\/01\/Cezanne_logo_2026_colour.svg","width":1,"height":1,"caption":"Cezanne HR"},"image":{"@id":"https:\/\/cezannehr.com\/es\/#\/schema\/logo\/image\/"},"sameAs":["https:\/\/www.facebook.com\/CezanneHR","https:\/\/x.com\/CezanneHR","https:\/\/www.linkedin.com\/company\/cezanne-hr","https:\/\/uk.pinterest.com\/CezanneHR\/","https:\/\/www.youtube.com\/user\/CezanneHR"],"legalName":"Cezanne HR Limited","contactPoint":[{"@type":"ContactPoint","telephone":"+44-2072022727","contactType":"customer service"},{"@type":"ContactPoint","url":"https:\/\/support.cezannehr.com","email":"support@cezannehr.com","contactType":"customer support"}]},{"@type":"Person","@id":"https:\/\/cezannehr.com\/es\/#\/schema\/person\/06fcb872e3d815d8b0a4b2d06c0a9ccd","name":"Cristina Del Amo","image":{"@type":"ImageObject","inLanguage":"es","@id":"https:\/\/cezannehr.com\/es\/#\/schema\/person\/image\/","url":"https:\/\/secure.gravatar.com\/avatar\/e69a3d6d60252edb45aec9db8c9e02e89aaf857f92dc9e58d64f65c7d219d142?s=96&d=mm&r=g","contentUrl":"https:\/\/secure.gravatar.com\/avatar\/e69a3d6d60252edb45aec9db8c9e02e89aaf857f92dc9e58d64f65c7d219d142?s=96&d=mm&r=g","caption":"Cristina Del Amo"},"description":"Soy periodista, empresaria, emprendedora y madre. Licenciada en Ciencias de la Informaci\u00f3n por la Univ. Complutense de Madrid y M\u00e1ster en Gesti\u00f3n Comercial y Marketing, por la Escuela de Negocios ESIC, mi trayectoria profesional est\u00e1 ligada al entorno de la comunicaci\u00f3n, la gesti\u00f3n empresarial y los recursos humanos.","url":""}]}},"jetpack_featured_media_url":"https:\/\/i0.wp.com\/cezannehr.com\/wp-content\/uploads\/2022\/10\/Training-and-Development-finding-a-balance-when-the-budget-gets-tight%400.5x.png?fit=624%2C351&ssl=1","jetpack_sharing_enabled":true,"amp_enabled":true,"_links":{"self":[{"href":"https:\/\/cezannehr.com\/es\/wp-json\/wp\/v2\/posts\/71706","targetHints":{"allow":["GET"]}}],"collection":[{"href":"https:\/\/cezannehr.com\/es\/wp-json\/wp\/v2\/posts"}],"about":[{"href":"https:\/\/cezannehr.com\/es\/wp-json\/wp\/v2\/types\/post"}],"author":[{"embeddable":true,"href":"https:\/\/cezannehr.com\/es\/wp-json\/wp\/v2\/users\/56"}],"replies":[{"embeddable":true,"href":"https:\/\/cezannehr.com\/es\/wp-json\/wp\/v2\/comments?post=71706"}],"version-history":[{"count":0,"href":"https:\/\/cezannehr.com\/es\/wp-json\/wp\/v2\/posts\/71706\/revisions"}],"wp:featuredmedia":[{"embeddable":true,"href":"https:\/\/cezannehr.com\/es\/wp-json\/wp\/v2\/media\/71228"}],"wp:attachment":[{"href":"https:\/\/cezannehr.com\/es\/wp-json\/wp\/v2\/media?parent=71706"}],"wp:term":[{"taxonomy":"category","embeddable":true,"href":"https:\/\/cezannehr.com\/es\/wp-json\/wp\/v2\/categories?post=71706"},{"taxonomy":"post_tag","embeddable":true,"href":"https:\/\/cezannehr.com\/es\/wp-json\/wp\/v2\/tags?post=71706"}],"curies":[{"name":"wp","href":"https:\/\/api.w.org\/{rel}","templated":true}]}}