{"id":72741,"date":"2023-02-09T10:10:58","date_gmt":"2023-02-09T10:10:58","guid":{"rendered":"https:\/\/cezannehr.com\/?p=72741"},"modified":"2023-02-16T12:20:08","modified_gmt":"2023-02-16T12:20:08","slug":"como-aplicar-la-bondad-en-rrhh","status":"publish","type":"post","link":"https:\/\/cezannehr.com\/es\/hr-blog\/2023\/02\/como-aplicar-la-bondad-en-rrhh\/","title":{"rendered":"C\u00f3mo aplicar la bondad en RRHH"},"content":{"rendered":"<p>Si preguntaras por los adjetivos que crees que describen mejor a los profesionales de RRHH \u00bfqu\u00e9 crees que descubrir\u00edas? Te lo cuento. Seguramente la mayor\u00eda de las respuestas incluir\u00edan palabras como \u201cestrat\u00e9gico\u201d, \u201cflexible\u201d, \u201corganizado\u201d y \u201cobjetivo\u201d. Todas estas, son cualidades que los profesionales de RRHH deben tener para alcanzar el \u00e9xito en sus funciones. Pero \u00bfcrees que los empleados asociar\u00edan la palabra \u201cbondad\u201d a las \u00e1reas de RRHH? Seguramente, no. La bondad en RRHH no es algo reconocible.<\/p>\n<p>Claro, RRHH es quien hace frente a las situaciones dif\u00edciles en el \u00e1mbito laboral. Ya sea resolviendo conflictos o gestionando un bajo rendimiento. Esto hace que RRHH deba lidiar con un problema asociado a su imagen. Ya sabes, c\u00f3mo se percibe su trabajo en el resto de la organizaci\u00f3n. La imagen que proyecta.<\/p>\n<p><img data-recalc-dims=\"1\" decoding=\"async\" class=\"wp-image-72682 size-full aligncenter\" src=\"https:\/\/i0.wp.com\/cezannehr.com\/wp-content\/uploads\/2023\/02\/Why-HR-should-be-advocates-of-random-acts-of-kindness%400.5x.png?resize=624%2C351&#038;ssl=1\" alt=\"Hr advocate kindness\" width=\"624\" height=\"351\" srcset=\"https:\/\/i0.wp.com\/cezannehr.com\/wp-content\/uploads\/2023\/02\/Why-HR-should-be-advocates-of-random-acts-of-kindness%400.5x.png?w=624&amp;ssl=1 624w, https:\/\/i0.wp.com\/cezannehr.com\/wp-content\/uploads\/2023\/02\/Why-HR-should-be-advocates-of-random-acts-of-kindness%400.5x.png?resize=300%2C169&amp;ssl=1 300w, https:\/\/i0.wp.com\/cezannehr.com\/wp-content\/uploads\/2023\/02\/Why-HR-should-be-advocates-of-random-acts-of-kindness%400.5x.png?resize=208%2C117&amp;ssl=1 208w\" sizes=\"(max-width: 624px) 100vw, 624px\" \/><\/p>\n<p>Sin embargo, por otro lado, todos sabemos que RRHH est\u00e1 en el centro de las cosas buenas que pasan en una organizaci\u00f3n. Impulsa las culturas corporativas positivas. Ayuda a proteger la salud mental y el bienestar en el \u00e1mbito laboral. Garantiza la diversidad y la igualdad en las plantillas. Entonces, \u00bfno crees que RRHH tambi\u00e9n deber\u00eda ser la cara visible de la bondad y la solidaridad?<\/p>\n<h3>\u00bfPor qu\u00e9 RR.HH. debe impulsar la bondad?<\/h3>\n<p>La recesi\u00f3n, la crisis energ\u00e9tica, el incremento del coste de la vida, \u2026 \u00bfno te parece que ya tenemos demasiadas cosas negativas alrededor? Ser amable deber\u00eda ser prioritario. Ya s\u00e9 que cuando una empresa est\u00e1 <a href=\"https:\/\/cezannehr.com\/es\/hr-blog\/2021\/07\/rrhh-y-trabajo-bajo-presion-cinco-formas-de-ayudar\/\" target=\"_blank\" rel=\"noopener\">bajo presi\u00f3n<\/a> y los empleados est\u00e1n sobrecargados de trabajo, es f\u00e1cil olvidar lo importante que es ser amable. No hace falta que te diga que esto es, en s\u00ed mismo, un grand\u00edsimo error.<\/p>\n<p>Est\u00e1 demostrado que ser generoso, mostrar empat\u00eda o hacer el bien, favorece la salud mental. Te permite pensar en positivo. De hecho, la gur\u00fa de Harvard en salud mental, Inmaculada de Vivo dice que <a href=\"https:\/\/www.elespanol.com\/mujer\/salud-bienestar\/20230201\/dra-immaculata-vivo-consejos-experta-harvard-salud-mental\/737676573_0.html\" target=\"_blank\" rel=\"noopener\">\u00abLa pr\u00e1ctica de la bondad puede reducir la ansiedad\u00bb<\/a>.<\/p>\n<p>En un momento en el que, pr\u00e1cticamente, todas las organizaciones buscan formas de incrementar la motivaci\u00f3n de sus empleados y crear una cultura positiva en tiempos dif\u00edciles, unos sencillos actos de bondad pueden ayudar mucho a conseguirlo. Por lo tanto, implicar a los equipos de RR.HH. tiene todo el sentido. Y que piensen en c\u00f3mo pueden concienciar a las plantillas sobre la importancia de ser amable en el \u00e1mbito laboral.<\/p>\n<h3>\u00bfC\u00f3mo puede RRHH impulsar la bondad en el entorno laboral?<\/h3>\n<p>El poder de la bondad es una fuerza que las empresas no deber\u00edan ignorar. As\u00ed que, aqu\u00ed tienes algunas cosas que creo que las \u00e1reas de RR.HH. podr\u00edan hacer para impulsar este tipo de comportamientos.<\/p>\n<h3>Animar a los l\u00edderes a predicar con el ejemplo<\/h3>\n<p>Igual que la cultura de una empresa viene determinada en \u00faltima instancia por sus l\u00edderes, lo mismo ocurre con la bondad. Como profesional de RR.HH. pon el foco en la importancia de ser amable. Y anima a todos -tambi\u00e9n a los managers y directivos- a predicar con el ejemplo.<\/p>\n<p>Recuerda que los directivos son el centro de la cultura corporativa. Y que, los empleados ven y siguen sus acciones. Por lo tanto, incluso si hacen algo tan sencillo como felicitar a alguien o elogiar el esfuerzo de una persona en un proyecto concreto, su forma de actuar tendr\u00e1 gran repercusi\u00f3n. Y, es muy posible que el resto de la gente imite su comportamiento, haciendo de la bondad la norma, en vez de la excepci\u00f3n.<\/p>\n<h3>Ser creativo a la hora de fomentar la bondad<\/h3>\n<p>Las \u201cbuenas maneras\u201d no solo se tienen que reflejar en grandes gestos. Hacer una donaci\u00f3n a una ONG, contactar regularmente con los trabajadores remotos, servir un caf\u00e9 cuando el equipo est\u00e1 liado o, simplemente, dar las gracias a un compa\u00f1ero que se ha salido de su camino para ayudar a otro\u2026 Hay muchas maneras diferentes de ser amable.<\/p>\n<p>Lo m\u00e1s importante de todo es que ning\u00fan gesto es demasiado peque\u00f1o. Nunca se sabe lo que esas peque\u00f1as acciones pueden significar en la vida de los dem\u00e1s. Por lo tanto, averigua c\u00f3mo podr\u00edas incorporar la bondad a la visi\u00f3n y valores de tu empresa. O, a las evaluaciones de tus empleados. Incluso, podr\u00edas considerar la opci\u00f3n de poner en marcha \u201ciniciativas\u201d de amabilidad como impulsar un sistema m\u00e1s formal de <a href=\"https:\/\/cezannehr.com\/es\/hr-blog\/2023\/01\/reconocimiento_entre_companeros\/\" target=\"_blank\" rel=\"noopener\">reconocimiento entre compa\u00f1eros<\/a>.<\/p>\n<p>Cuando los empleados sepan que ser amable est\u00e1 en el centro de la cultura corporativa y que los l\u00edderes de la empresa lo apoyan, ser\u00e1 mucho m\u00e1s f\u00e1cil crear un entorno laboral m\u00e1s solidario y comprensivo.<\/p>\n<p><a href=\"https:\/\/cezannehr.com\/es\/demo\/?utm_source=blog&amp;utm_medium=banner&amp;utm_campaign=content_marketing\" target=\"_blank\" rel=\"noopener\"><img data-recalc-dims=\"1\" decoding=\"async\" class=\"alignnone wp-image-72803 size-large\" src=\"https:\/\/i0.wp.com\/cezannehr.com\/wp-content\/uploads\/2023\/02\/Banner-LinkedIn-Azul-con-Flatlay-Vector-Ilustraciones-General-34.png?resize=660%2C165&#038;ssl=1\" alt=\"\" width=\"660\" height=\"165\" srcset=\"https:\/\/i0.wp.com\/cezannehr.com\/wp-content\/uploads\/2023\/02\/Banner-LinkedIn-Azul-con-Flatlay-Vector-Ilustraciones-General-34.png?resize=1024%2C256&amp;ssl=1 1024w, https:\/\/i0.wp.com\/cezannehr.com\/wp-content\/uploads\/2023\/02\/Banner-LinkedIn-Azul-con-Flatlay-Vector-Ilustraciones-General-34.png?resize=300%2C75&amp;ssl=1 300w, https:\/\/i0.wp.com\/cezannehr.com\/wp-content\/uploads\/2023\/02\/Banner-LinkedIn-Azul-con-Flatlay-Vector-Ilustraciones-General-34.png?resize=768%2C192&amp;ssl=1 768w, https:\/\/i0.wp.com\/cezannehr.com\/wp-content\/uploads\/2023\/02\/Banner-LinkedIn-Azul-con-Flatlay-Vector-Ilustraciones-General-34.png?resize=1536%2C384&amp;ssl=1 1536w, https:\/\/i0.wp.com\/cezannehr.com\/wp-content\/uploads\/2023\/02\/Banner-LinkedIn-Azul-con-Flatlay-Vector-Ilustraciones-General-34.png?w=1584&amp;ssl=1 1584w, https:\/\/i0.wp.com\/cezannehr.com\/wp-content\/uploads\/2023\/02\/Banner-LinkedIn-Azul-con-Flatlay-Vector-Ilustraciones-General-34.png?w=1320&amp;ssl=1 1320w\" sizes=\"(max-width: 660px) 100vw, 660px\" \/><\/a><\/p>\n<h3>Preguntar a los empleados c\u00f3mo crear un lugar de trabajo m\u00e1s amable<\/h3>\n<p>Para que una iniciativa sea exitosa, es necesario contar con la participaci\u00f3n de todos. Y, como parece m\u00e1s l\u00f3gico que los empleados se unan a algo que realmente les importe, preguntarles puede ser una buena idea. Es decir, preguntarles qu\u00e9 piensan sobre la cultura positiva. O sobre lo que significa para ellos un entorno laboral amable. De esta manera, ser\u00e1 m\u00e1s f\u00e1cil actuar en consecuencia. Y, mostrar que realmente la empresa se preocupa por los intereses de sus empleados.<\/p>\n<h3>Mostrar las peque\u00f1as victorias y el trabajo duro<\/h3>\n<p>Generalmente, cuando las cosas van bien en una empresa es porque los empleados hacen todo lo posible para que as\u00ed sea. Con esto en mente, piensa c\u00f3mo puedes reconocer el trabajo de la gente. Y, c\u00f3mo mostrar tu agradecimiento por lo que hacen para que la empresa funcione. Esto no significa, necesariamente el pago de una <a href=\"https:\/\/cezannehr.com\/es\/hr-blog\/2022\/10\/bonificaciones-economicas-el-papel-de-rrhh\/\" target=\"_blank\" rel=\"noopener\">recompensa econ\u00f3mica<\/a> (de eso hablaremos m\u00e1s adelante). Un email dirigido a toda la organizaci\u00f3n, un \u201cgracias\u201d en una reuni\u00f3n -personal o virtual- o, incluso un acto social, m\u00e1s formal, pueden ser un buen momento para mostrar agradecimiento. Y, como ya sabes, gratitud y bondad, van de la mano.<\/p>\n<h3>Considerar recompensas y reconocimientos m\u00e1s formales<\/h3>\n<p>Por \u00faltimo, si realmente quieres demostrar lo que significa la bondad para tu empresa, considera la posibilidad de ofrecer peque\u00f1as gratificaciones en el acto. Un cheque-regalo, por ejemplo. O, tal vez, puedas plantearte un sistema de recompensa y reconocimiento m\u00e1s formal.<\/p>\n<p>Peque\u00f1os regalos como estos que no son caros pueden desencadenar los mismos beneficios psicol\u00f3gicos que la bondad. Y ayudan a reforzar comportamientos vitales para apoyar la cultura corporativa.<\/p>\n<p>&nbsp;<\/p>\n<p>&nbsp;<\/p>\n","protected":false},"excerpt":{"rendered":"<p>Si preguntaras por los adjetivos que crees que describen mejor a los profesionales de RRHH \u00bfqu\u00e9 crees que descubrir\u00edas? Te lo cuento. Seguramente la mayor\u00eda de las respuestas incluir\u00edan palabras como \u201cestrat\u00e9gico\u201d, \u201cflexible\u201d, \u201corganizado\u201d y \u201cobjetivo\u201d. Todas estas, son cualidades [&hellip;]<\/p>\n","protected":false},"author":56,"featured_media":72678,"comment_status":"closed","ping_status":"closed","sticky":false,"template":"","format":"standard","meta":{"_acf_changed":false,"_jetpack_memberships_contains_paid_content":false,"footnotes":""},"categories":[787],"tags":[],"class_list":{"0":"post-72741","1":"post","2":"type-post","3":"status-publish","4":"format-standard","5":"has-post-thumbnail","7":"category-rrhh-general","8":"cz_entry"},"acf":[],"yoast_head":"<!-- This site is optimized with the Yoast SEO Premium plugin v26.3 (Yoast SEO v26.3) - https:\/\/yoast.com\/wordpress\/plugins\/seo\/ -->\n<title>C\u00f3mo aplicar la bondad en RRHH - Cezanne HR<\/title>\n<meta name=\"description\" content=\"C\u00f3mo aplicar la bondad en RRHH, sabiendo que puede reducir la ansiedad. Reconocimiento, recompensas, peque\u00f1os gestos, ... todo suma\" \/>\n<meta name=\"robots\" content=\"index, follow, max-snippet:-1, max-image-preview:large, max-video-preview:-1\" \/>\n<link rel=\"canonical\" href=\"https:\/\/cezannehr.com\/es\/hr-blog\/2023\/02\/como-aplicar-la-bondad-en-rrhh\/\" \/>\n<meta property=\"og:locale\" content=\"es_ES\" \/>\n<meta property=\"og:type\" content=\"article\" \/>\n<meta property=\"og:title\" content=\"C\u00f3mo aplicar la bondad en RRHH\" \/>\n<meta property=\"og:description\" content=\"C\u00f3mo aplicar la bondad en RRHH, sabiendo que puede reducir la ansiedad. Reconocimiento, recompensas, peque\u00f1os gestos, ... todo suma\" \/>\n<meta property=\"og:url\" content=\"https:\/\/cezannehr.com\/es\/hr-blog\/2023\/02\/como-aplicar-la-bondad-en-rrhh\/\" \/>\n<meta property=\"og:site_name\" content=\"Cezanne HR\" \/>\n<meta property=\"article:publisher\" content=\"https:\/\/www.facebook.com\/CezanneHR\" \/>\n<meta property=\"article:published_time\" content=\"2023-02-09T10:10:58+00:00\" \/>\n<meta property=\"article:modified_time\" content=\"2023-02-16T12:20:08+00:00\" \/>\n<meta property=\"og:image\" content=\"https:\/\/i0.wp.com\/cezannehr.com\/wp-content\/uploads\/2023\/02\/Why-HR-should-be-advocates-of-random-acts-of-kindness.png?fit=5200%2C2925&ssl=1\" \/>\n\t<meta property=\"og:image:width\" content=\"5200\" \/>\n\t<meta property=\"og:image:height\" content=\"2925\" \/>\n\t<meta property=\"og:image:type\" content=\"image\/png\" \/>\n<meta name=\"author\" content=\"Cristina Del Amo\" \/>\n<meta name=\"twitter:card\" content=\"summary_large_image\" \/>\n<meta name=\"twitter:creator\" content=\"@CezanneHR\" \/>\n<meta name=\"twitter:site\" content=\"@CezanneHR\" \/>\n<meta name=\"twitter:label1\" content=\"Escrito por\" \/>\n\t<meta name=\"twitter:data1\" content=\"Manu Villa\" \/>\n\t<meta name=\"twitter:label2\" content=\"Tiempo de lectura\" \/>\n\t<meta name=\"twitter:data2\" content=\"5 minutos\" \/>\n<script type=\"application\/ld+json\" class=\"yoast-schema-graph\">{\"@context\":\"https:\/\/schema.org\",\"@graph\":[{\"@type\":\"Article\",\"@id\":\"https:\/\/cezannehr.com\/es\/hr-blog\/2023\/02\/como-aplicar-la-bondad-en-rrhh\/#article\",\"isPartOf\":{\"@id\":\"https:\/\/cezannehr.com\/es\/hr-blog\/2023\/02\/como-aplicar-la-bondad-en-rrhh\/\"},\"author\":{\"name\":\"Cristina Del Amo\",\"@id\":\"https:\/\/cezannehr.com\/es\/#\/schema\/person\/06fcb872e3d815d8b0a4b2d06c0a9ccd\"},\"headline\":\"C\u00f3mo aplicar la bondad en RRHH\",\"datePublished\":\"2023-02-09T10:10:58+00:00\",\"dateModified\":\"2023-02-16T12:20:08+00:00\",\"mainEntityOfPage\":{\"@id\":\"https:\/\/cezannehr.com\/es\/hr-blog\/2023\/02\/como-aplicar-la-bondad-en-rrhh\/\"},\"wordCount\":1100,\"publisher\":{\"@id\":\"https:\/\/cezannehr.com\/es\/#organization\"},\"image\":{\"@id\":\"https:\/\/cezannehr.com\/es\/hr-blog\/2023\/02\/como-aplicar-la-bondad-en-rrhh\/#primaryimage\"},\"thumbnailUrl\":\"https:\/\/i0.wp.com\/cezannehr.com\/wp-content\/uploads\/2023\/02\/Why-HR-should-be-advocates-of-random-acts-of-kindness.png?fit=5200%2C2925&ssl=1\",\"articleSection\":[\"RRHH general\"],\"inLanguage\":\"es\"},{\"@type\":\"WebPage\",\"@id\":\"https:\/\/cezannehr.com\/es\/hr-blog\/2023\/02\/como-aplicar-la-bondad-en-rrhh\/\",\"url\":\"https:\/\/cezannehr.com\/es\/hr-blog\/2023\/02\/como-aplicar-la-bondad-en-rrhh\/\",\"name\":\"C\u00f3mo aplicar la bondad en RRHH - Cezanne HR\",\"isPartOf\":{\"@id\":\"https:\/\/cezannehr.com\/es\/#website\"},\"primaryImageOfPage\":{\"@id\":\"https:\/\/cezannehr.com\/es\/hr-blog\/2023\/02\/como-aplicar-la-bondad-en-rrhh\/#primaryimage\"},\"image\":{\"@id\":\"https:\/\/cezannehr.com\/es\/hr-blog\/2023\/02\/como-aplicar-la-bondad-en-rrhh\/#primaryimage\"},\"thumbnailUrl\":\"https:\/\/i0.wp.com\/cezannehr.com\/wp-content\/uploads\/2023\/02\/Why-HR-should-be-advocates-of-random-acts-of-kindness.png?fit=5200%2C2925&ssl=1\",\"datePublished\":\"2023-02-09T10:10:58+00:00\",\"dateModified\":\"2023-02-16T12:20:08+00:00\",\"description\":\"C\u00f3mo aplicar la bondad en RRHH, sabiendo que puede reducir la ansiedad. Reconocimiento, recompensas, peque\u00f1os gestos, ... todo suma\",\"breadcrumb\":{\"@id\":\"https:\/\/cezannehr.com\/es\/hr-blog\/2023\/02\/como-aplicar-la-bondad-en-rrhh\/#breadcrumb\"},\"inLanguage\":\"es\",\"potentialAction\":[{\"@type\":\"ReadAction\",\"target\":[\"https:\/\/cezannehr.com\/es\/hr-blog\/2023\/02\/como-aplicar-la-bondad-en-rrhh\/\"]}]},{\"@type\":\"ImageObject\",\"inLanguage\":\"es\",\"@id\":\"https:\/\/cezannehr.com\/es\/hr-blog\/2023\/02\/como-aplicar-la-bondad-en-rrhh\/#primaryimage\",\"url\":\"https:\/\/i0.wp.com\/cezannehr.com\/wp-content\/uploads\/2023\/02\/Why-HR-should-be-advocates-of-random-acts-of-kindness.png?fit=5200%2C2925&ssl=1\",\"contentUrl\":\"https:\/\/i0.wp.com\/cezannehr.com\/wp-content\/uploads\/2023\/02\/Why-HR-should-be-advocates-of-random-acts-of-kindness.png?fit=5200%2C2925&ssl=1\",\"width\":5200,\"height\":2925,\"caption\":\"hr advocate kindness\"},{\"@type\":\"BreadcrumbList\",\"@id\":\"https:\/\/cezannehr.com\/es\/hr-blog\/2023\/02\/como-aplicar-la-bondad-en-rrhh\/#breadcrumb\",\"itemListElement\":[{\"@type\":\"ListItem\",\"position\":1,\"name\":\"Software HR\",\"item\":\"https:\/\/cezannehr.com\/es\/\"},{\"@type\":\"ListItem\",\"position\":2,\"name\":\"C\u00f3mo aplicar la bondad en RRHH\"}]},{\"@type\":\"WebSite\",\"@id\":\"https:\/\/cezannehr.com\/es\/#website\",\"url\":\"https:\/\/cezannehr.com\/es\/\",\"name\":\"Cezanne HR\",\"description\":\"Gesti\u00f3n de empleados - Gesti\u00f3n de vacaciones\",\"publisher\":{\"@id\":\"https:\/\/cezannehr.com\/es\/#organization\"},\"potentialAction\":[{\"@type\":\"SearchAction\",\"target\":{\"@type\":\"EntryPoint\",\"urlTemplate\":\"https:\/\/cezannehr.com\/es\/?s={search_term_string}\"},\"query-input\":{\"@type\":\"PropertyValueSpecification\",\"valueRequired\":true,\"valueName\":\"search_term_string\"}}],\"inLanguage\":\"es\"},{\"@type\":\"Organization\",\"@id\":\"https:\/\/cezannehr.com\/es\/#organization\",\"name\":\"Cezanne HR\",\"url\":\"https:\/\/cezannehr.com\/es\/\",\"logo\":{\"@type\":\"ImageObject\",\"inLanguage\":\"es\",\"@id\":\"https:\/\/cezannehr.com\/es\/#\/schema\/logo\/image\/\",\"url\":\"https:\/\/cezannehr.com\/wp-content\/uploads\/2026\/01\/Cezanne_logo_2026_colour.svg\",\"contentUrl\":\"https:\/\/cezannehr.com\/wp-content\/uploads\/2026\/01\/Cezanne_logo_2026_colour.svg\",\"width\":1,\"height\":1,\"caption\":\"Cezanne HR\"},\"image\":{\"@id\":\"https:\/\/cezannehr.com\/es\/#\/schema\/logo\/image\/\"},\"sameAs\":[\"https:\/\/www.facebook.com\/CezanneHR\",\"https:\/\/x.com\/CezanneHR\",\"https:\/\/www.linkedin.com\/company\/cezanne-hr\",\"https:\/\/uk.pinterest.com\/CezanneHR\/\",\"https:\/\/www.youtube.com\/user\/CezanneHR\"],\"legalName\":\"Cezanne HR Limited\",\"contactPoint\":[{\"@type\":\"ContactPoint\",\"telephone\":\"+44-2072022727\",\"contactType\":\"customer service\"},{\"@type\":\"ContactPoint\",\"url\":\"https:\/\/support.cezannehr.com\",\"email\":\"support@cezannehr.com\",\"contactType\":\"customer support\"}]},{\"@type\":\"Person\",\"@id\":\"https:\/\/cezannehr.com\/es\/#\/schema\/person\/06fcb872e3d815d8b0a4b2d06c0a9ccd\",\"name\":\"Cristina Del Amo\",\"image\":{\"@type\":\"ImageObject\",\"inLanguage\":\"es\",\"@id\":\"https:\/\/cezannehr.com\/es\/#\/schema\/person\/image\/\",\"url\":\"https:\/\/secure.gravatar.com\/avatar\/e69a3d6d60252edb45aec9db8c9e02e89aaf857f92dc9e58d64f65c7d219d142?s=96&d=mm&r=g\",\"contentUrl\":\"https:\/\/secure.gravatar.com\/avatar\/e69a3d6d60252edb45aec9db8c9e02e89aaf857f92dc9e58d64f65c7d219d142?s=96&d=mm&r=g\",\"caption\":\"Cristina Del Amo\"},\"description\":\"Soy periodista, empresaria, emprendedora y madre. Licenciada en Ciencias de la Informaci\u00f3n por la Univ. Complutense de Madrid y M\u00e1ster en Gesti\u00f3n Comercial y Marketing, por la Escuela de Negocios ESIC, mi trayectoria profesional est\u00e1 ligada al entorno de la comunicaci\u00f3n, la gesti\u00f3n empresarial y los recursos humanos.\",\"url\":\"\"}]}<\/script>\n<!-- \/ Yoast SEO Premium plugin. -->","yoast_head_json":{"title":"C\u00f3mo aplicar la bondad en RRHH - Cezanne HR","description":"C\u00f3mo aplicar la bondad en RRHH, sabiendo que puede reducir la ansiedad. Reconocimiento, recompensas, peque\u00f1os gestos, ... todo suma","robots":{"index":"index","follow":"follow","max-snippet":"max-snippet:-1","max-image-preview":"max-image-preview:large","max-video-preview":"max-video-preview:-1"},"canonical":"https:\/\/cezannehr.com\/es\/hr-blog\/2023\/02\/como-aplicar-la-bondad-en-rrhh\/","og_locale":"es_ES","og_type":"article","og_title":"C\u00f3mo aplicar la bondad en RRHH","og_description":"C\u00f3mo aplicar la bondad en RRHH, sabiendo que puede reducir la ansiedad. Reconocimiento, recompensas, peque\u00f1os gestos, ... todo suma","og_url":"https:\/\/cezannehr.com\/es\/hr-blog\/2023\/02\/como-aplicar-la-bondad-en-rrhh\/","og_site_name":"Cezanne HR","article_publisher":"https:\/\/www.facebook.com\/CezanneHR","article_published_time":"2023-02-09T10:10:58+00:00","article_modified_time":"2023-02-16T12:20:08+00:00","og_image":[{"width":5200,"height":2925,"url":"https:\/\/i0.wp.com\/cezannehr.com\/wp-content\/uploads\/2023\/02\/Why-HR-should-be-advocates-of-random-acts-of-kindness.png?fit=5200%2C2925&ssl=1","type":"image\/png"}],"author":"Cristina Del Amo","twitter_card":"summary_large_image","twitter_creator":"@CezanneHR","twitter_site":"@CezanneHR","twitter_misc":{"Escrito por":"Manu Villa","Tiempo de lectura":"5 minutos"},"schema":{"@context":"https:\/\/schema.org","@graph":[{"@type":"Article","@id":"https:\/\/cezannehr.com\/es\/hr-blog\/2023\/02\/como-aplicar-la-bondad-en-rrhh\/#article","isPartOf":{"@id":"https:\/\/cezannehr.com\/es\/hr-blog\/2023\/02\/como-aplicar-la-bondad-en-rrhh\/"},"author":{"name":"Cristina Del Amo","@id":"https:\/\/cezannehr.com\/es\/#\/schema\/person\/06fcb872e3d815d8b0a4b2d06c0a9ccd"},"headline":"C\u00f3mo aplicar la bondad en RRHH","datePublished":"2023-02-09T10:10:58+00:00","dateModified":"2023-02-16T12:20:08+00:00","mainEntityOfPage":{"@id":"https:\/\/cezannehr.com\/es\/hr-blog\/2023\/02\/como-aplicar-la-bondad-en-rrhh\/"},"wordCount":1100,"publisher":{"@id":"https:\/\/cezannehr.com\/es\/#organization"},"image":{"@id":"https:\/\/cezannehr.com\/es\/hr-blog\/2023\/02\/como-aplicar-la-bondad-en-rrhh\/#primaryimage"},"thumbnailUrl":"https:\/\/i0.wp.com\/cezannehr.com\/wp-content\/uploads\/2023\/02\/Why-HR-should-be-advocates-of-random-acts-of-kindness.png?fit=5200%2C2925&ssl=1","articleSection":["RRHH general"],"inLanguage":"es"},{"@type":"WebPage","@id":"https:\/\/cezannehr.com\/es\/hr-blog\/2023\/02\/como-aplicar-la-bondad-en-rrhh\/","url":"https:\/\/cezannehr.com\/es\/hr-blog\/2023\/02\/como-aplicar-la-bondad-en-rrhh\/","name":"C\u00f3mo aplicar la bondad en RRHH - Cezanne HR","isPartOf":{"@id":"https:\/\/cezannehr.com\/es\/#website"},"primaryImageOfPage":{"@id":"https:\/\/cezannehr.com\/es\/hr-blog\/2023\/02\/como-aplicar-la-bondad-en-rrhh\/#primaryimage"},"image":{"@id":"https:\/\/cezannehr.com\/es\/hr-blog\/2023\/02\/como-aplicar-la-bondad-en-rrhh\/#primaryimage"},"thumbnailUrl":"https:\/\/i0.wp.com\/cezannehr.com\/wp-content\/uploads\/2023\/02\/Why-HR-should-be-advocates-of-random-acts-of-kindness.png?fit=5200%2C2925&ssl=1","datePublished":"2023-02-09T10:10:58+00:00","dateModified":"2023-02-16T12:20:08+00:00","description":"C\u00f3mo aplicar la bondad en RRHH, sabiendo que puede reducir la ansiedad. Reconocimiento, recompensas, peque\u00f1os gestos, ... todo suma","breadcrumb":{"@id":"https:\/\/cezannehr.com\/es\/hr-blog\/2023\/02\/como-aplicar-la-bondad-en-rrhh\/#breadcrumb"},"inLanguage":"es","potentialAction":[{"@type":"ReadAction","target":["https:\/\/cezannehr.com\/es\/hr-blog\/2023\/02\/como-aplicar-la-bondad-en-rrhh\/"]}]},{"@type":"ImageObject","inLanguage":"es","@id":"https:\/\/cezannehr.com\/es\/hr-blog\/2023\/02\/como-aplicar-la-bondad-en-rrhh\/#primaryimage","url":"https:\/\/i0.wp.com\/cezannehr.com\/wp-content\/uploads\/2023\/02\/Why-HR-should-be-advocates-of-random-acts-of-kindness.png?fit=5200%2C2925&ssl=1","contentUrl":"https:\/\/i0.wp.com\/cezannehr.com\/wp-content\/uploads\/2023\/02\/Why-HR-should-be-advocates-of-random-acts-of-kindness.png?fit=5200%2C2925&ssl=1","width":5200,"height":2925,"caption":"hr advocate kindness"},{"@type":"BreadcrumbList","@id":"https:\/\/cezannehr.com\/es\/hr-blog\/2023\/02\/como-aplicar-la-bondad-en-rrhh\/#breadcrumb","itemListElement":[{"@type":"ListItem","position":1,"name":"Software HR","item":"https:\/\/cezannehr.com\/es\/"},{"@type":"ListItem","position":2,"name":"C\u00f3mo aplicar la bondad en RRHH"}]},{"@type":"WebSite","@id":"https:\/\/cezannehr.com\/es\/#website","url":"https:\/\/cezannehr.com\/es\/","name":"Cezanne HR","description":"Gesti\u00f3n de empleados - Gesti\u00f3n de vacaciones","publisher":{"@id":"https:\/\/cezannehr.com\/es\/#organization"},"potentialAction":[{"@type":"SearchAction","target":{"@type":"EntryPoint","urlTemplate":"https:\/\/cezannehr.com\/es\/?s={search_term_string}"},"query-input":{"@type":"PropertyValueSpecification","valueRequired":true,"valueName":"search_term_string"}}],"inLanguage":"es"},{"@type":"Organization","@id":"https:\/\/cezannehr.com\/es\/#organization","name":"Cezanne HR","url":"https:\/\/cezannehr.com\/es\/","logo":{"@type":"ImageObject","inLanguage":"es","@id":"https:\/\/cezannehr.com\/es\/#\/schema\/logo\/image\/","url":"https:\/\/cezannehr.com\/wp-content\/uploads\/2026\/01\/Cezanne_logo_2026_colour.svg","contentUrl":"https:\/\/cezannehr.com\/wp-content\/uploads\/2026\/01\/Cezanne_logo_2026_colour.svg","width":1,"height":1,"caption":"Cezanne HR"},"image":{"@id":"https:\/\/cezannehr.com\/es\/#\/schema\/logo\/image\/"},"sameAs":["https:\/\/www.facebook.com\/CezanneHR","https:\/\/x.com\/CezanneHR","https:\/\/www.linkedin.com\/company\/cezanne-hr","https:\/\/uk.pinterest.com\/CezanneHR\/","https:\/\/www.youtube.com\/user\/CezanneHR"],"legalName":"Cezanne HR Limited","contactPoint":[{"@type":"ContactPoint","telephone":"+44-2072022727","contactType":"customer service"},{"@type":"ContactPoint","url":"https:\/\/support.cezannehr.com","email":"support@cezannehr.com","contactType":"customer support"}]},{"@type":"Person","@id":"https:\/\/cezannehr.com\/es\/#\/schema\/person\/06fcb872e3d815d8b0a4b2d06c0a9ccd","name":"Cristina Del Amo","image":{"@type":"ImageObject","inLanguage":"es","@id":"https:\/\/cezannehr.com\/es\/#\/schema\/person\/image\/","url":"https:\/\/secure.gravatar.com\/avatar\/e69a3d6d60252edb45aec9db8c9e02e89aaf857f92dc9e58d64f65c7d219d142?s=96&d=mm&r=g","contentUrl":"https:\/\/secure.gravatar.com\/avatar\/e69a3d6d60252edb45aec9db8c9e02e89aaf857f92dc9e58d64f65c7d219d142?s=96&d=mm&r=g","caption":"Cristina Del Amo"},"description":"Soy periodista, empresaria, emprendedora y madre. Licenciada en Ciencias de la Informaci\u00f3n por la Univ. Complutense de Madrid y M\u00e1ster en Gesti\u00f3n Comercial y Marketing, por la Escuela de Negocios ESIC, mi trayectoria profesional est\u00e1 ligada al entorno de la comunicaci\u00f3n, la gesti\u00f3n empresarial y los recursos humanos.","url":""}]}},"jetpack_featured_media_url":"https:\/\/i0.wp.com\/cezannehr.com\/wp-content\/uploads\/2023\/02\/Why-HR-should-be-advocates-of-random-acts-of-kindness.png?fit=5200%2C2925&ssl=1","jetpack_sharing_enabled":true,"amp_enabled":true,"_links":{"self":[{"href":"https:\/\/cezannehr.com\/es\/wp-json\/wp\/v2\/posts\/72741","targetHints":{"allow":["GET"]}}],"collection":[{"href":"https:\/\/cezannehr.com\/es\/wp-json\/wp\/v2\/posts"}],"about":[{"href":"https:\/\/cezannehr.com\/es\/wp-json\/wp\/v2\/types\/post"}],"author":[{"embeddable":true,"href":"https:\/\/cezannehr.com\/es\/wp-json\/wp\/v2\/users\/56"}],"replies":[{"embeddable":true,"href":"https:\/\/cezannehr.com\/es\/wp-json\/wp\/v2\/comments?post=72741"}],"version-history":[{"count":0,"href":"https:\/\/cezannehr.com\/es\/wp-json\/wp\/v2\/posts\/72741\/revisions"}],"wp:featuredmedia":[{"embeddable":true,"href":"https:\/\/cezannehr.com\/es\/wp-json\/wp\/v2\/media\/72678"}],"wp:attachment":[{"href":"https:\/\/cezannehr.com\/es\/wp-json\/wp\/v2\/media?parent=72741"}],"wp:term":[{"taxonomy":"category","embeddable":true,"href":"https:\/\/cezannehr.com\/es\/wp-json\/wp\/v2\/categories?post=72741"},{"taxonomy":"post_tag","embeddable":true,"href":"https:\/\/cezannehr.com\/es\/wp-json\/wp\/v2\/tags?post=72741"}],"curies":[{"name":"wp","href":"https:\/\/api.w.org\/{rel}","templated":true}]}}