{"id":84333,"date":"2024-11-26T08:52:13","date_gmt":"2024-11-26T08:52:13","guid":{"rendered":"https:\/\/cezannehr.com\/?p=84333"},"modified":"2024-11-26T08:52:13","modified_gmt":"2024-11-26T08:52:13","slug":"software-de-gestion-de-personal-por-que-incluirlo-en-el-presupuesto-de-2025","status":"publish","type":"post","link":"https:\/\/cezannehr.com\/es\/hr-blog\/2024\/11\/software-de-gestion-de-personal-por-que-incluirlo-en-el-presupuesto-de-2025\/","title":{"rendered":"Software de gesti\u00f3n de personal: \u00bfpor qu\u00e9 incluirlo en el presupuesto de 2025?"},"content":{"rendered":"<div class=\"flex max-w-full flex-col flex-grow\">\n<div class=\"min-h-8 text-message flex w-full flex-col items-end gap-2 whitespace-normal break-words [.text-message+&amp;]:mt-5\" dir=\"auto\" data-message-author-role=\"assistant\" data-message-id=\"df01417a-0a43-48f3-9e4f-506c623269df\" data-message-model-slug=\"gpt-4o\">\n<div class=\"flex w-full flex-col gap-1 empty:hidden first:pt-[3px]\">\n<div class=\"markdown prose w-full break-words dark:prose-invert light\">\n<p>El final del a\u00f1o es el momento ideal para planificar inversiones estrat\u00e9gicas para el futuro. Con el cierre de 2024 y la definici\u00f3n del presupuesto para 2025, es crucial evaluar herramientas que optimicen la gesti\u00f3n empresarial. Un software de gesti\u00f3n de personal es una inversi\u00f3n clave para mejorar la eficiencia y el control de los recursos humanos.<\/p>\n<h3>\u00bfPor qu\u00e9 el final del a\u00f1o es el momento adecuado para elegir un software de gesti\u00f3n de personal?<\/h3>\n<p>Durante el cierre anual, muchas empresas analizan los resultados obtenidos e identifican \u00e1reas de mejora. La planificaci\u00f3n del presupuesto 2025 ofrece la oportunidad perfecta para incluir un software de RR. HH. que:<\/p>\n<ul>\n<li>Agilice los procesos administrativos, reduciendo la carga de trabajo manual.<\/li>\n<li>Centralice los datos del personal, mejorando la organizaci\u00f3n y la seguridad.<\/li>\n<li>Apoye el crecimiento empresarial gracias a una gesti\u00f3n m\u00e1s estrat\u00e9gica de los recursos humanos.<\/li>\n<\/ul>\n<p>Este periodo permite evaluar las ofertas disponibles y planificar una transici\u00f3n gradual al inicio del nuevo a\u00f1o.<\/p>\n<h3>Ventajas de un software de RR. HH. para 2025<\/h3>\n<p>Con un software de gesti\u00f3n de personal, la empresa afronta el nuevo a\u00f1o equipada con herramientas m\u00e1s eficaces, mejorando aspectos fundamentales como:<\/p>\n<ul>\n<li><strong>Optimizaci\u00f3n de las asistencias<\/strong>, con informes detallados.<\/li>\n<li><strong>Automatizaci\u00f3n de vacaciones y permisos<\/strong>, reduciendo errores y solicitudes manuales.<\/li>\n<li><strong>Seguimiento del rendimiento<\/strong>, para potenciar el talento interno.<\/li>\n<li><strong>Cumplimiento normativo<\/strong>, manteniendo siempre los procesos actualizados.<\/li>\n<\/ul>\n<h3>Planifica con antelaci\u00f3n con el software Cezanne HR<\/h3>\n<p>El cambio a un sistema de gesti\u00f3n moderno requiere una planificaci\u00f3n estrat\u00e9gica. Con Cezanne HR, aprovecha el final del a\u00f1o para programar una demostraci\u00f3n, evaluar las funcionalidades e incluir la soluci\u00f3n en el presupuesto de 2025. La plataforma, modular e intuitiva, est\u00e1 dise\u00f1ada para apoyar a empresas de cualquier tama\u00f1o en la gesti\u00f3n de recursos humanos.<\/p>\n<p>No esperes m\u00e1s: el momento de planificar tu inversi\u00f3n en un software de RR. HH. es ahora. Al incluir una soluci\u00f3n como Cezanne HR en el presupuesto de 2025, garantizar\u00e1s un futuro m\u00e1s eficiente y organizado para tu empresa.<\/p>\n<p><a href=\"https:\/\/cezannehr.com\/es\/demo\/\"><strong>Solicita una demostraci\u00f3n y descubre c\u00f3mo empezar el a\u00f1o de la mejor manera.<\/strong><\/a><\/p>\n<\/div>\n<\/div>\n<\/div>\n<\/div>\n","protected":false},"excerpt":{"rendered":"<p>El final del a\u00f1o es el momento ideal para planificar inversiones estrat\u00e9gicas para el futuro. Con el cierre de 2024 y la definici\u00f3n del presupuesto para 2025, es crucial evaluar herramientas que optimicen la gesti\u00f3n empresarial. Un software de gesti\u00f3n [&hellip;]<\/p>\n","protected":false},"author":50,"featured_media":84226,"comment_status":"open","ping_status":"open","sticky":false,"template":"","format":"standard","meta":{"_acf_changed":false,"_jetpack_memberships_contains_paid_content":false,"footnotes":""},"categories":[2012],"tags":[],"class_list":{"0":"post-84333","1":"post","2":"type-post","3":"status-publish","4":"format-standard","5":"has-post-thumbnail","7":"category-software-de-rr-hh","8":"cz_entry"},"acf":[],"yoast_head":"<!-- This site is optimized with the Yoast SEO Premium plugin v26.3 (Yoast SEO v26.3) - https:\/\/yoast.com\/wordpress\/plugins\/seo\/ -->\n<title>Software gesti\u00f3n de personal en presupuesto 2025 | Cezanne HR<\/title>\n<meta name=\"description\" content=\"\u00bfPor qu\u00e9 el final del a\u00f1o es el momento adecuado para elegir un software de gesti\u00f3n de personal?\" \/>\n<meta name=\"robots\" content=\"index, follow, max-snippet:-1, max-image-preview:large, max-video-preview:-1\" \/>\n<link rel=\"canonical\" href=\"https:\/\/cezannehr.com\/es\/hr-blog\/2024\/11\/software-de-gestion-de-personal-por-que-incluirlo-en-el-presupuesto-de-2025\/\" \/>\n<meta property=\"og:locale\" content=\"es_ES\" \/>\n<meta property=\"og:type\" content=\"article\" \/>\n<meta property=\"og:title\" content=\"Software de gesti\u00f3n de personal: \u00bfpor qu\u00e9 incluirlo en el presupuesto de 2025?\" \/>\n<meta property=\"og:description\" content=\"\u00bfPor qu\u00e9 el final del a\u00f1o es el momento adecuado para elegir un software de gesti\u00f3n de personal?\" \/>\n<meta property=\"og:url\" content=\"https:\/\/cezannehr.com\/es\/hr-blog\/2024\/11\/software-de-gestion-de-personal-por-que-incluirlo-en-el-presupuesto-de-2025\/\" \/>\n<meta property=\"og:site_name\" content=\"Cezanne HR\" \/>\n<meta property=\"article:publisher\" content=\"https:\/\/www.facebook.com\/CezanneHR\" \/>\n<meta property=\"article:published_time\" content=\"2024-11-26T08:52:13+00:00\" \/>\n<meta property=\"og:image\" content=\"https:\/\/cezannehr.com\/wp-content\/uploads\/2023\/04\/The-4-Day-Working-Week-Key-Considerations-for-HR-Cezanne-Blog.png\" \/>\n\t<meta property=\"og:image:width\" content=\"5200\" \/>\n\t<meta property=\"og:image:height\" content=\"2925\" \/>\n\t<meta property=\"og:image:type\" content=\"image\/png\" \/>\n<meta name=\"author\" content=\"Martina Tattini\" \/>\n<meta name=\"twitter:card\" content=\"summary_large_image\" \/>\n<meta name=\"twitter:creator\" content=\"@CezanneHR\" \/>\n<meta name=\"twitter:site\" content=\"@CezanneHR\" \/>\n<meta name=\"twitter:label1\" content=\"Escrito por\" \/>\n\t<meta name=\"twitter:data1\" content=\"Martina Tattini\" \/>\n\t<meta name=\"twitter:label2\" content=\"Tiempo de lectura\" \/>\n\t<meta name=\"twitter:data2\" content=\"2 minutos\" \/>\n<script type=\"application\/ld+json\" class=\"yoast-schema-graph\">{\"@context\":\"https:\/\/schema.org\",\"@graph\":[{\"@type\":\"Article\",\"@id\":\"https:\/\/cezannehr.com\/es\/hr-blog\/2024\/11\/software-de-gestion-de-personal-por-que-incluirlo-en-el-presupuesto-de-2025\/#article\",\"isPartOf\":{\"@id\":\"https:\/\/cezannehr.com\/es\/hr-blog\/2024\/11\/software-de-gestion-de-personal-por-que-incluirlo-en-el-presupuesto-de-2025\/\"},\"author\":{\"name\":\"Martina Tattini\",\"@id\":\"https:\/\/cezannehr.com\/es\/#\/schema\/person\/ab6215fdf6a0dd1736973458e89e9112\"},\"headline\":\"Software de gesti\u00f3n de personal: \u00bfpor qu\u00e9 incluirlo en el presupuesto de 2025?\",\"datePublished\":\"2024-11-26T08:52:13+00:00\",\"mainEntityOfPage\":{\"@id\":\"https:\/\/cezannehr.com\/es\/hr-blog\/2024\/11\/software-de-gestion-de-personal-por-que-incluirlo-en-el-presupuesto-de-2025\/\"},\"wordCount\":383,\"commentCount\":0,\"publisher\":{\"@id\":\"https:\/\/cezannehr.com\/es\/#organization\"},\"image\":{\"@id\":\"https:\/\/cezannehr.com\/es\/hr-blog\/2024\/11\/software-de-gestion-de-personal-por-que-incluirlo-en-el-presupuesto-de-2025\/#primaryimage\"},\"thumbnailUrl\":\"https:\/\/i0.wp.com\/cezannehr.com\/wp-content\/uploads\/2023\/04\/The-4-Day-Working-Week-Key-Considerations-for-HR-Cezanne-Blog.png?fit=5200%2C2925&ssl=1\",\"articleSection\":[\"Software de RR.HH.\"],\"inLanguage\":\"es\",\"potentialAction\":[{\"@type\":\"CommentAction\",\"name\":\"Comment\",\"target\":[\"https:\/\/cezannehr.com\/es\/hr-blog\/2024\/11\/software-de-gestion-de-personal-por-que-incluirlo-en-el-presupuesto-de-2025\/#respond\"]}]},{\"@type\":\"WebPage\",\"@id\":\"https:\/\/cezannehr.com\/es\/hr-blog\/2024\/11\/software-de-gestion-de-personal-por-que-incluirlo-en-el-presupuesto-de-2025\/\",\"url\":\"https:\/\/cezannehr.com\/es\/hr-blog\/2024\/11\/software-de-gestion-de-personal-por-que-incluirlo-en-el-presupuesto-de-2025\/\",\"name\":\"Software gesti\u00f3n de personal en presupuesto 2025 | Cezanne HR\",\"isPartOf\":{\"@id\":\"https:\/\/cezannehr.com\/es\/#website\"},\"primaryImageOfPage\":{\"@id\":\"https:\/\/cezannehr.com\/es\/hr-blog\/2024\/11\/software-de-gestion-de-personal-por-que-incluirlo-en-el-presupuesto-de-2025\/#primaryimage\"},\"image\":{\"@id\":\"https:\/\/cezannehr.com\/es\/hr-blog\/2024\/11\/software-de-gestion-de-personal-por-que-incluirlo-en-el-presupuesto-de-2025\/#primaryimage\"},\"thumbnailUrl\":\"https:\/\/i0.wp.com\/cezannehr.com\/wp-content\/uploads\/2023\/04\/The-4-Day-Working-Week-Key-Considerations-for-HR-Cezanne-Blog.png?fit=5200%2C2925&ssl=1\",\"datePublished\":\"2024-11-26T08:52:13+00:00\",\"description\":\"\u00bfPor qu\u00e9 el final del a\u00f1o es el momento adecuado para elegir un software de gesti\u00f3n de personal?\",\"breadcrumb\":{\"@id\":\"https:\/\/cezannehr.com\/es\/hr-blog\/2024\/11\/software-de-gestion-de-personal-por-que-incluirlo-en-el-presupuesto-de-2025\/#breadcrumb\"},\"inLanguage\":\"es\",\"potentialAction\":[{\"@type\":\"ReadAction\",\"target\":[\"https:\/\/cezannehr.com\/es\/hr-blog\/2024\/11\/software-de-gestion-de-personal-por-que-incluirlo-en-el-presupuesto-de-2025\/\"]}]},{\"@type\":\"ImageObject\",\"inLanguage\":\"es\",\"@id\":\"https:\/\/cezannehr.com\/es\/hr-blog\/2024\/11\/software-de-gestion-de-personal-por-que-incluirlo-en-el-presupuesto-de-2025\/#primaryimage\",\"url\":\"https:\/\/i0.wp.com\/cezannehr.com\/wp-content\/uploads\/2023\/04\/The-4-Day-Working-Week-Key-Considerations-for-HR-Cezanne-Blog.png?fit=5200%2C2925&ssl=1\",\"contentUrl\":\"https:\/\/i0.wp.com\/cezannehr.com\/wp-content\/uploads\/2023\/04\/The-4-Day-Working-Week-Key-Considerations-for-HR-Cezanne-Blog.png?fit=5200%2C2925&ssl=1\",\"width\":5200,\"height\":2925,\"caption\":\"The 4 Day Working Week Key Considerations for HR Cezanne Blog\"},{\"@type\":\"BreadcrumbList\",\"@id\":\"https:\/\/cezannehr.com\/es\/hr-blog\/2024\/11\/software-de-gestion-de-personal-por-que-incluirlo-en-el-presupuesto-de-2025\/#breadcrumb\",\"itemListElement\":[{\"@type\":\"ListItem\",\"position\":1,\"name\":\"Software HR\",\"item\":\"https:\/\/cezannehr.com\/es\/\"},{\"@type\":\"ListItem\",\"position\":2,\"name\":\"Software de gesti\u00f3n de personal: \u00bfpor qu\u00e9 incluirlo en el presupuesto de 2025?\"}]},{\"@type\":\"WebSite\",\"@id\":\"https:\/\/cezannehr.com\/es\/#website\",\"url\":\"https:\/\/cezannehr.com\/es\/\",\"name\":\"Cezanne HR\",\"description\":\"Gesti\u00f3n de empleados - Gesti\u00f3n de vacaciones\",\"publisher\":{\"@id\":\"https:\/\/cezannehr.com\/es\/#organization\"},\"potentialAction\":[{\"@type\":\"SearchAction\",\"target\":{\"@type\":\"EntryPoint\",\"urlTemplate\":\"https:\/\/cezannehr.com\/es\/?s={search_term_string}\"},\"query-input\":{\"@type\":\"PropertyValueSpecification\",\"valueRequired\":true,\"valueName\":\"search_term_string\"}}],\"inLanguage\":\"es\"},{\"@type\":\"Organization\",\"@id\":\"https:\/\/cezannehr.com\/es\/#organization\",\"name\":\"Cezanne HR\",\"url\":\"https:\/\/cezannehr.com\/es\/\",\"logo\":{\"@type\":\"ImageObject\",\"inLanguage\":\"es\",\"@id\":\"https:\/\/cezannehr.com\/es\/#\/schema\/logo\/image\/\",\"url\":\"https:\/\/cezannehr.com\/wp-content\/uploads\/2026\/01\/Cezanne_logo_2026_colour.svg\",\"contentUrl\":\"https:\/\/cezannehr.com\/wp-content\/uploads\/2026\/01\/Cezanne_logo_2026_colour.svg\",\"width\":1,\"height\":1,\"caption\":\"Cezanne HR\"},\"image\":{\"@id\":\"https:\/\/cezannehr.com\/es\/#\/schema\/logo\/image\/\"},\"sameAs\":[\"https:\/\/www.facebook.com\/CezanneHR\",\"https:\/\/x.com\/CezanneHR\",\"https:\/\/www.linkedin.com\/company\/cezanne-hr\",\"https:\/\/uk.pinterest.com\/CezanneHR\/\",\"https:\/\/www.youtube.com\/user\/CezanneHR\"],\"legalName\":\"Cezanne HR Limited\",\"contactPoint\":[{\"@type\":\"ContactPoint\",\"telephone\":\"+44-2072022727\",\"contactType\":\"customer service\"},{\"@type\":\"ContactPoint\",\"url\":\"https:\/\/support.cezannehr.com\",\"email\":\"support@cezannehr.com\",\"contactType\":\"customer support\"}]},{\"@type\":\"Person\",\"@id\":\"https:\/\/cezannehr.com\/es\/#\/schema\/person\/ab6215fdf6a0dd1736973458e89e9112\",\"name\":\"Martina Tattini\",\"image\":{\"@type\":\"ImageObject\",\"inLanguage\":\"es\",\"@id\":\"https:\/\/cezannehr.com\/es\/#\/schema\/person\/image\/\",\"url\":\"https:\/\/secure.gravatar.com\/avatar\/5cf43fbee50362e3217d0aa4e96edbd332176a92a6be16d1cf5997335cfe669a?s=96&d=mm&r=g\",\"contentUrl\":\"https:\/\/secure.gravatar.com\/avatar\/5cf43fbee50362e3217d0aa4e96edbd332176a92a6be16d1cf5997335cfe669a?s=96&d=mm&r=g\",\"caption\":\"Martina Tattini\"},\"url\":\"https:\/\/cezannehr.com\/es\/hr-blog\/author\/martina-tattini\/\"}]}<\/script>\n<!-- \/ Yoast SEO Premium plugin. -->","yoast_head_json":{"title":"Software gesti\u00f3n de personal en presupuesto 2025 | Cezanne HR","description":"\u00bfPor qu\u00e9 el final del a\u00f1o es el momento adecuado para elegir un software de gesti\u00f3n de personal?","robots":{"index":"index","follow":"follow","max-snippet":"max-snippet:-1","max-image-preview":"max-image-preview:large","max-video-preview":"max-video-preview:-1"},"canonical":"https:\/\/cezannehr.com\/es\/hr-blog\/2024\/11\/software-de-gestion-de-personal-por-que-incluirlo-en-el-presupuesto-de-2025\/","og_locale":"es_ES","og_type":"article","og_title":"Software de gesti\u00f3n de personal: \u00bfpor qu\u00e9 incluirlo en el presupuesto de 2025?","og_description":"\u00bfPor qu\u00e9 el final del a\u00f1o es el momento adecuado para elegir un software de gesti\u00f3n de personal?","og_url":"https:\/\/cezannehr.com\/es\/hr-blog\/2024\/11\/software-de-gestion-de-personal-por-que-incluirlo-en-el-presupuesto-de-2025\/","og_site_name":"Cezanne HR","article_publisher":"https:\/\/www.facebook.com\/CezanneHR","article_published_time":"2024-11-26T08:52:13+00:00","og_image":[{"width":5200,"height":2925,"url":"https:\/\/cezannehr.com\/wp-content\/uploads\/2023\/04\/The-4-Day-Working-Week-Key-Considerations-for-HR-Cezanne-Blog.png","type":"image\/png"}],"author":"Martina Tattini","twitter_card":"summary_large_image","twitter_creator":"@CezanneHR","twitter_site":"@CezanneHR","twitter_misc":{"Escrito por":"Martina Tattini","Tiempo de lectura":"2 minutos"},"schema":{"@context":"https:\/\/schema.org","@graph":[{"@type":"Article","@id":"https:\/\/cezannehr.com\/es\/hr-blog\/2024\/11\/software-de-gestion-de-personal-por-que-incluirlo-en-el-presupuesto-de-2025\/#article","isPartOf":{"@id":"https:\/\/cezannehr.com\/es\/hr-blog\/2024\/11\/software-de-gestion-de-personal-por-que-incluirlo-en-el-presupuesto-de-2025\/"},"author":{"name":"Martina Tattini","@id":"https:\/\/cezannehr.com\/es\/#\/schema\/person\/ab6215fdf6a0dd1736973458e89e9112"},"headline":"Software de gesti\u00f3n de personal: \u00bfpor qu\u00e9 incluirlo en el presupuesto de 2025?","datePublished":"2024-11-26T08:52:13+00:00","mainEntityOfPage":{"@id":"https:\/\/cezannehr.com\/es\/hr-blog\/2024\/11\/software-de-gestion-de-personal-por-que-incluirlo-en-el-presupuesto-de-2025\/"},"wordCount":383,"commentCount":0,"publisher":{"@id":"https:\/\/cezannehr.com\/es\/#organization"},"image":{"@id":"https:\/\/cezannehr.com\/es\/hr-blog\/2024\/11\/software-de-gestion-de-personal-por-que-incluirlo-en-el-presupuesto-de-2025\/#primaryimage"},"thumbnailUrl":"https:\/\/i0.wp.com\/cezannehr.com\/wp-content\/uploads\/2023\/04\/The-4-Day-Working-Week-Key-Considerations-for-HR-Cezanne-Blog.png?fit=5200%2C2925&ssl=1","articleSection":["Software de RR.HH."],"inLanguage":"es","potentialAction":[{"@type":"CommentAction","name":"Comment","target":["https:\/\/cezannehr.com\/es\/hr-blog\/2024\/11\/software-de-gestion-de-personal-por-que-incluirlo-en-el-presupuesto-de-2025\/#respond"]}]},{"@type":"WebPage","@id":"https:\/\/cezannehr.com\/es\/hr-blog\/2024\/11\/software-de-gestion-de-personal-por-que-incluirlo-en-el-presupuesto-de-2025\/","url":"https:\/\/cezannehr.com\/es\/hr-blog\/2024\/11\/software-de-gestion-de-personal-por-que-incluirlo-en-el-presupuesto-de-2025\/","name":"Software gesti\u00f3n de personal en presupuesto 2025 | Cezanne HR","isPartOf":{"@id":"https:\/\/cezannehr.com\/es\/#website"},"primaryImageOfPage":{"@id":"https:\/\/cezannehr.com\/es\/hr-blog\/2024\/11\/software-de-gestion-de-personal-por-que-incluirlo-en-el-presupuesto-de-2025\/#primaryimage"},"image":{"@id":"https:\/\/cezannehr.com\/es\/hr-blog\/2024\/11\/software-de-gestion-de-personal-por-que-incluirlo-en-el-presupuesto-de-2025\/#primaryimage"},"thumbnailUrl":"https:\/\/i0.wp.com\/cezannehr.com\/wp-content\/uploads\/2023\/04\/The-4-Day-Working-Week-Key-Considerations-for-HR-Cezanne-Blog.png?fit=5200%2C2925&ssl=1","datePublished":"2024-11-26T08:52:13+00:00","description":"\u00bfPor qu\u00e9 el final del a\u00f1o es el momento adecuado para elegir un software de gesti\u00f3n de personal?","breadcrumb":{"@id":"https:\/\/cezannehr.com\/es\/hr-blog\/2024\/11\/software-de-gestion-de-personal-por-que-incluirlo-en-el-presupuesto-de-2025\/#breadcrumb"},"inLanguage":"es","potentialAction":[{"@type":"ReadAction","target":["https:\/\/cezannehr.com\/es\/hr-blog\/2024\/11\/software-de-gestion-de-personal-por-que-incluirlo-en-el-presupuesto-de-2025\/"]}]},{"@type":"ImageObject","inLanguage":"es","@id":"https:\/\/cezannehr.com\/es\/hr-blog\/2024\/11\/software-de-gestion-de-personal-por-que-incluirlo-en-el-presupuesto-de-2025\/#primaryimage","url":"https:\/\/i0.wp.com\/cezannehr.com\/wp-content\/uploads\/2023\/04\/The-4-Day-Working-Week-Key-Considerations-for-HR-Cezanne-Blog.png?fit=5200%2C2925&ssl=1","contentUrl":"https:\/\/i0.wp.com\/cezannehr.com\/wp-content\/uploads\/2023\/04\/The-4-Day-Working-Week-Key-Considerations-for-HR-Cezanne-Blog.png?fit=5200%2C2925&ssl=1","width":5200,"height":2925,"caption":"The 4 Day Working Week Key Considerations for HR Cezanne Blog"},{"@type":"BreadcrumbList","@id":"https:\/\/cezannehr.com\/es\/hr-blog\/2024\/11\/software-de-gestion-de-personal-por-que-incluirlo-en-el-presupuesto-de-2025\/#breadcrumb","itemListElement":[{"@type":"ListItem","position":1,"name":"Software HR","item":"https:\/\/cezannehr.com\/es\/"},{"@type":"ListItem","position":2,"name":"Software de gesti\u00f3n de personal: \u00bfpor qu\u00e9 incluirlo en el presupuesto de 2025?"}]},{"@type":"WebSite","@id":"https:\/\/cezannehr.com\/es\/#website","url":"https:\/\/cezannehr.com\/es\/","name":"Cezanne HR","description":"Gesti\u00f3n de empleados - Gesti\u00f3n de vacaciones","publisher":{"@id":"https:\/\/cezannehr.com\/es\/#organization"},"potentialAction":[{"@type":"SearchAction","target":{"@type":"EntryPoint","urlTemplate":"https:\/\/cezannehr.com\/es\/?s={search_term_string}"},"query-input":{"@type":"PropertyValueSpecification","valueRequired":true,"valueName":"search_term_string"}}],"inLanguage":"es"},{"@type":"Organization","@id":"https:\/\/cezannehr.com\/es\/#organization","name":"Cezanne HR","url":"https:\/\/cezannehr.com\/es\/","logo":{"@type":"ImageObject","inLanguage":"es","@id":"https:\/\/cezannehr.com\/es\/#\/schema\/logo\/image\/","url":"https:\/\/cezannehr.com\/wp-content\/uploads\/2026\/01\/Cezanne_logo_2026_colour.svg","contentUrl":"https:\/\/cezannehr.com\/wp-content\/uploads\/2026\/01\/Cezanne_logo_2026_colour.svg","width":1,"height":1,"caption":"Cezanne HR"},"image":{"@id":"https:\/\/cezannehr.com\/es\/#\/schema\/logo\/image\/"},"sameAs":["https:\/\/www.facebook.com\/CezanneHR","https:\/\/x.com\/CezanneHR","https:\/\/www.linkedin.com\/company\/cezanne-hr","https:\/\/uk.pinterest.com\/CezanneHR\/","https:\/\/www.youtube.com\/user\/CezanneHR"],"legalName":"Cezanne HR Limited","contactPoint":[{"@type":"ContactPoint","telephone":"+44-2072022727","contactType":"customer service"},{"@type":"ContactPoint","url":"https:\/\/support.cezannehr.com","email":"support@cezannehr.com","contactType":"customer support"}]},{"@type":"Person","@id":"https:\/\/cezannehr.com\/es\/#\/schema\/person\/ab6215fdf6a0dd1736973458e89e9112","name":"Martina Tattini","image":{"@type":"ImageObject","inLanguage":"es","@id":"https:\/\/cezannehr.com\/es\/#\/schema\/person\/image\/","url":"https:\/\/secure.gravatar.com\/avatar\/5cf43fbee50362e3217d0aa4e96edbd332176a92a6be16d1cf5997335cfe669a?s=96&d=mm&r=g","contentUrl":"https:\/\/secure.gravatar.com\/avatar\/5cf43fbee50362e3217d0aa4e96edbd332176a92a6be16d1cf5997335cfe669a?s=96&d=mm&r=g","caption":"Martina Tattini"},"url":"https:\/\/cezannehr.com\/es\/hr-blog\/author\/martina-tattini\/"}]}},"jetpack_featured_media_url":"https:\/\/i0.wp.com\/cezannehr.com\/wp-content\/uploads\/2023\/04\/The-4-Day-Working-Week-Key-Considerations-for-HR-Cezanne-Blog.png?fit=5200%2C2925&ssl=1","jetpack_sharing_enabled":true,"amp_enabled":true,"_links":{"self":[{"href":"https:\/\/cezannehr.com\/es\/wp-json\/wp\/v2\/posts\/84333","targetHints":{"allow":["GET"]}}],"collection":[{"href":"https:\/\/cezannehr.com\/es\/wp-json\/wp\/v2\/posts"}],"about":[{"href":"https:\/\/cezannehr.com\/es\/wp-json\/wp\/v2\/types\/post"}],"author":[{"embeddable":true,"href":"https:\/\/cezannehr.com\/es\/wp-json\/wp\/v2\/users\/50"}],"replies":[{"embeddable":true,"href":"https:\/\/cezannehr.com\/es\/wp-json\/wp\/v2\/comments?post=84333"}],"version-history":[{"count":0,"href":"https:\/\/cezannehr.com\/es\/wp-json\/wp\/v2\/posts\/84333\/revisions"}],"wp:featuredmedia":[{"embeddable":true,"href":"https:\/\/cezannehr.com\/es\/wp-json\/wp\/v2\/media\/84226"}],"wp:attachment":[{"href":"https:\/\/cezannehr.com\/es\/wp-json\/wp\/v2\/media?parent=84333"}],"wp:term":[{"taxonomy":"category","embeddable":true,"href":"https:\/\/cezannehr.com\/es\/wp-json\/wp\/v2\/categories?post=84333"},{"taxonomy":"post_tag","embeddable":true,"href":"https:\/\/cezannehr.com\/es\/wp-json\/wp\/v2\/tags?post=84333"}],"curies":[{"name":"wp","href":"https:\/\/api.w.org\/{rel}","templated":true}]}}