{"id":87365,"date":"2025-04-07T13:56:42","date_gmt":"2025-04-07T13:56:42","guid":{"rendered":"https:\/\/cezannehr.com\/?p=87365"},"modified":"2025-06-10T13:02:32","modified_gmt":"2025-06-10T13:02:32","slug":"gestionar-ausencias","status":"publish","type":"post","link":"https:\/\/cezannehr.com\/es\/hr-blog\/2025\/04\/gestionar-ausencias\/","title":{"rendered":"Simplifica las vacaciones: 4 claves para gestionar ausencias sin dramas"},"content":{"rendered":"<h2>4 buenas pr\u00e1cticas para gestionar ausencias sin dramas<\/h2>\n<p><span data-contrast=\"none\">La gesti\u00f3n de ausencias y vacaciones es siempre una responsabilidad, tanto para los managers como para recursos humanos.<\/span><span data-contrast=\"auto\"> Sin embargo, La llegada del verano supone un reto para los equipos de RRHH y managers que deben gestionar solicitudes de vacaciones, mantener la productividad y garantizar la cobertura de puestos clave. Una mala planificaci\u00f3n puede generar tensiones innecesarias, desorganizaci\u00f3n e incluso afectar el clima laboral. <\/span><span data-contrast=\"none\">Por eso, para mantener la agilidad empresarial, RRHH debe estar preparado para\u00a0<\/span><b><span data-contrast=\"none\">facilitar la gesti\u00f3n de ausencias y vacaciones<\/span><\/b><span data-contrast=\"none\">.<\/span><span data-ccp-props=\"{}\">\u00a0<\/span><\/p>\n<p><span data-contrast=\"auto\">Te compartimos <\/span><b><span data-contrast=\"auto\">4 buenas pr\u00e1cticas para planificar ausencias laborales <\/span><\/b><span data-contrast=\"auto\"><strong>sin dramas<\/strong>:<\/span><span data-ccp-props=\"{&quot;134233117&quot;:false,&quot;134233118&quot;:false,&quot;335551550&quot;:0,&quot;335551620&quot;:0,&quot;335559738&quot;:240,&quot;335559739&quot;:240}\">\u00a0<\/span><\/p>\n<ol>\n<li aria-level=\"3\">\n<h3><b><span data-contrast=\"none\"> Planificaci\u00f3n anticipada<\/span><\/b><\/h3>\n<\/li>\n<\/ol>\n<p><span data-contrast=\"auto\">Antic\u00edpate a la avalancha de solicitudes. Comunica con suficiente antelaci\u00f3n los plazos para pedir vacaciones, establece criterios claros de aprobaci\u00f3n (por orden de solicitud, rotaci\u00f3n, antig\u00fcedad, etc.) y anima a los equipos a coordinarse entre ellos. Esto evita decisiones de \u00faltima hora y permite una mejor organizaci\u00f3n del trabajo.<\/span><span data-ccp-props=\"{&quot;134233117&quot;:false,&quot;134233118&quot;:false,&quot;335551550&quot;:0,&quot;335551620&quot;:0,&quot;335559738&quot;:240,&quot;335559739&quot;:240}\">\u00a0<\/span><\/p>\n<ol start=\"2\">\n<li aria-level=\"3\">\n<h3><b><span data-contrast=\"none\"> Digitaliza la gesti\u00f3n de ausencias<\/span><\/b><\/h3>\n<\/li>\n<\/ol>\n<p><span data-contrast=\"auto\">Utilizar un <\/span><b><span data-contrast=\"auto\">software de RRHH con un <a href=\"https:\/\/cezannehr.com\/es\/soluciones\/gestion-de-las-ausencias\/\">m\u00f3dulo de gesti\u00f3n de ausencias<\/a><\/span><\/b><span data-contrast=\"auto\"> permite automatizar solicitudes, aprobar vacaciones con un clic y visualizar f\u00e1cilmente qu\u00e9 personas estar\u00e1n fuera cada d\u00eda. Adem\u00e1s, los empleados pueden consultar su saldo de d\u00edas disponibles sin necesidad de recurrir a RRHH.<\/span><span data-ccp-props=\"{&quot;134233117&quot;:false,&quot;134233118&quot;:false,&quot;335551550&quot;:0,&quot;335551620&quot;:0,&quot;335559738&quot;:240,&quot;335559739&quot;:240}\">\u00a0<\/span><\/p>\n<ol start=\"3\">\n<li aria-level=\"3\">\n<h3><b><span data-contrast=\"none\"> Asegura la cobertura de puestos cr\u00edticos<\/span><\/b><\/h3>\n<\/li>\n<\/ol>\n<p><span data-contrast=\"auto\">Identifica qu\u00e9 funciones no pueden quedarse sin cubrir y establece planes de sustituci\u00f3n o reparto de tareas. Una herramienta de planificaci\u00f3n o un calendario compartido te permitir\u00e1 detectar huecos y reorganizar recursos antes de que sea tarde.<\/span><span data-ccp-props=\"{&quot;134233117&quot;:false,&quot;134233118&quot;:false,&quot;335551550&quot;:0,&quot;335551620&quot;:0,&quot;335559738&quot;:240,&quot;335559739&quot;:240}\">\u00a0<\/span><\/p>\n<ol start=\"4\">\n<li aria-level=\"3\">\n<h3><b><span data-contrast=\"none\"> Fomenta una cultura de responsabilidad<\/span><\/b><\/h3>\n<\/li>\n<\/ol>\n<p><span data-contrast=\"auto\">Gestionar las vacaciones no es solo tarea de RRHH. Involucra a managers y empleados en el proceso, promoviendo la corresponsabilidad y la empat\u00eda. Si todos entienden el impacto de su ausencia en el equipo, ser\u00e1 m\u00e1s f\u00e1cil coordinar y evitar conflictos.<\/span><span data-ccp-props=\"{&quot;134233117&quot;:false,&quot;134233118&quot;:false,&quot;335551550&quot;:0,&quot;335551620&quot;:0,&quot;335559738&quot;:240,&quot;335559739&quot;:240}\">\u00a0<\/span><\/p>\n<p><span data-ccp-props=\"{&quot;134233117&quot;:false,&quot;134233118&quot;:false,&quot;335551550&quot;:0,&quot;335551620&quot;:0,&quot;335559738&quot;:240,&quot;335559739&quot;:240}\">\u00a0<\/span><b><span data-contrast=\"none\">Conclusi\u00f3n<\/span><\/b><span data-ccp-props=\"{&quot;134233117&quot;:false,&quot;134233118&quot;:false,&quot;134245418&quot;:true,&quot;134245529&quot;:true,&quot;335551550&quot;:0,&quot;335551620&quot;:0,&quot;335559738&quot;:281,&quot;335559739&quot;:281}\">\u00a0<\/span><\/p>\n<p><span data-contrast=\"auto\">La clave para gestionar ausencias laborales sin caos es la <\/span><b><span data-contrast=\"auto\">organizaci\u00f3n, la tecnolog\u00eda y la comunicaci\u00f3n<\/span><\/b><span data-contrast=\"auto\">. Adoptar herramientas digitales y fomentar una cultura colaborativa son pasos esenciales para lograr una planificaci\u00f3n eficiente.<\/span><span data-ccp-props=\"{}\">\u00a0<\/span><\/p>\n<p><span data-contrast=\"none\">Son muchos los beneficios que te aportar\u00e1 un sistema de registro de ausencias. Horas extra, vacaciones y bajas, estar\u00e1n completamente controladas sin necesidad de fichar en la oficina porque cada trabajador puede abrirlo en el lugar en que se encuentre. Asimismo, tu equipo tendr\u00e1 el descanso que necesita y podr\u00e1s asegurar que la producci\u00f3n nunca se ver\u00e1 afectada por este tipo de cuestiones. Con una gesti\u00f3n eficaz, siempre tendr\u00e1s la plantilla suficiente para sacar el trabajo adelante. \u00bfTe interesa saber m\u00e1s? Pues en Cezanne HR podemos ayudarte. <\/span><a href=\"https:\/\/cezannehr.com\/es\/demo\/\"><b><span data-contrast=\"none\">\u00a1Ponte en contacto con nosotros!<\/span><\/b><span data-ccp-props=\"{}\">\u00a0<\/span><\/a><\/p>\n<p>&nbsp;<\/p>\n","protected":false},"excerpt":{"rendered":"<p>4 buenas pr\u00e1cticas para gestionar ausencias sin dramas La gesti\u00f3n de ausencias y vacaciones es siempre una responsabilidad, tanto para los managers como para recursos humanos. Sin embargo, La llegada del verano supone un reto para los equipos de RRHH [&hellip;]<\/p>\n","protected":false},"author":107,"featured_media":88280,"comment_status":"open","ping_status":"open","sticky":false,"template":"","format":"standard","meta":{"_acf_changed":false,"_jetpack_memberships_contains_paid_content":false,"footnotes":""},"categories":[787],"tags":[],"class_list":{"0":"post-87365","1":"post","2":"type-post","3":"status-publish","4":"format-standard","5":"has-post-thumbnail","7":"category-rrhh-general","8":"cz_entry"},"acf":[],"yoast_head":"<!-- This site is optimized with the Yoast SEO Premium plugin v26.3 (Yoast SEO v26.3) - https:\/\/yoast.com\/wordpress\/plugins\/seo\/ -->\n<title>4 claves para gestionar ausencias sin dramas<\/title>\n<meta name=\"description\" content=\"Aprende c\u00f3mo gestionar las ausencias sin drama y de manera eficiente con 4 pr\u00e1cticas clave. Organiza las vacaciones sin estr\u00e9s.\" \/>\n<meta name=\"robots\" content=\"index, follow, max-snippet:-1, max-image-preview:large, max-video-preview:-1\" \/>\n<link rel=\"canonical\" href=\"https:\/\/cezannehr.com\/es\/hr-blog\/2025\/04\/gestionar-ausencias\/\" \/>\n<meta property=\"og:locale\" content=\"es_ES\" \/>\n<meta property=\"og:type\" content=\"article\" \/>\n<meta property=\"og:title\" content=\"Simplifica las vacaciones: 4 claves para gestionar ausencias sin dramas\" \/>\n<meta property=\"og:description\" content=\"Aprende c\u00f3mo gestionar las ausencias sin drama y de manera eficiente con 4 pr\u00e1cticas clave. Organiza las vacaciones sin estr\u00e9s.\" \/>\n<meta property=\"og:url\" content=\"https:\/\/cezannehr.com\/es\/hr-blog\/2025\/04\/gestionar-ausencias\/\" \/>\n<meta property=\"og:site_name\" content=\"Cezanne HR\" \/>\n<meta property=\"article:publisher\" content=\"https:\/\/www.facebook.com\/CezanneHR\" \/>\n<meta property=\"article:published_time\" content=\"2025-04-07T13:56:42+00:00\" \/>\n<meta property=\"article:modified_time\" content=\"2025-06-10T13:02:32+00:00\" \/>\n<meta property=\"og:image\" content=\"https:\/\/cezannehr.com\/wp-content\/uploads\/2025\/05\/Blog-1200-x-628-px-2.png\" \/>\n\t<meta property=\"og:image:width\" content=\"1200\" \/>\n\t<meta property=\"og:image:height\" content=\"628\" \/>\n\t<meta property=\"og:image:type\" content=\"image\/png\" \/>\n<meta name=\"author\" content=\"Nicole Mottet\" \/>\n<meta name=\"twitter:card\" content=\"summary_large_image\" \/>\n<meta name=\"twitter:creator\" content=\"@CezanneHR\" \/>\n<meta name=\"twitter:site\" content=\"@CezanneHR\" \/>\n<meta name=\"twitter:label1\" content=\"Escrito por\" \/>\n\t<meta name=\"twitter:data1\" content=\"Nicole Mottet\" \/>\n\t<meta name=\"twitter:label2\" content=\"Tiempo de lectura\" \/>\n\t<meta name=\"twitter:data2\" content=\"3 minutos\" \/>\n<script type=\"application\/ld+json\" class=\"yoast-schema-graph\">{\"@context\":\"https:\/\/schema.org\",\"@graph\":[{\"@type\":\"Article\",\"@id\":\"https:\/\/cezannehr.com\/es\/hr-blog\/2025\/04\/gestionar-ausencias\/#article\",\"isPartOf\":{\"@id\":\"https:\/\/cezannehr.com\/es\/hr-blog\/2025\/04\/gestionar-ausencias\/\"},\"author\":{\"name\":\"Nicole Mottet\",\"@id\":\"https:\/\/cezannehr.com\/es\/#\/schema\/person\/7c0cdcf2f614d1831522d98130e55dbb\"},\"headline\":\"Simplifica las vacaciones: 4 claves para gestionar ausencias sin dramas\",\"datePublished\":\"2025-04-07T13:56:42+00:00\",\"dateModified\":\"2025-06-10T13:02:32+00:00\",\"mainEntityOfPage\":{\"@id\":\"https:\/\/cezannehr.com\/es\/hr-blog\/2025\/04\/gestionar-ausencias\/\"},\"wordCount\":463,\"commentCount\":0,\"publisher\":{\"@id\":\"https:\/\/cezannehr.com\/es\/#organization\"},\"image\":{\"@id\":\"https:\/\/cezannehr.com\/es\/hr-blog\/2025\/04\/gestionar-ausencias\/#primaryimage\"},\"thumbnailUrl\":\"https:\/\/i0.wp.com\/cezannehr.com\/wp-content\/uploads\/2025\/05\/Blog-1200-x-628-px-2.png?fit=1200%2C628&ssl=1\",\"articleSection\":[\"RRHH general\"],\"inLanguage\":\"es\",\"potentialAction\":[{\"@type\":\"CommentAction\",\"name\":\"Comment\",\"target\":[\"https:\/\/cezannehr.com\/es\/hr-blog\/2025\/04\/gestionar-ausencias\/#respond\"]}]},{\"@type\":\"WebPage\",\"@id\":\"https:\/\/cezannehr.com\/es\/hr-blog\/2025\/04\/gestionar-ausencias\/\",\"url\":\"https:\/\/cezannehr.com\/es\/hr-blog\/2025\/04\/gestionar-ausencias\/\",\"name\":\"4 claves para gestionar ausencias sin dramas\",\"isPartOf\":{\"@id\":\"https:\/\/cezannehr.com\/es\/#website\"},\"primaryImageOfPage\":{\"@id\":\"https:\/\/cezannehr.com\/es\/hr-blog\/2025\/04\/gestionar-ausencias\/#primaryimage\"},\"image\":{\"@id\":\"https:\/\/cezannehr.com\/es\/hr-blog\/2025\/04\/gestionar-ausencias\/#primaryimage\"},\"thumbnailUrl\":\"https:\/\/i0.wp.com\/cezannehr.com\/wp-content\/uploads\/2025\/05\/Blog-1200-x-628-px-2.png?fit=1200%2C628&ssl=1\",\"datePublished\":\"2025-04-07T13:56:42+00:00\",\"dateModified\":\"2025-06-10T13:02:32+00:00\",\"description\":\"Aprende c\u00f3mo gestionar las ausencias sin drama y de manera eficiente con 4 pr\u00e1cticas clave. Organiza las vacaciones sin estr\u00e9s.\",\"breadcrumb\":{\"@id\":\"https:\/\/cezannehr.com\/es\/hr-blog\/2025\/04\/gestionar-ausencias\/#breadcrumb\"},\"inLanguage\":\"es\",\"potentialAction\":[{\"@type\":\"ReadAction\",\"target\":[\"https:\/\/cezannehr.com\/es\/hr-blog\/2025\/04\/gestionar-ausencias\/\"]}]},{\"@type\":\"ImageObject\",\"inLanguage\":\"es\",\"@id\":\"https:\/\/cezannehr.com\/es\/hr-blog\/2025\/04\/gestionar-ausencias\/#primaryimage\",\"url\":\"https:\/\/i0.wp.com\/cezannehr.com\/wp-content\/uploads\/2025\/05\/Blog-1200-x-628-px-2.png?fit=1200%2C628&ssl=1\",\"contentUrl\":\"https:\/\/i0.wp.com\/cezannehr.com\/wp-content\/uploads\/2025\/05\/Blog-1200-x-628-px-2.png?fit=1200%2C628&ssl=1\",\"width\":1200,\"height\":628,\"caption\":\"https:\/\/aedipecv.com\/mantener-la-productividad\/\"},{\"@type\":\"BreadcrumbList\",\"@id\":\"https:\/\/cezannehr.com\/es\/hr-blog\/2025\/04\/gestionar-ausencias\/#breadcrumb\",\"itemListElement\":[{\"@type\":\"ListItem\",\"position\":1,\"name\":\"Software HR\",\"item\":\"https:\/\/cezannehr.com\/es\/\"},{\"@type\":\"ListItem\",\"position\":2,\"name\":\"Simplifica las vacaciones: 4 claves para gestionar ausencias sin dramas\"}]},{\"@type\":\"WebSite\",\"@id\":\"https:\/\/cezannehr.com\/es\/#website\",\"url\":\"https:\/\/cezannehr.com\/es\/\",\"name\":\"Cezanne HR\",\"description\":\"Gesti\u00f3n de empleados - Gesti\u00f3n de vacaciones\",\"publisher\":{\"@id\":\"https:\/\/cezannehr.com\/es\/#organization\"},\"potentialAction\":[{\"@type\":\"SearchAction\",\"target\":{\"@type\":\"EntryPoint\",\"urlTemplate\":\"https:\/\/cezannehr.com\/es\/?s={search_term_string}\"},\"query-input\":{\"@type\":\"PropertyValueSpecification\",\"valueRequired\":true,\"valueName\":\"search_term_string\"}}],\"inLanguage\":\"es\"},{\"@type\":\"Organization\",\"@id\":\"https:\/\/cezannehr.com\/es\/#organization\",\"name\":\"Cezanne HR\",\"url\":\"https:\/\/cezannehr.com\/es\/\",\"logo\":{\"@type\":\"ImageObject\",\"inLanguage\":\"es\",\"@id\":\"https:\/\/cezannehr.com\/es\/#\/schema\/logo\/image\/\",\"url\":\"https:\/\/cezannehr.com\/wp-content\/uploads\/2026\/01\/Cezanne_logo_2026_colour.svg\",\"contentUrl\":\"https:\/\/cezannehr.com\/wp-content\/uploads\/2026\/01\/Cezanne_logo_2026_colour.svg\",\"width\":1,\"height\":1,\"caption\":\"Cezanne HR\"},\"image\":{\"@id\":\"https:\/\/cezannehr.com\/es\/#\/schema\/logo\/image\/\"},\"sameAs\":[\"https:\/\/www.facebook.com\/CezanneHR\",\"https:\/\/x.com\/CezanneHR\",\"https:\/\/www.linkedin.com\/company\/cezanne-hr\",\"https:\/\/uk.pinterest.com\/CezanneHR\/\",\"https:\/\/www.youtube.com\/user\/CezanneHR\"],\"legalName\":\"Cezanne HR Limited\",\"contactPoint\":[{\"@type\":\"ContactPoint\",\"telephone\":\"+44-2072022727\",\"contactType\":\"customer service\"},{\"@type\":\"ContactPoint\",\"url\":\"https:\/\/support.cezannehr.com\",\"email\":\"support@cezannehr.com\",\"contactType\":\"customer support\"}]},{\"@type\":\"Person\",\"@id\":\"https:\/\/cezannehr.com\/es\/#\/schema\/person\/7c0cdcf2f614d1831522d98130e55dbb\",\"name\":\"Nicole Mottet\",\"image\":{\"@type\":\"ImageObject\",\"inLanguage\":\"es\",\"@id\":\"https:\/\/cezannehr.com\/es\/#\/schema\/person\/image\/\",\"url\":\"https:\/\/secure.gravatar.com\/avatar\/e9b847d53ddce4d2f9c0092fe91f7bf76ee1e0f9887387c92ed7e551330556a1?s=96&d=mm&r=g\",\"contentUrl\":\"https:\/\/secure.gravatar.com\/avatar\/e9b847d53ddce4d2f9c0092fe91f7bf76ee1e0f9887387c92ed7e551330556a1?s=96&d=mm&r=g\",\"caption\":\"Nicole Mottet\"},\"url\":\"https:\/\/cezannehr.com\/es\/hr-blog\/author\/nmottet\/\"}]}<\/script>\n<!-- \/ Yoast SEO Premium plugin. -->","yoast_head_json":{"title":"4 claves para gestionar ausencias sin dramas","description":"Aprende c\u00f3mo gestionar las ausencias sin drama y de manera eficiente con 4 pr\u00e1cticas clave. Organiza las vacaciones sin estr\u00e9s.","robots":{"index":"index","follow":"follow","max-snippet":"max-snippet:-1","max-image-preview":"max-image-preview:large","max-video-preview":"max-video-preview:-1"},"canonical":"https:\/\/cezannehr.com\/es\/hr-blog\/2025\/04\/gestionar-ausencias\/","og_locale":"es_ES","og_type":"article","og_title":"Simplifica las vacaciones: 4 claves para gestionar ausencias sin dramas","og_description":"Aprende c\u00f3mo gestionar las ausencias sin drama y de manera eficiente con 4 pr\u00e1cticas clave. Organiza las vacaciones sin estr\u00e9s.","og_url":"https:\/\/cezannehr.com\/es\/hr-blog\/2025\/04\/gestionar-ausencias\/","og_site_name":"Cezanne HR","article_publisher":"https:\/\/www.facebook.com\/CezanneHR","article_published_time":"2025-04-07T13:56:42+00:00","article_modified_time":"2025-06-10T13:02:32+00:00","og_image":[{"width":1200,"height":628,"url":"https:\/\/cezannehr.com\/wp-content\/uploads\/2025\/05\/Blog-1200-x-628-px-2.png","type":"image\/png"}],"author":"Nicole Mottet","twitter_card":"summary_large_image","twitter_creator":"@CezanneHR","twitter_site":"@CezanneHR","twitter_misc":{"Escrito por":"Nicole Mottet","Tiempo de lectura":"3 minutos"},"schema":{"@context":"https:\/\/schema.org","@graph":[{"@type":"Article","@id":"https:\/\/cezannehr.com\/es\/hr-blog\/2025\/04\/gestionar-ausencias\/#article","isPartOf":{"@id":"https:\/\/cezannehr.com\/es\/hr-blog\/2025\/04\/gestionar-ausencias\/"},"author":{"name":"Nicole Mottet","@id":"https:\/\/cezannehr.com\/es\/#\/schema\/person\/7c0cdcf2f614d1831522d98130e55dbb"},"headline":"Simplifica las vacaciones: 4 claves para gestionar ausencias sin dramas","datePublished":"2025-04-07T13:56:42+00:00","dateModified":"2025-06-10T13:02:32+00:00","mainEntityOfPage":{"@id":"https:\/\/cezannehr.com\/es\/hr-blog\/2025\/04\/gestionar-ausencias\/"},"wordCount":463,"commentCount":0,"publisher":{"@id":"https:\/\/cezannehr.com\/es\/#organization"},"image":{"@id":"https:\/\/cezannehr.com\/es\/hr-blog\/2025\/04\/gestionar-ausencias\/#primaryimage"},"thumbnailUrl":"https:\/\/i0.wp.com\/cezannehr.com\/wp-content\/uploads\/2025\/05\/Blog-1200-x-628-px-2.png?fit=1200%2C628&ssl=1","articleSection":["RRHH general"],"inLanguage":"es","potentialAction":[{"@type":"CommentAction","name":"Comment","target":["https:\/\/cezannehr.com\/es\/hr-blog\/2025\/04\/gestionar-ausencias\/#respond"]}]},{"@type":"WebPage","@id":"https:\/\/cezannehr.com\/es\/hr-blog\/2025\/04\/gestionar-ausencias\/","url":"https:\/\/cezannehr.com\/es\/hr-blog\/2025\/04\/gestionar-ausencias\/","name":"4 claves para gestionar ausencias sin dramas","isPartOf":{"@id":"https:\/\/cezannehr.com\/es\/#website"},"primaryImageOfPage":{"@id":"https:\/\/cezannehr.com\/es\/hr-blog\/2025\/04\/gestionar-ausencias\/#primaryimage"},"image":{"@id":"https:\/\/cezannehr.com\/es\/hr-blog\/2025\/04\/gestionar-ausencias\/#primaryimage"},"thumbnailUrl":"https:\/\/i0.wp.com\/cezannehr.com\/wp-content\/uploads\/2025\/05\/Blog-1200-x-628-px-2.png?fit=1200%2C628&ssl=1","datePublished":"2025-04-07T13:56:42+00:00","dateModified":"2025-06-10T13:02:32+00:00","description":"Aprende c\u00f3mo gestionar las ausencias sin drama y de manera eficiente con 4 pr\u00e1cticas clave. Organiza las vacaciones sin estr\u00e9s.","breadcrumb":{"@id":"https:\/\/cezannehr.com\/es\/hr-blog\/2025\/04\/gestionar-ausencias\/#breadcrumb"},"inLanguage":"es","potentialAction":[{"@type":"ReadAction","target":["https:\/\/cezannehr.com\/es\/hr-blog\/2025\/04\/gestionar-ausencias\/"]}]},{"@type":"ImageObject","inLanguage":"es","@id":"https:\/\/cezannehr.com\/es\/hr-blog\/2025\/04\/gestionar-ausencias\/#primaryimage","url":"https:\/\/i0.wp.com\/cezannehr.com\/wp-content\/uploads\/2025\/05\/Blog-1200-x-628-px-2.png?fit=1200%2C628&ssl=1","contentUrl":"https:\/\/i0.wp.com\/cezannehr.com\/wp-content\/uploads\/2025\/05\/Blog-1200-x-628-px-2.png?fit=1200%2C628&ssl=1","width":1200,"height":628,"caption":"https:\/\/aedipecv.com\/mantener-la-productividad\/"},{"@type":"BreadcrumbList","@id":"https:\/\/cezannehr.com\/es\/hr-blog\/2025\/04\/gestionar-ausencias\/#breadcrumb","itemListElement":[{"@type":"ListItem","position":1,"name":"Software HR","item":"https:\/\/cezannehr.com\/es\/"},{"@type":"ListItem","position":2,"name":"Simplifica las vacaciones: 4 claves para gestionar ausencias sin dramas"}]},{"@type":"WebSite","@id":"https:\/\/cezannehr.com\/es\/#website","url":"https:\/\/cezannehr.com\/es\/","name":"Cezanne HR","description":"Gesti\u00f3n de empleados - Gesti\u00f3n de vacaciones","publisher":{"@id":"https:\/\/cezannehr.com\/es\/#organization"},"potentialAction":[{"@type":"SearchAction","target":{"@type":"EntryPoint","urlTemplate":"https:\/\/cezannehr.com\/es\/?s={search_term_string}"},"query-input":{"@type":"PropertyValueSpecification","valueRequired":true,"valueName":"search_term_string"}}],"inLanguage":"es"},{"@type":"Organization","@id":"https:\/\/cezannehr.com\/es\/#organization","name":"Cezanne HR","url":"https:\/\/cezannehr.com\/es\/","logo":{"@type":"ImageObject","inLanguage":"es","@id":"https:\/\/cezannehr.com\/es\/#\/schema\/logo\/image\/","url":"https:\/\/cezannehr.com\/wp-content\/uploads\/2026\/01\/Cezanne_logo_2026_colour.svg","contentUrl":"https:\/\/cezannehr.com\/wp-content\/uploads\/2026\/01\/Cezanne_logo_2026_colour.svg","width":1,"height":1,"caption":"Cezanne HR"},"image":{"@id":"https:\/\/cezannehr.com\/es\/#\/schema\/logo\/image\/"},"sameAs":["https:\/\/www.facebook.com\/CezanneHR","https:\/\/x.com\/CezanneHR","https:\/\/www.linkedin.com\/company\/cezanne-hr","https:\/\/uk.pinterest.com\/CezanneHR\/","https:\/\/www.youtube.com\/user\/CezanneHR"],"legalName":"Cezanne HR Limited","contactPoint":[{"@type":"ContactPoint","telephone":"+44-2072022727","contactType":"customer service"},{"@type":"ContactPoint","url":"https:\/\/support.cezannehr.com","email":"support@cezannehr.com","contactType":"customer support"}]},{"@type":"Person","@id":"https:\/\/cezannehr.com\/es\/#\/schema\/person\/7c0cdcf2f614d1831522d98130e55dbb","name":"Nicole Mottet","image":{"@type":"ImageObject","inLanguage":"es","@id":"https:\/\/cezannehr.com\/es\/#\/schema\/person\/image\/","url":"https:\/\/secure.gravatar.com\/avatar\/e9b847d53ddce4d2f9c0092fe91f7bf76ee1e0f9887387c92ed7e551330556a1?s=96&d=mm&r=g","contentUrl":"https:\/\/secure.gravatar.com\/avatar\/e9b847d53ddce4d2f9c0092fe91f7bf76ee1e0f9887387c92ed7e551330556a1?s=96&d=mm&r=g","caption":"Nicole Mottet"},"url":"https:\/\/cezannehr.com\/es\/hr-blog\/author\/nmottet\/"}]}},"jetpack_featured_media_url":"https:\/\/i0.wp.com\/cezannehr.com\/wp-content\/uploads\/2025\/05\/Blog-1200-x-628-px-2.png?fit=1200%2C628&ssl=1","jetpack_sharing_enabled":true,"amp_enabled":true,"_links":{"self":[{"href":"https:\/\/cezannehr.com\/es\/wp-json\/wp\/v2\/posts\/87365","targetHints":{"allow":["GET"]}}],"collection":[{"href":"https:\/\/cezannehr.com\/es\/wp-json\/wp\/v2\/posts"}],"about":[{"href":"https:\/\/cezannehr.com\/es\/wp-json\/wp\/v2\/types\/post"}],"author":[{"embeddable":true,"href":"https:\/\/cezannehr.com\/es\/wp-json\/wp\/v2\/users\/107"}],"replies":[{"embeddable":true,"href":"https:\/\/cezannehr.com\/es\/wp-json\/wp\/v2\/comments?post=87365"}],"version-history":[{"count":0,"href":"https:\/\/cezannehr.com\/es\/wp-json\/wp\/v2\/posts\/87365\/revisions"}],"wp:featuredmedia":[{"embeddable":true,"href":"https:\/\/cezannehr.com\/es\/wp-json\/wp\/v2\/media\/88280"}],"wp:attachment":[{"href":"https:\/\/cezannehr.com\/es\/wp-json\/wp\/v2\/media?parent=87365"}],"wp:term":[{"taxonomy":"category","embeddable":true,"href":"https:\/\/cezannehr.com\/es\/wp-json\/wp\/v2\/categories?post=87365"},{"taxonomy":"post_tag","embeddable":true,"href":"https:\/\/cezannehr.com\/es\/wp-json\/wp\/v2\/tags?post=87365"}],"curies":[{"name":"wp","href":"https:\/\/api.w.org\/{rel}","templated":true}]}}