{"id":87875,"date":"2025-05-08T09:48:12","date_gmt":"2025-05-08T09:48:12","guid":{"rendered":"https:\/\/cezannehr.com\/?p=87875"},"modified":"2025-05-08T09:48:24","modified_gmt":"2025-05-08T09:48:24","slug":"registro-jornada-laboral-espana-control-horario","status":"publish","type":"post","link":"https:\/\/cezannehr.com\/es\/hr-blog\/2025\/05\/registro-jornada-laboral-espana-control-horario\/","title":{"rendered":"Registro de Jornada Laboral en Espa\u00f1a y Soluciones de Control Horario\u00a0"},"content":{"rendered":"<p><span data-ccp-props=\"{&quot;335551550&quot;:2,&quot;335551620&quot;:2}\">\u00a0<\/span><span data-contrast=\"auto\">El Consejo de Ministros ha dado luz verde al nuevo Proyecto de Ley que, entre otras medidas, contempla la <a href=\"https:\/\/sincro.es\/blog\/actualidad-laboral\/aprobado-el-proyecto-de-ley-de-jornada-de-375-horas\/\">reducci\u00f3n de la jornada ordinaria a 37,5<\/a> horas semanales (en c\u00f3mputo anual). Junto a esta reforma, se refuerzan tambi\u00e9n las obligaciones en materia de registro de jornada laboral, un aspecto clave para garantizar el cumplimiento normativo y la protecci\u00f3n de los derechos de las personas trabajadoras.<\/span><span data-ccp-props=\"{&quot;335551550&quot;:1,&quot;335551620&quot;:1}\">\u00a0<\/span><\/p>\n<h2><b><span data-contrast=\"auto\">\u00bfQu\u00e9 Cambios Introduce la Nueva Normativa?<\/span><\/b><span data-ccp-props=\"{&quot;335551550&quot;:1,&quot;335551620&quot;:1}\">\u00a0<\/span><\/h2>\n<p><span data-contrast=\"auto\">Con la nueva legislaci\u00f3n, el registro de jornada pasa a ser m\u00e1s estricto y digitalizado, incorporando una serie de requisitos que las empresas deben cumplir obligatoriamente:<\/span><span data-ccp-props=\"{&quot;335551550&quot;:1,&quot;335551620&quot;:1}\">\u00a0<\/span><\/p>\n<ul>\n<li data-leveltext=\"\uf0b7\" data-font=\"Symbol\" data-listid=\"2\" data-list-defn-props=\"{&quot;335552541&quot;:1,&quot;335559685&quot;:720,&quot;335559991&quot;:360,&quot;469769226&quot;:&quot;Symbol&quot;,&quot;469769242&quot;:[8226],&quot;469777803&quot;:&quot;left&quot;,&quot;469777804&quot;:&quot;\uf0b7&quot;,&quot;469777815&quot;:&quot;hybridMultilevel&quot;}\" aria-setsize=\"-1\" data-aria-posinset=\"1\" data-aria-level=\"1\"><b><span data-contrast=\"auto\">Fin del Registro en Papel:<\/span><\/b><span data-contrast=\"auto\"> El uso de registros en papel queda prohibido. A partir de ahora, las empresas deber\u00e1n implementar sistemas digitales que garanticen un control horario preciso y accesible.<\/span><span data-ccp-props=\"{&quot;335551550&quot;:1,&quot;335551620&quot;:1}\">\u00a0<\/span><\/li>\n<\/ul>\n<ul>\n<li data-leveltext=\"\uf0b7\" data-font=\"Symbol\" data-listid=\"2\" data-list-defn-props=\"{&quot;335552541&quot;:1,&quot;335559685&quot;:720,&quot;335559991&quot;:360,&quot;469769226&quot;:&quot;Symbol&quot;,&quot;469769242&quot;:[8226],&quot;469777803&quot;:&quot;left&quot;,&quot;469777804&quot;:&quot;\uf0b7&quot;,&quot;469777815&quot;:&quot;hybridMultilevel&quot;}\" aria-setsize=\"-1\" data-aria-posinset=\"2\" data-aria-level=\"1\"><b><span data-contrast=\"auto\">Accesibilidad y Seguridad:<\/span><\/b><span data-contrast=\"auto\"> Los registros deben estar disponibles tanto para la persona trabajadora como para la Inspecci\u00f3n de Trabajo, y deben gestionarse cumpliendo con la normativa vigente en protecci\u00f3n de datos.<\/span><span data-ccp-props=\"{&quot;335551550&quot;:1,&quot;335551620&quot;:1}\">\u00a0<\/span><\/li>\n<\/ul>\n<ul>\n<li data-leveltext=\"\uf0b7\" data-font=\"Symbol\" data-listid=\"2\" data-list-defn-props=\"{&quot;335552541&quot;:1,&quot;335559685&quot;:720,&quot;335559991&quot;:360,&quot;469769226&quot;:&quot;Symbol&quot;,&quot;469769242&quot;:[8226],&quot;469777803&quot;:&quot;left&quot;,&quot;469777804&quot;:&quot;\uf0b7&quot;,&quot;469777815&quot;:&quot;hybridMultilevel&quot;}\" aria-setsize=\"-1\" data-aria-posinset=\"3\" data-aria-level=\"1\"><b><span data-contrast=\"auto\">Automatizaci\u00f3n del Registro:<\/span><\/b><span data-contrast=\"auto\"> Es imprescindible que los sistemas de control horario permitan registrar autom\u00e1ticamente la hora de inicio y fin de la jornada, reduciendo as\u00ed el margen de error y las tareas manuales.<\/span><span data-ccp-props=\"{&quot;335551550&quot;:1,&quot;335551620&quot;:1}\">\u00a0<\/span><\/li>\n<\/ul>\n<ul>\n<li data-leveltext=\"\uf0b7\" data-font=\"Symbol\" data-listid=\"2\" data-list-defn-props=\"{&quot;335552541&quot;:1,&quot;335559685&quot;:720,&quot;335559991&quot;:360,&quot;469769226&quot;:&quot;Symbol&quot;,&quot;469769242&quot;:[8226],&quot;469777803&quot;:&quot;left&quot;,&quot;469777804&quot;:&quot;\uf0b7&quot;,&quot;469777815&quot;:&quot;hybridMultilevel&quot;}\" aria-setsize=\"-1\" data-aria-posinset=\"4\" data-aria-level=\"1\"><b><span data-contrast=\"auto\">Conservaci\u00f3n de Datos<\/span><\/b><span data-contrast=\"auto\">: Los registros deber\u00e1n conservarse durante al menos cuatro a\u00f1os, y deben estar disponibles en cualquier momento en caso de inspecci\u00f3n o consulta.<\/span><span data-ccp-props=\"{&quot;335551550&quot;:1,&quot;335551620&quot;:1}\">\u00a0<\/span><\/li>\n<\/ul>\n<h2><b><span data-contrast=\"auto\">El Reto para los Departamentos de RR. HH.<\/span><\/b><span data-ccp-props=\"{&quot;335551550&quot;:1,&quot;335551620&quot;:1}\">\u00a0<\/span><\/h2>\n<p><span data-contrast=\"auto\">En Cezanne somos conscientes de que estos cambios suponen un reto adicional para los equipos de Recursos Humanos. Implementar nuevos procesos, adaptarse a requisitos legales m\u00e1s exigentes y garantizar el cumplimiento sin generar una carga administrativa excesiva no es tarea f\u00e1cil.<\/span><span data-ccp-props=\"{&quot;335551550&quot;:1,&quot;335551620&quot;:1}\">\u00a0<\/span><\/p>\n<p><span data-contrast=\"auto\">Por eso, hemos desarrollado nuestro m\u00f3dulo de <a href=\"https:\/\/cezannehr.com\/es\/soluciones\/gestion-del-tiempo\/\">Gesti\u00f3n de Tiempo<\/a> con la funcionalidad CICO (Clock In \u2013 Clock Out), una soluci\u00f3n 100\u202f% digital, intuitiva y eficiente. Te permite configurar f\u00e1cilmente la jornada laboral de cada profesional, incluyendo pausas espec\u00edficas, desplazamientos, ausencias y otros elementos clave del d\u00eda a d\u00eda.<\/span><span data-ccp-props=\"{&quot;335551550&quot;:1,&quot;335551620&quot;:1}\">\u00a0<\/span><\/p>\n<h2><b><span data-contrast=\"auto\">Saca Partido a la Tecnolog\u00eda que Ya Tienes<\/span><\/b><span data-ccp-props=\"{&quot;335551550&quot;:1,&quot;335551620&quot;:1}\">\u00a0<\/span><\/h2>\n<p><span data-contrast=\"auto\">Nuestro software permite que tus empleados registren su jornada directamente desde su perfil en Cezanne HR o a trav\u00e9s de una Tablet Android o m\u00f3vil al entrar y salir de la oficina. As\u00ed, evitas inversiones en costosos sistemas de fichaje externos y garantizas el cumplimiento de la normativa con una soluci\u00f3n integrada y accesible.<\/span><span data-ccp-props=\"{&quot;335551550&quot;:1,&quot;335551620&quot;:1}\">\u00a0<\/span><\/p>\n<p><span data-contrast=\"auto\">La normativa cambia, pero la tecnolog\u00eda puede ayudarte a adaptarte sin fricciones. \u00bfPreparado para llevar el control horario de tu empresa al siguiente nivel?<\/span><span data-ccp-props=\"{&quot;335551550&quot;:1,&quot;335551620&quot;:1}\">\u00a0<\/span><\/p>\n<h2><b><span data-contrast=\"auto\">Descarga nuestra Gu\u00eda Gratuito sobre el Registro de la Jornada Laboral<\/span><\/b><span data-ccp-props=\"{&quot;335551550&quot;:1,&quot;335551620&quot;:1}\">\u00a0<\/span><\/h2>\n<p><span data-contrast=\"auto\">Si quieres obtener m\u00e1s detalles sobre c\u00f3mo adaptar tu empresa a la nueva normativa de registro de jornada laboral, puedes descargarte nuestra gu\u00eda gratuita, donde encontrar\u00e1s informaci\u00f3n m\u00e1s detallada sobre los requisitos y c\u00f3mo implementar un sistema eficaz de registro de jornada.<\/span><span data-ccp-props=\"{&quot;335551550&quot;:1,&quot;335551620&quot;:1}\">\u00a0<\/span><\/p>\n<p><span data-ccp-props=\"{&quot;335551550&quot;:1,&quot;335551620&quot;:1}\"><a href=\"https:\/\/cezannehr.com\/es\/partner-forms\/descarga-brochure\/\"><img data-recalc-dims=\"1\" decoding=\"async\" class=\"alignnone wp-image-87881\" src=\"https:\/\/i0.wp.com\/cezannehr.com\/wp-content\/uploads\/2025\/05\/Registro-de-la-Jornada-Laboral.webp?resize=573%2C300&#038;ssl=1\" alt=\"\" width=\"573\" height=\"300\" srcset=\"https:\/\/i0.wp.com\/cezannehr.com\/wp-content\/uploads\/2025\/05\/Registro-de-la-Jornada-Laboral.webp?resize=300%2C157&amp;ssl=1 300w, https:\/\/i0.wp.com\/cezannehr.com\/wp-content\/uploads\/2025\/05\/Registro-de-la-Jornada-Laboral.webp?w=768&amp;ssl=1 768w\" sizes=\"(max-width: 573px) 100vw, 573px\" \/><\/a><br \/>\n<\/span><\/p>\n","protected":false},"excerpt":{"rendered":"<p>\u00a0El Consejo de Ministros ha dado luz verde al nuevo Proyecto de Ley que, entre otras medidas, contempla la reducci\u00f3n de la jornada ordinaria a 37,5 horas semanales (en c\u00f3mputo anual). Junto a esta reforma, se refuerzan tambi\u00e9n las obligaciones [&hellip;]<\/p>\n","protected":false},"author":107,"featured_media":87886,"comment_status":"open","ping_status":"open","sticky":false,"template":"","format":"standard","meta":{"_acf_changed":false,"_jetpack_memberships_contains_paid_content":false,"footnotes":""},"categories":[787],"tags":[],"class_list":{"0":"post-87875","1":"post","2":"type-post","3":"status-publish","4":"format-standard","5":"has-post-thumbnail","7":"category-rrhh-general","8":"cz_entry"},"acf":[],"yoast_head":"<!-- This site is optimized with the Yoast SEO Premium plugin v26.3 (Yoast SEO v26.3) - https:\/\/yoast.com\/wordpress\/plugins\/seo\/ -->\n<title>Registro de jornada laboral en Espa\u00f1a<\/title>\n<meta name=\"description\" content=\"Descubre la nueva normativa de registro de jornada laboral en Espa\u00f1a y c\u00f3mo implementar soluciones de control horario 100 % digitales.\" \/>\n<meta name=\"robots\" content=\"index, follow, max-snippet:-1, max-image-preview:large, max-video-preview:-1\" \/>\n<link rel=\"canonical\" href=\"https:\/\/cezannehr.com\/es\/hr-blog\/2025\/05\/registro-jornada-laboral-espana-control-horario\/\" \/>\n<meta property=\"og:locale\" content=\"es_ES\" \/>\n<meta property=\"og:type\" content=\"article\" \/>\n<meta property=\"og:title\" content=\"Registro de Jornada Laboral en Espa\u00f1a y Soluciones de Control Horario\u00a0\" \/>\n<meta property=\"og:description\" content=\"Descubre la nueva normativa de registro de jornada laboral en Espa\u00f1a y c\u00f3mo implementar soluciones de control horario 100 % digitales.\" \/>\n<meta property=\"og:url\" content=\"https:\/\/cezannehr.com\/es\/hr-blog\/2025\/05\/registro-jornada-laboral-espana-control-horario\/\" \/>\n<meta property=\"og:site_name\" content=\"Cezanne HR\" \/>\n<meta property=\"article:publisher\" content=\"https:\/\/www.facebook.com\/CezanneHR\" \/>\n<meta property=\"article:published_time\" content=\"2025-05-08T09:48:12+00:00\" \/>\n<meta property=\"article:modified_time\" content=\"2025-05-08T09:48:24+00:00\" \/>\n<meta property=\"og:image\" content=\"https:\/\/cezannehr.com\/wp-content\/uploads\/2025\/05\/AEDIPE-1.png\" \/>\n\t<meta property=\"og:image:width\" content=\"1200\" \/>\n\t<meta property=\"og:image:height\" content=\"628\" \/>\n\t<meta property=\"og:image:type\" content=\"image\/png\" \/>\n<meta name=\"author\" content=\"Nicole Mottet\" \/>\n<meta name=\"twitter:card\" content=\"summary_large_image\" \/>\n<meta name=\"twitter:creator\" content=\"@CezanneHR\" \/>\n<meta name=\"twitter:site\" content=\"@CezanneHR\" \/>\n<meta name=\"twitter:label1\" content=\"Escrito por\" \/>\n\t<meta name=\"twitter:data1\" content=\"Nicole Mottet\" \/>\n\t<meta name=\"twitter:label2\" content=\"Tiempo de lectura\" \/>\n\t<meta name=\"twitter:data2\" content=\"3 minutos\" \/>\n<script type=\"application\/ld+json\" class=\"yoast-schema-graph\">{\"@context\":\"https:\/\/schema.org\",\"@graph\":[{\"@type\":\"Article\",\"@id\":\"https:\/\/cezannehr.com\/es\/hr-blog\/2025\/05\/registro-jornada-laboral-espana-control-horario\/#article\",\"isPartOf\":{\"@id\":\"https:\/\/cezannehr.com\/es\/hr-blog\/2025\/05\/registro-jornada-laboral-espana-control-horario\/\"},\"author\":{\"name\":\"Nicole Mottet\",\"@id\":\"https:\/\/cezannehr.com\/es\/#\/schema\/person\/7c0cdcf2f614d1831522d98130e55dbb\"},\"headline\":\"Registro de Jornada Laboral en Espa\u00f1a y Soluciones de Control Horario\u00a0\",\"datePublished\":\"2025-05-08T09:48:12+00:00\",\"dateModified\":\"2025-05-08T09:48:24+00:00\",\"mainEntityOfPage\":{\"@id\":\"https:\/\/cezannehr.com\/es\/hr-blog\/2025\/05\/registro-jornada-laboral-espana-control-horario\/\"},\"wordCount\":500,\"commentCount\":0,\"publisher\":{\"@id\":\"https:\/\/cezannehr.com\/es\/#organization\"},\"image\":{\"@id\":\"https:\/\/cezannehr.com\/es\/hr-blog\/2025\/05\/registro-jornada-laboral-espana-control-horario\/#primaryimage\"},\"thumbnailUrl\":\"https:\/\/i0.wp.com\/cezannehr.com\/wp-content\/uploads\/2025\/05\/AEDIPE-1.png?fit=1200%2C628&ssl=1\",\"articleSection\":[\"RRHH general\"],\"inLanguage\":\"es\",\"potentialAction\":[{\"@type\":\"CommentAction\",\"name\":\"Comment\",\"target\":[\"https:\/\/cezannehr.com\/es\/hr-blog\/2025\/05\/registro-jornada-laboral-espana-control-horario\/#respond\"]}]},{\"@type\":\"WebPage\",\"@id\":\"https:\/\/cezannehr.com\/es\/hr-blog\/2025\/05\/registro-jornada-laboral-espana-control-horario\/\",\"url\":\"https:\/\/cezannehr.com\/es\/hr-blog\/2025\/05\/registro-jornada-laboral-espana-control-horario\/\",\"name\":\"Registro de jornada laboral en Espa\u00f1a\",\"isPartOf\":{\"@id\":\"https:\/\/cezannehr.com\/es\/#website\"},\"primaryImageOfPage\":{\"@id\":\"https:\/\/cezannehr.com\/es\/hr-blog\/2025\/05\/registro-jornada-laboral-espana-control-horario\/#primaryimage\"},\"image\":{\"@id\":\"https:\/\/cezannehr.com\/es\/hr-blog\/2025\/05\/registro-jornada-laboral-espana-control-horario\/#primaryimage\"},\"thumbnailUrl\":\"https:\/\/i0.wp.com\/cezannehr.com\/wp-content\/uploads\/2025\/05\/AEDIPE-1.png?fit=1200%2C628&ssl=1\",\"datePublished\":\"2025-05-08T09:48:12+00:00\",\"dateModified\":\"2025-05-08T09:48:24+00:00\",\"description\":\"Descubre la nueva normativa de registro de jornada laboral en Espa\u00f1a y c\u00f3mo implementar soluciones de control horario 100 % digitales.\",\"breadcrumb\":{\"@id\":\"https:\/\/cezannehr.com\/es\/hr-blog\/2025\/05\/registro-jornada-laboral-espana-control-horario\/#breadcrumb\"},\"inLanguage\":\"es\",\"potentialAction\":[{\"@type\":\"ReadAction\",\"target\":[\"https:\/\/cezannehr.com\/es\/hr-blog\/2025\/05\/registro-jornada-laboral-espana-control-horario\/\"]}]},{\"@type\":\"ImageObject\",\"inLanguage\":\"es\",\"@id\":\"https:\/\/cezannehr.com\/es\/hr-blog\/2025\/05\/registro-jornada-laboral-espana-control-horario\/#primaryimage\",\"url\":\"https:\/\/i0.wp.com\/cezannehr.com\/wp-content\/uploads\/2025\/05\/AEDIPE-1.png?fit=1200%2C628&ssl=1\",\"contentUrl\":\"https:\/\/i0.wp.com\/cezannehr.com\/wp-content\/uploads\/2025\/05\/AEDIPE-1.png?fit=1200%2C628&ssl=1\",\"width\":1200,\"height\":628},{\"@type\":\"BreadcrumbList\",\"@id\":\"https:\/\/cezannehr.com\/es\/hr-blog\/2025\/05\/registro-jornada-laboral-espana-control-horario\/#breadcrumb\",\"itemListElement\":[{\"@type\":\"ListItem\",\"position\":1,\"name\":\"Software HR\",\"item\":\"https:\/\/cezannehr.com\/es\/\"},{\"@type\":\"ListItem\",\"position\":2,\"name\":\"Registro de Jornada Laboral en Espa\u00f1a y Soluciones de Control Horario\u00a0\"}]},{\"@type\":\"WebSite\",\"@id\":\"https:\/\/cezannehr.com\/es\/#website\",\"url\":\"https:\/\/cezannehr.com\/es\/\",\"name\":\"Cezanne HR\",\"description\":\"Gesti\u00f3n de empleados - Gesti\u00f3n de vacaciones\",\"publisher\":{\"@id\":\"https:\/\/cezannehr.com\/es\/#organization\"},\"potentialAction\":[{\"@type\":\"SearchAction\",\"target\":{\"@type\":\"EntryPoint\",\"urlTemplate\":\"https:\/\/cezannehr.com\/es\/?s={search_term_string}\"},\"query-input\":{\"@type\":\"PropertyValueSpecification\",\"valueRequired\":true,\"valueName\":\"search_term_string\"}}],\"inLanguage\":\"es\"},{\"@type\":\"Organization\",\"@id\":\"https:\/\/cezannehr.com\/es\/#organization\",\"name\":\"Cezanne HR\",\"url\":\"https:\/\/cezannehr.com\/es\/\",\"logo\":{\"@type\":\"ImageObject\",\"inLanguage\":\"es\",\"@id\":\"https:\/\/cezannehr.com\/es\/#\/schema\/logo\/image\/\",\"url\":\"https:\/\/cezannehr.com\/wp-content\/uploads\/2026\/01\/Cezanne_logo_2026_colour.svg\",\"contentUrl\":\"https:\/\/cezannehr.com\/wp-content\/uploads\/2026\/01\/Cezanne_logo_2026_colour.svg\",\"width\":1,\"height\":1,\"caption\":\"Cezanne HR\"},\"image\":{\"@id\":\"https:\/\/cezannehr.com\/es\/#\/schema\/logo\/image\/\"},\"sameAs\":[\"https:\/\/www.facebook.com\/CezanneHR\",\"https:\/\/x.com\/CezanneHR\",\"https:\/\/www.linkedin.com\/company\/cezanne-hr\",\"https:\/\/uk.pinterest.com\/CezanneHR\/\",\"https:\/\/www.youtube.com\/user\/CezanneHR\"],\"legalName\":\"Cezanne HR Limited\",\"contactPoint\":[{\"@type\":\"ContactPoint\",\"telephone\":\"+44-2072022727\",\"contactType\":\"customer service\"},{\"@type\":\"ContactPoint\",\"url\":\"https:\/\/support.cezannehr.com\",\"email\":\"support@cezannehr.com\",\"contactType\":\"customer support\"}]},{\"@type\":\"Person\",\"@id\":\"https:\/\/cezannehr.com\/es\/#\/schema\/person\/7c0cdcf2f614d1831522d98130e55dbb\",\"name\":\"Nicole Mottet\",\"image\":{\"@type\":\"ImageObject\",\"inLanguage\":\"es\",\"@id\":\"https:\/\/cezannehr.com\/es\/#\/schema\/person\/image\/\",\"url\":\"https:\/\/secure.gravatar.com\/avatar\/e9b847d53ddce4d2f9c0092fe91f7bf76ee1e0f9887387c92ed7e551330556a1?s=96&d=mm&r=g\",\"contentUrl\":\"https:\/\/secure.gravatar.com\/avatar\/e9b847d53ddce4d2f9c0092fe91f7bf76ee1e0f9887387c92ed7e551330556a1?s=96&d=mm&r=g\",\"caption\":\"Nicole Mottet\"},\"url\":\"https:\/\/cezannehr.com\/es\/hr-blog\/author\/nmottet\/\"}]}<\/script>\n<!-- \/ Yoast SEO Premium plugin. -->","yoast_head_json":{"title":"Registro de jornada laboral en Espa\u00f1a","description":"Descubre la nueva normativa de registro de jornada laboral en Espa\u00f1a y c\u00f3mo implementar soluciones de control horario 100 % digitales.","robots":{"index":"index","follow":"follow","max-snippet":"max-snippet:-1","max-image-preview":"max-image-preview:large","max-video-preview":"max-video-preview:-1"},"canonical":"https:\/\/cezannehr.com\/es\/hr-blog\/2025\/05\/registro-jornada-laboral-espana-control-horario\/","og_locale":"es_ES","og_type":"article","og_title":"Registro de Jornada Laboral en Espa\u00f1a y Soluciones de Control Horario\u00a0","og_description":"Descubre la nueva normativa de registro de jornada laboral en Espa\u00f1a y c\u00f3mo implementar soluciones de control horario 100 % digitales.","og_url":"https:\/\/cezannehr.com\/es\/hr-blog\/2025\/05\/registro-jornada-laboral-espana-control-horario\/","og_site_name":"Cezanne HR","article_publisher":"https:\/\/www.facebook.com\/CezanneHR","article_published_time":"2025-05-08T09:48:12+00:00","article_modified_time":"2025-05-08T09:48:24+00:00","og_image":[{"width":1200,"height":628,"url":"https:\/\/cezannehr.com\/wp-content\/uploads\/2025\/05\/AEDIPE-1.png","type":"image\/png"}],"author":"Nicole Mottet","twitter_card":"summary_large_image","twitter_creator":"@CezanneHR","twitter_site":"@CezanneHR","twitter_misc":{"Escrito por":"Nicole Mottet","Tiempo de lectura":"3 minutos"},"schema":{"@context":"https:\/\/schema.org","@graph":[{"@type":"Article","@id":"https:\/\/cezannehr.com\/es\/hr-blog\/2025\/05\/registro-jornada-laboral-espana-control-horario\/#article","isPartOf":{"@id":"https:\/\/cezannehr.com\/es\/hr-blog\/2025\/05\/registro-jornada-laboral-espana-control-horario\/"},"author":{"name":"Nicole Mottet","@id":"https:\/\/cezannehr.com\/es\/#\/schema\/person\/7c0cdcf2f614d1831522d98130e55dbb"},"headline":"Registro de Jornada Laboral en Espa\u00f1a y Soluciones de Control Horario\u00a0","datePublished":"2025-05-08T09:48:12+00:00","dateModified":"2025-05-08T09:48:24+00:00","mainEntityOfPage":{"@id":"https:\/\/cezannehr.com\/es\/hr-blog\/2025\/05\/registro-jornada-laboral-espana-control-horario\/"},"wordCount":500,"commentCount":0,"publisher":{"@id":"https:\/\/cezannehr.com\/es\/#organization"},"image":{"@id":"https:\/\/cezannehr.com\/es\/hr-blog\/2025\/05\/registro-jornada-laboral-espana-control-horario\/#primaryimage"},"thumbnailUrl":"https:\/\/i0.wp.com\/cezannehr.com\/wp-content\/uploads\/2025\/05\/AEDIPE-1.png?fit=1200%2C628&ssl=1","articleSection":["RRHH general"],"inLanguage":"es","potentialAction":[{"@type":"CommentAction","name":"Comment","target":["https:\/\/cezannehr.com\/es\/hr-blog\/2025\/05\/registro-jornada-laboral-espana-control-horario\/#respond"]}]},{"@type":"WebPage","@id":"https:\/\/cezannehr.com\/es\/hr-blog\/2025\/05\/registro-jornada-laboral-espana-control-horario\/","url":"https:\/\/cezannehr.com\/es\/hr-blog\/2025\/05\/registro-jornada-laboral-espana-control-horario\/","name":"Registro de jornada laboral en Espa\u00f1a","isPartOf":{"@id":"https:\/\/cezannehr.com\/es\/#website"},"primaryImageOfPage":{"@id":"https:\/\/cezannehr.com\/es\/hr-blog\/2025\/05\/registro-jornada-laboral-espana-control-horario\/#primaryimage"},"image":{"@id":"https:\/\/cezannehr.com\/es\/hr-blog\/2025\/05\/registro-jornada-laboral-espana-control-horario\/#primaryimage"},"thumbnailUrl":"https:\/\/i0.wp.com\/cezannehr.com\/wp-content\/uploads\/2025\/05\/AEDIPE-1.png?fit=1200%2C628&ssl=1","datePublished":"2025-05-08T09:48:12+00:00","dateModified":"2025-05-08T09:48:24+00:00","description":"Descubre la nueva normativa de registro de jornada laboral en Espa\u00f1a y c\u00f3mo implementar soluciones de control horario 100 % digitales.","breadcrumb":{"@id":"https:\/\/cezannehr.com\/es\/hr-blog\/2025\/05\/registro-jornada-laboral-espana-control-horario\/#breadcrumb"},"inLanguage":"es","potentialAction":[{"@type":"ReadAction","target":["https:\/\/cezannehr.com\/es\/hr-blog\/2025\/05\/registro-jornada-laboral-espana-control-horario\/"]}]},{"@type":"ImageObject","inLanguage":"es","@id":"https:\/\/cezannehr.com\/es\/hr-blog\/2025\/05\/registro-jornada-laboral-espana-control-horario\/#primaryimage","url":"https:\/\/i0.wp.com\/cezannehr.com\/wp-content\/uploads\/2025\/05\/AEDIPE-1.png?fit=1200%2C628&ssl=1","contentUrl":"https:\/\/i0.wp.com\/cezannehr.com\/wp-content\/uploads\/2025\/05\/AEDIPE-1.png?fit=1200%2C628&ssl=1","width":1200,"height":628},{"@type":"BreadcrumbList","@id":"https:\/\/cezannehr.com\/es\/hr-blog\/2025\/05\/registro-jornada-laboral-espana-control-horario\/#breadcrumb","itemListElement":[{"@type":"ListItem","position":1,"name":"Software HR","item":"https:\/\/cezannehr.com\/es\/"},{"@type":"ListItem","position":2,"name":"Registro de Jornada Laboral en Espa\u00f1a y Soluciones de Control Horario\u00a0"}]},{"@type":"WebSite","@id":"https:\/\/cezannehr.com\/es\/#website","url":"https:\/\/cezannehr.com\/es\/","name":"Cezanne HR","description":"Gesti\u00f3n de empleados - Gesti\u00f3n de vacaciones","publisher":{"@id":"https:\/\/cezannehr.com\/es\/#organization"},"potentialAction":[{"@type":"SearchAction","target":{"@type":"EntryPoint","urlTemplate":"https:\/\/cezannehr.com\/es\/?s={search_term_string}"},"query-input":{"@type":"PropertyValueSpecification","valueRequired":true,"valueName":"search_term_string"}}],"inLanguage":"es"},{"@type":"Organization","@id":"https:\/\/cezannehr.com\/es\/#organization","name":"Cezanne HR","url":"https:\/\/cezannehr.com\/es\/","logo":{"@type":"ImageObject","inLanguage":"es","@id":"https:\/\/cezannehr.com\/es\/#\/schema\/logo\/image\/","url":"https:\/\/cezannehr.com\/wp-content\/uploads\/2026\/01\/Cezanne_logo_2026_colour.svg","contentUrl":"https:\/\/cezannehr.com\/wp-content\/uploads\/2026\/01\/Cezanne_logo_2026_colour.svg","width":1,"height":1,"caption":"Cezanne HR"},"image":{"@id":"https:\/\/cezannehr.com\/es\/#\/schema\/logo\/image\/"},"sameAs":["https:\/\/www.facebook.com\/CezanneHR","https:\/\/x.com\/CezanneHR","https:\/\/www.linkedin.com\/company\/cezanne-hr","https:\/\/uk.pinterest.com\/CezanneHR\/","https:\/\/www.youtube.com\/user\/CezanneHR"],"legalName":"Cezanne HR Limited","contactPoint":[{"@type":"ContactPoint","telephone":"+44-2072022727","contactType":"customer service"},{"@type":"ContactPoint","url":"https:\/\/support.cezannehr.com","email":"support@cezannehr.com","contactType":"customer support"}]},{"@type":"Person","@id":"https:\/\/cezannehr.com\/es\/#\/schema\/person\/7c0cdcf2f614d1831522d98130e55dbb","name":"Nicole Mottet","image":{"@type":"ImageObject","inLanguage":"es","@id":"https:\/\/cezannehr.com\/es\/#\/schema\/person\/image\/","url":"https:\/\/secure.gravatar.com\/avatar\/e9b847d53ddce4d2f9c0092fe91f7bf76ee1e0f9887387c92ed7e551330556a1?s=96&d=mm&r=g","contentUrl":"https:\/\/secure.gravatar.com\/avatar\/e9b847d53ddce4d2f9c0092fe91f7bf76ee1e0f9887387c92ed7e551330556a1?s=96&d=mm&r=g","caption":"Nicole Mottet"},"url":"https:\/\/cezannehr.com\/es\/hr-blog\/author\/nmottet\/"}]}},"jetpack_featured_media_url":"https:\/\/i0.wp.com\/cezannehr.com\/wp-content\/uploads\/2025\/05\/AEDIPE-1.png?fit=1200%2C628&ssl=1","jetpack_sharing_enabled":true,"amp_enabled":true,"_links":{"self":[{"href":"https:\/\/cezannehr.com\/es\/wp-json\/wp\/v2\/posts\/87875","targetHints":{"allow":["GET"]}}],"collection":[{"href":"https:\/\/cezannehr.com\/es\/wp-json\/wp\/v2\/posts"}],"about":[{"href":"https:\/\/cezannehr.com\/es\/wp-json\/wp\/v2\/types\/post"}],"author":[{"embeddable":true,"href":"https:\/\/cezannehr.com\/es\/wp-json\/wp\/v2\/users\/107"}],"replies":[{"embeddable":true,"href":"https:\/\/cezannehr.com\/es\/wp-json\/wp\/v2\/comments?post=87875"}],"version-history":[{"count":0,"href":"https:\/\/cezannehr.com\/es\/wp-json\/wp\/v2\/posts\/87875\/revisions"}],"wp:featuredmedia":[{"embeddable":true,"href":"https:\/\/cezannehr.com\/es\/wp-json\/wp\/v2\/media\/87886"}],"wp:attachment":[{"href":"https:\/\/cezannehr.com\/es\/wp-json\/wp\/v2\/media?parent=87875"}],"wp:term":[{"taxonomy":"category","embeddable":true,"href":"https:\/\/cezannehr.com\/es\/wp-json\/wp\/v2\/categories?post=87875"},{"taxonomy":"post_tag","embeddable":true,"href":"https:\/\/cezannehr.com\/es\/wp-json\/wp\/v2\/tags?post=87875"}],"curies":[{"name":"wp","href":"https:\/\/api.w.org\/{rel}","templated":true}]}}