{"id":88895,"date":"2025-07-02T15:49:17","date_gmt":"2025-07-02T15:49:17","guid":{"rendered":"https:\/\/cezannehr.com\/?p=88895"},"modified":"2025-07-02T15:49:17","modified_gmt":"2025-07-02T15:49:17","slug":"gestionar-equipos-verano","status":"publish","type":"post","link":"https:\/\/cezannehr.com\/es\/hr-blog\/2025\/07\/gestionar-equipos-verano\/","title":{"rendered":"C\u00f3mo gestionar equipos durante el verano: claves para un trabajo \u00e1gil y eficiente"},"content":{"rendered":"<p data-start=\"652\" data-end=\"999\">El verano trae consigo una combinaci\u00f3n de altas temperaturas, ganas de desconectar y plantillas reducidas por las vacaciones. Para los responsables de Recursos Humanos y managers de equipo, esta \u00e9poca supone un reto: \u00bfc\u00f3mo garantizar la continuidad del negocio y la motivaci\u00f3n del equipo sin caer en el agotamiento ni comprometer la productividad?<\/p>\n<p data-start=\"1001\" data-end=\"1237\">La buena noticia es que <strong data-start=\"1025\" data-end=\"1056\">gestionar equipos en verano<\/strong> de forma eficiente es posible. Con una buena planificaci\u00f3n y herramientas adecuadas, se puede mantener el rendimiento e incluso fortalecer la cultura corporativa. Te contamos c\u00f3mo:<\/p>\n<h3 data-start=\"1244\" data-end=\"1308\">1. <strong data-start=\"1251\" data-end=\"1308\">Planifica las vacaciones con antelaci\u00f3n y visibilidad<\/strong><\/h3>\n<p data-start=\"1310\" data-end=\"1564\">Una de las claves para evitar el caos veraniego es <strong data-start=\"1361\" data-end=\"1400\">planificar las ausencias con tiempo<\/strong>. Establecer un calendario compartido de vacaciones y ausencias ayuda a anticipar posibles solapamientos y a redistribuir las cargas de trabajo de forma equitativa.<\/p>\n<p data-start=\"1566\" data-end=\"1731\">\ud83d\udca1 <em data-start=\"1569\" data-end=\"1579\">Consejo:<\/em> Utiliza software de gesti\u00f3n de ausencias que permita a cada empleado ver el calendario global y hacer sus solicitudes directamente desde la plataforma.<\/p>\n<h3 data-start=\"1738\" data-end=\"1781\">2. <strong data-start=\"1745\" data-end=\"1781\">Refuerza la comunicaci\u00f3n interna<\/strong><\/h3>\n<p data-start=\"1783\" data-end=\"1995\">En verano, con equipos m\u00e1s peque\u00f1os y personal trabajando en remoto, <a href=\"https:\/\/cezannehr.com\/es\/hr-blog\/2025\/06\/5-ideas-reforzar-cultura-corporativa-verano\/\"><strong data-start=\"1852\" data-end=\"1904\">la comunicaci\u00f3n clara y constante es fundamental<\/strong><\/a>. Aseg\u00farate de que cada miembro del equipo conoce sus tareas, fechas l\u00edmite y responsables.<\/p>\n<p data-start=\"1997\" data-end=\"2213\">\ud83d\udd39 Establece reuniones de seguimiento m\u00e1s \u00e1giles.<br data-start=\"2046\" data-end=\"2049\" \/>\ud83d\udd39 Usa herramientas colaborativas para compartir el estado de los proyectos.<br data-start=\"2125\" data-end=\"2128\" \/>\ud83d\udd39 Informa sobre ausencias para evitar depender de personas que no est\u00e1n disponibles.<\/p>\n<h3 data-start=\"2220\" data-end=\"2272\">3. <strong data-start=\"2227\" data-end=\"2272\">Flexibilidad inteligente: tu mejor aliada<\/strong><\/h3>\n<p data-start=\"2274\" data-end=\"2501\">El calor y las distracciones veraniegas pueden afectar al ritmo de trabajo. Apostar por horarios flexibles, jornada intensiva o teletrabajo parcial puede mejorar el bienestar del equipo sin afectar negativamente al rendimiento.<\/p>\n<p data-start=\"2503\" data-end=\"2608\">\ud83c\udfaf <em data-start=\"2506\" data-end=\"2535\">Gestionar equipos en verano<\/em> no significa exigir m\u00e1s, sino adaptarse para obtener mejores resultados.<\/p>\n<h3 data-start=\"2615\" data-end=\"2666\">4. <strong data-start=\"2622\" data-end=\"2666\">Evita la sobrecarga en quienes se quedan<\/strong><\/h3>\n<p data-start=\"2668\" data-end=\"2804\">Uno de los errores m\u00e1s comunes es<a href=\"https:\/\/cezannehr.com\/es\/hr-blog\/2025\/06\/desconexion-digital-laboral-verano\/\"> sobrecargar al personal que no est\u00e1 de vacaciones<\/a>. Esto puede generar estr\u00e9s, errores y desmotivaci\u00f3n.<\/p>\n<p data-start=\"2806\" data-end=\"2931\">\u2714\ufe0f Revisa la capacidad real del equipo.<br data-start=\"2845\" data-end=\"2848\" \/>\u2714\ufe0f Prioriza tareas esenciales.<br data-start=\"2878\" data-end=\"2881\" \/>\u2714\ufe0f Considera refuerzos temporales si es necesario.<\/p>\n<h3 data-start=\"3309\" data-end=\"3365\">6. <strong data-start=\"3316\" data-end=\"3365\">Digitaliza procesos y automatiza tareas clave<\/strong><\/h3>\n<p data-start=\"3367\" data-end=\"3611\">Aprovecha el verano para <strong data-start=\"3392\" data-end=\"3428\">automatizar procesos repetitivos<\/strong> como el control horario, las solicitudes de vacaciones o la generaci\u00f3n de informes. Un sistema digital centralizado te permite mantener el orden incluso con menos personal operativo.<\/p>\n<p data-start=\"3613\" data-end=\"3726\">\ud83d\udccc <em data-start=\"3616\" data-end=\"3726\">\u00bfSab\u00edas que puedes automatizar alertas, recordatorios y flujos de aprobaci\u00f3n con soluciones como Cezanne HR?<\/em><\/p>\n<h3 data-start=\"4102\" data-end=\"4160\"><strong data-start=\"4106\" data-end=\"4160\">El verano tambi\u00e9n puede ser productivo<\/strong><\/h3>\n<p data-start=\"4162\" data-end=\"4439\">Gestionar equipos durante el verano no tiene por qu\u00e9 ser un dolor de cabeza. Con planificaci\u00f3n, flexibilidad y herramientas adecuadas, esta \u00e9poca puede convertirse en una oportunidad para impulsar la motivaci\u00f3n, probar nuevas din\u00e1micas de trabajo y reforzar la confianza mutua.<\/p>\n<p data-start=\"4441\" data-end=\"4558\">Porque al final, la clave est\u00e1 en <strong data-start=\"4475\" data-end=\"4512\">poner a las personas en el centro<\/strong>, incluso (y sobre todo) cuando brilla el sol.<\/p>\n<p>&nbsp;<\/p>\n","protected":false},"excerpt":{"rendered":"<p>El verano trae consigo una combinaci\u00f3n de altas temperaturas, ganas de desconectar y plantillas reducidas por las vacaciones. Para los responsables de Recursos Humanos y managers de equipo, esta \u00e9poca supone un reto: \u00bfc\u00f3mo garantizar la continuidad del negocio y [&hellip;]<\/p>\n","protected":false},"author":107,"featured_media":88896,"comment_status":"open","ping_status":"open","sticky":false,"template":"","format":"standard","meta":{"_acf_changed":false,"_jetpack_memberships_contains_paid_content":false,"footnotes":""},"categories":[787],"tags":[],"class_list":{"0":"post-88895","1":"post","2":"type-post","3":"status-publish","4":"format-standard","5":"has-post-thumbnail","7":"category-rrhh-general","8":"cz_entry"},"acf":[],"yoast_head":"<!-- This site is optimized with the Yoast SEO Premium plugin v26.3 (Yoast SEO v26.3) - https:\/\/yoast.com\/wordpress\/plugins\/seo\/ -->\n<title>gestionar equipos durante el verano<\/title>\n<meta name=\"description\" content=\"Descubre c\u00f3mo gestionar equipos en verano sin perder productividad. Consejos pr\u00e1cticos para RR. HH. y managers\" \/>\n<meta name=\"robots\" content=\"index, follow, max-snippet:-1, max-image-preview:large, max-video-preview:-1\" \/>\n<link rel=\"canonical\" href=\"https:\/\/cezannehr.com\/es\/hr-blog\/2025\/07\/gestionar-equipos-verano\/\" \/>\n<meta property=\"og:locale\" content=\"es_ES\" \/>\n<meta property=\"og:type\" content=\"article\" \/>\n<meta property=\"og:title\" content=\"C\u00f3mo gestionar equipos durante el verano: claves para un trabajo \u00e1gil y eficiente\" \/>\n<meta property=\"og:description\" content=\"Descubre c\u00f3mo gestionar equipos en verano sin perder productividad. Consejos pr\u00e1cticos para RR. HH. y managers\" \/>\n<meta property=\"og:url\" content=\"https:\/\/cezannehr.com\/es\/hr-blog\/2025\/07\/gestionar-equipos-verano\/\" \/>\n<meta property=\"og:site_name\" content=\"Cezanne HR\" \/>\n<meta property=\"article:publisher\" content=\"https:\/\/www.facebook.com\/CezanneHR\" \/>\n<meta property=\"article:published_time\" content=\"2025-07-02T15:49:17+00:00\" \/>\n<meta property=\"og:image\" content=\"https:\/\/cezannehr.com\/wp-content\/uploads\/2025\/07\/Blog-1200-x-628-px.png\" \/>\n\t<meta property=\"og:image:width\" content=\"1200\" \/>\n\t<meta property=\"og:image:height\" content=\"628\" \/>\n\t<meta property=\"og:image:type\" content=\"image\/png\" \/>\n<meta name=\"author\" content=\"Nicole Mottet\" \/>\n<meta name=\"twitter:card\" content=\"summary_large_image\" \/>\n<meta name=\"twitter:creator\" content=\"@CezanneHR\" \/>\n<meta name=\"twitter:site\" content=\"@CezanneHR\" \/>\n<meta name=\"twitter:label1\" content=\"Escrito por\" \/>\n\t<meta name=\"twitter:data1\" content=\"Nicole Mottet\" \/>\n\t<meta name=\"twitter:label2\" content=\"Tiempo de lectura\" \/>\n\t<meta name=\"twitter:data2\" content=\"3 minutos\" \/>\n<script type=\"application\/ld+json\" class=\"yoast-schema-graph\">{\"@context\":\"https:\/\/schema.org\",\"@graph\":[{\"@type\":\"Article\",\"@id\":\"https:\/\/cezannehr.com\/es\/hr-blog\/2025\/07\/gestionar-equipos-verano\/#article\",\"isPartOf\":{\"@id\":\"https:\/\/cezannehr.com\/es\/hr-blog\/2025\/07\/gestionar-equipos-verano\/\"},\"author\":{\"name\":\"Nicole Mottet\",\"@id\":\"https:\/\/cezannehr.com\/es\/#\/schema\/person\/7c0cdcf2f614d1831522d98130e55dbb\"},\"headline\":\"C\u00f3mo gestionar equipos durante el verano: claves para un trabajo \u00e1gil y eficiente\",\"datePublished\":\"2025-07-02T15:49:17+00:00\",\"mainEntityOfPage\":{\"@id\":\"https:\/\/cezannehr.com\/es\/hr-blog\/2025\/07\/gestionar-equipos-verano\/\"},\"wordCount\":481,\"commentCount\":0,\"publisher\":{\"@id\":\"https:\/\/cezannehr.com\/es\/#organization\"},\"image\":{\"@id\":\"https:\/\/cezannehr.com\/es\/hr-blog\/2025\/07\/gestionar-equipos-verano\/#primaryimage\"},\"thumbnailUrl\":\"https:\/\/i0.wp.com\/cezannehr.com\/wp-content\/uploads\/2025\/07\/Blog-1200-x-628-px.png?fit=1200%2C628&ssl=1\",\"articleSection\":[\"RRHH general\"],\"inLanguage\":\"es\",\"potentialAction\":[{\"@type\":\"CommentAction\",\"name\":\"Comment\",\"target\":[\"https:\/\/cezannehr.com\/es\/hr-blog\/2025\/07\/gestionar-equipos-verano\/#respond\"]}]},{\"@type\":\"WebPage\",\"@id\":\"https:\/\/cezannehr.com\/es\/hr-blog\/2025\/07\/gestionar-equipos-verano\/\",\"url\":\"https:\/\/cezannehr.com\/es\/hr-blog\/2025\/07\/gestionar-equipos-verano\/\",\"name\":\"gestionar equipos durante el verano\",\"isPartOf\":{\"@id\":\"https:\/\/cezannehr.com\/es\/#website\"},\"primaryImageOfPage\":{\"@id\":\"https:\/\/cezannehr.com\/es\/hr-blog\/2025\/07\/gestionar-equipos-verano\/#primaryimage\"},\"image\":{\"@id\":\"https:\/\/cezannehr.com\/es\/hr-blog\/2025\/07\/gestionar-equipos-verano\/#primaryimage\"},\"thumbnailUrl\":\"https:\/\/i0.wp.com\/cezannehr.com\/wp-content\/uploads\/2025\/07\/Blog-1200-x-628-px.png?fit=1200%2C628&ssl=1\",\"datePublished\":\"2025-07-02T15:49:17+00:00\",\"description\":\"Descubre c\u00f3mo gestionar equipos en verano sin perder productividad. Consejos pr\u00e1cticos para RR. HH. y managers\",\"breadcrumb\":{\"@id\":\"https:\/\/cezannehr.com\/es\/hr-blog\/2025\/07\/gestionar-equipos-verano\/#breadcrumb\"},\"inLanguage\":\"es\",\"potentialAction\":[{\"@type\":\"ReadAction\",\"target\":[\"https:\/\/cezannehr.com\/es\/hr-blog\/2025\/07\/gestionar-equipos-verano\/\"]}]},{\"@type\":\"ImageObject\",\"inLanguage\":\"es\",\"@id\":\"https:\/\/cezannehr.com\/es\/hr-blog\/2025\/07\/gestionar-equipos-verano\/#primaryimage\",\"url\":\"https:\/\/i0.wp.com\/cezannehr.com\/wp-content\/uploads\/2025\/07\/Blog-1200-x-628-px.png?fit=1200%2C628&ssl=1\",\"contentUrl\":\"https:\/\/i0.wp.com\/cezannehr.com\/wp-content\/uploads\/2025\/07\/Blog-1200-x-628-px.png?fit=1200%2C628&ssl=1\",\"width\":1200,\"height\":628,\"caption\":\"gestionar equipos en verano\"},{\"@type\":\"BreadcrumbList\",\"@id\":\"https:\/\/cezannehr.com\/es\/hr-blog\/2025\/07\/gestionar-equipos-verano\/#breadcrumb\",\"itemListElement\":[{\"@type\":\"ListItem\",\"position\":1,\"name\":\"Software HR\",\"item\":\"https:\/\/cezannehr.com\/es\/\"},{\"@type\":\"ListItem\",\"position\":2,\"name\":\"C\u00f3mo gestionar equipos durante el verano: claves para un trabajo \u00e1gil y eficiente\"}]},{\"@type\":\"WebSite\",\"@id\":\"https:\/\/cezannehr.com\/es\/#website\",\"url\":\"https:\/\/cezannehr.com\/es\/\",\"name\":\"Cezanne HR\",\"description\":\"Gesti\u00f3n de empleados - Gesti\u00f3n de vacaciones\",\"publisher\":{\"@id\":\"https:\/\/cezannehr.com\/es\/#organization\"},\"potentialAction\":[{\"@type\":\"SearchAction\",\"target\":{\"@type\":\"EntryPoint\",\"urlTemplate\":\"https:\/\/cezannehr.com\/es\/?s={search_term_string}\"},\"query-input\":{\"@type\":\"PropertyValueSpecification\",\"valueRequired\":true,\"valueName\":\"search_term_string\"}}],\"inLanguage\":\"es\"},{\"@type\":\"Organization\",\"@id\":\"https:\/\/cezannehr.com\/es\/#organization\",\"name\":\"Cezanne HR\",\"url\":\"https:\/\/cezannehr.com\/es\/\",\"logo\":{\"@type\":\"ImageObject\",\"inLanguage\":\"es\",\"@id\":\"https:\/\/cezannehr.com\/es\/#\/schema\/logo\/image\/\",\"url\":\"https:\/\/cezannehr.com\/wp-content\/uploads\/2026\/01\/Cezanne_logo_2026_colour.svg\",\"contentUrl\":\"https:\/\/cezannehr.com\/wp-content\/uploads\/2026\/01\/Cezanne_logo_2026_colour.svg\",\"width\":1,\"height\":1,\"caption\":\"Cezanne HR\"},\"image\":{\"@id\":\"https:\/\/cezannehr.com\/es\/#\/schema\/logo\/image\/\"},\"sameAs\":[\"https:\/\/www.facebook.com\/CezanneHR\",\"https:\/\/x.com\/CezanneHR\",\"https:\/\/www.linkedin.com\/company\/cezanne-hr\",\"https:\/\/uk.pinterest.com\/CezanneHR\/\",\"https:\/\/www.youtube.com\/user\/CezanneHR\"],\"legalName\":\"Cezanne HR Limited\",\"contactPoint\":[{\"@type\":\"ContactPoint\",\"telephone\":\"+44-2072022727\",\"contactType\":\"customer service\"},{\"@type\":\"ContactPoint\",\"url\":\"https:\/\/support.cezannehr.com\",\"email\":\"support@cezannehr.com\",\"contactType\":\"customer support\"}]},{\"@type\":\"Person\",\"@id\":\"https:\/\/cezannehr.com\/es\/#\/schema\/person\/7c0cdcf2f614d1831522d98130e55dbb\",\"name\":\"Nicole Mottet\",\"image\":{\"@type\":\"ImageObject\",\"inLanguage\":\"es\",\"@id\":\"https:\/\/cezannehr.com\/es\/#\/schema\/person\/image\/\",\"url\":\"https:\/\/secure.gravatar.com\/avatar\/e9b847d53ddce4d2f9c0092fe91f7bf76ee1e0f9887387c92ed7e551330556a1?s=96&d=mm&r=g\",\"contentUrl\":\"https:\/\/secure.gravatar.com\/avatar\/e9b847d53ddce4d2f9c0092fe91f7bf76ee1e0f9887387c92ed7e551330556a1?s=96&d=mm&r=g\",\"caption\":\"Nicole Mottet\"},\"url\":\"https:\/\/cezannehr.com\/es\/hr-blog\/author\/nmottet\/\"}]}<\/script>\n<!-- \/ Yoast SEO Premium plugin. -->","yoast_head_json":{"title":"gestionar equipos durante el verano","description":"Descubre c\u00f3mo gestionar equipos en verano sin perder productividad. Consejos pr\u00e1cticos para RR. HH. y managers","robots":{"index":"index","follow":"follow","max-snippet":"max-snippet:-1","max-image-preview":"max-image-preview:large","max-video-preview":"max-video-preview:-1"},"canonical":"https:\/\/cezannehr.com\/es\/hr-blog\/2025\/07\/gestionar-equipos-verano\/","og_locale":"es_ES","og_type":"article","og_title":"C\u00f3mo gestionar equipos durante el verano: claves para un trabajo \u00e1gil y eficiente","og_description":"Descubre c\u00f3mo gestionar equipos en verano sin perder productividad. Consejos pr\u00e1cticos para RR. HH. y managers","og_url":"https:\/\/cezannehr.com\/es\/hr-blog\/2025\/07\/gestionar-equipos-verano\/","og_site_name":"Cezanne HR","article_publisher":"https:\/\/www.facebook.com\/CezanneHR","article_published_time":"2025-07-02T15:49:17+00:00","og_image":[{"width":1200,"height":628,"url":"https:\/\/cezannehr.com\/wp-content\/uploads\/2025\/07\/Blog-1200-x-628-px.png","type":"image\/png"}],"author":"Nicole Mottet","twitter_card":"summary_large_image","twitter_creator":"@CezanneHR","twitter_site":"@CezanneHR","twitter_misc":{"Escrito por":"Nicole Mottet","Tiempo de lectura":"3 minutos"},"schema":{"@context":"https:\/\/schema.org","@graph":[{"@type":"Article","@id":"https:\/\/cezannehr.com\/es\/hr-blog\/2025\/07\/gestionar-equipos-verano\/#article","isPartOf":{"@id":"https:\/\/cezannehr.com\/es\/hr-blog\/2025\/07\/gestionar-equipos-verano\/"},"author":{"name":"Nicole Mottet","@id":"https:\/\/cezannehr.com\/es\/#\/schema\/person\/7c0cdcf2f614d1831522d98130e55dbb"},"headline":"C\u00f3mo gestionar equipos durante el verano: claves para un trabajo \u00e1gil y eficiente","datePublished":"2025-07-02T15:49:17+00:00","mainEntityOfPage":{"@id":"https:\/\/cezannehr.com\/es\/hr-blog\/2025\/07\/gestionar-equipos-verano\/"},"wordCount":481,"commentCount":0,"publisher":{"@id":"https:\/\/cezannehr.com\/es\/#organization"},"image":{"@id":"https:\/\/cezannehr.com\/es\/hr-blog\/2025\/07\/gestionar-equipos-verano\/#primaryimage"},"thumbnailUrl":"https:\/\/i0.wp.com\/cezannehr.com\/wp-content\/uploads\/2025\/07\/Blog-1200-x-628-px.png?fit=1200%2C628&ssl=1","articleSection":["RRHH general"],"inLanguage":"es","potentialAction":[{"@type":"CommentAction","name":"Comment","target":["https:\/\/cezannehr.com\/es\/hr-blog\/2025\/07\/gestionar-equipos-verano\/#respond"]}]},{"@type":"WebPage","@id":"https:\/\/cezannehr.com\/es\/hr-blog\/2025\/07\/gestionar-equipos-verano\/","url":"https:\/\/cezannehr.com\/es\/hr-blog\/2025\/07\/gestionar-equipos-verano\/","name":"gestionar equipos durante el verano","isPartOf":{"@id":"https:\/\/cezannehr.com\/es\/#website"},"primaryImageOfPage":{"@id":"https:\/\/cezannehr.com\/es\/hr-blog\/2025\/07\/gestionar-equipos-verano\/#primaryimage"},"image":{"@id":"https:\/\/cezannehr.com\/es\/hr-blog\/2025\/07\/gestionar-equipos-verano\/#primaryimage"},"thumbnailUrl":"https:\/\/i0.wp.com\/cezannehr.com\/wp-content\/uploads\/2025\/07\/Blog-1200-x-628-px.png?fit=1200%2C628&ssl=1","datePublished":"2025-07-02T15:49:17+00:00","description":"Descubre c\u00f3mo gestionar equipos en verano sin perder productividad. Consejos pr\u00e1cticos para RR. HH. y managers","breadcrumb":{"@id":"https:\/\/cezannehr.com\/es\/hr-blog\/2025\/07\/gestionar-equipos-verano\/#breadcrumb"},"inLanguage":"es","potentialAction":[{"@type":"ReadAction","target":["https:\/\/cezannehr.com\/es\/hr-blog\/2025\/07\/gestionar-equipos-verano\/"]}]},{"@type":"ImageObject","inLanguage":"es","@id":"https:\/\/cezannehr.com\/es\/hr-blog\/2025\/07\/gestionar-equipos-verano\/#primaryimage","url":"https:\/\/i0.wp.com\/cezannehr.com\/wp-content\/uploads\/2025\/07\/Blog-1200-x-628-px.png?fit=1200%2C628&ssl=1","contentUrl":"https:\/\/i0.wp.com\/cezannehr.com\/wp-content\/uploads\/2025\/07\/Blog-1200-x-628-px.png?fit=1200%2C628&ssl=1","width":1200,"height":628,"caption":"gestionar equipos en verano"},{"@type":"BreadcrumbList","@id":"https:\/\/cezannehr.com\/es\/hr-blog\/2025\/07\/gestionar-equipos-verano\/#breadcrumb","itemListElement":[{"@type":"ListItem","position":1,"name":"Software HR","item":"https:\/\/cezannehr.com\/es\/"},{"@type":"ListItem","position":2,"name":"C\u00f3mo gestionar equipos durante el verano: claves para un trabajo \u00e1gil y eficiente"}]},{"@type":"WebSite","@id":"https:\/\/cezannehr.com\/es\/#website","url":"https:\/\/cezannehr.com\/es\/","name":"Cezanne HR","description":"Gesti\u00f3n de empleados - Gesti\u00f3n de vacaciones","publisher":{"@id":"https:\/\/cezannehr.com\/es\/#organization"},"potentialAction":[{"@type":"SearchAction","target":{"@type":"EntryPoint","urlTemplate":"https:\/\/cezannehr.com\/es\/?s={search_term_string}"},"query-input":{"@type":"PropertyValueSpecification","valueRequired":true,"valueName":"search_term_string"}}],"inLanguage":"es"},{"@type":"Organization","@id":"https:\/\/cezannehr.com\/es\/#organization","name":"Cezanne HR","url":"https:\/\/cezannehr.com\/es\/","logo":{"@type":"ImageObject","inLanguage":"es","@id":"https:\/\/cezannehr.com\/es\/#\/schema\/logo\/image\/","url":"https:\/\/cezannehr.com\/wp-content\/uploads\/2026\/01\/Cezanne_logo_2026_colour.svg","contentUrl":"https:\/\/cezannehr.com\/wp-content\/uploads\/2026\/01\/Cezanne_logo_2026_colour.svg","width":1,"height":1,"caption":"Cezanne HR"},"image":{"@id":"https:\/\/cezannehr.com\/es\/#\/schema\/logo\/image\/"},"sameAs":["https:\/\/www.facebook.com\/CezanneHR","https:\/\/x.com\/CezanneHR","https:\/\/www.linkedin.com\/company\/cezanne-hr","https:\/\/uk.pinterest.com\/CezanneHR\/","https:\/\/www.youtube.com\/user\/CezanneHR"],"legalName":"Cezanne HR Limited","contactPoint":[{"@type":"ContactPoint","telephone":"+44-2072022727","contactType":"customer service"},{"@type":"ContactPoint","url":"https:\/\/support.cezannehr.com","email":"support@cezannehr.com","contactType":"customer support"}]},{"@type":"Person","@id":"https:\/\/cezannehr.com\/es\/#\/schema\/person\/7c0cdcf2f614d1831522d98130e55dbb","name":"Nicole Mottet","image":{"@type":"ImageObject","inLanguage":"es","@id":"https:\/\/cezannehr.com\/es\/#\/schema\/person\/image\/","url":"https:\/\/secure.gravatar.com\/avatar\/e9b847d53ddce4d2f9c0092fe91f7bf76ee1e0f9887387c92ed7e551330556a1?s=96&d=mm&r=g","contentUrl":"https:\/\/secure.gravatar.com\/avatar\/e9b847d53ddce4d2f9c0092fe91f7bf76ee1e0f9887387c92ed7e551330556a1?s=96&d=mm&r=g","caption":"Nicole Mottet"},"url":"https:\/\/cezannehr.com\/es\/hr-blog\/author\/nmottet\/"}]}},"jetpack_featured_media_url":"https:\/\/i0.wp.com\/cezannehr.com\/wp-content\/uploads\/2025\/07\/Blog-1200-x-628-px.png?fit=1200%2C628&ssl=1","jetpack_sharing_enabled":true,"amp_enabled":true,"_links":{"self":[{"href":"https:\/\/cezannehr.com\/es\/wp-json\/wp\/v2\/posts\/88895","targetHints":{"allow":["GET"]}}],"collection":[{"href":"https:\/\/cezannehr.com\/es\/wp-json\/wp\/v2\/posts"}],"about":[{"href":"https:\/\/cezannehr.com\/es\/wp-json\/wp\/v2\/types\/post"}],"author":[{"embeddable":true,"href":"https:\/\/cezannehr.com\/es\/wp-json\/wp\/v2\/users\/107"}],"replies":[{"embeddable":true,"href":"https:\/\/cezannehr.com\/es\/wp-json\/wp\/v2\/comments?post=88895"}],"version-history":[{"count":0,"href":"https:\/\/cezannehr.com\/es\/wp-json\/wp\/v2\/posts\/88895\/revisions"}],"wp:featuredmedia":[{"embeddable":true,"href":"https:\/\/cezannehr.com\/es\/wp-json\/wp\/v2\/media\/88896"}],"wp:attachment":[{"href":"https:\/\/cezannehr.com\/es\/wp-json\/wp\/v2\/media?parent=88895"}],"wp:term":[{"taxonomy":"category","embeddable":true,"href":"https:\/\/cezannehr.com\/es\/wp-json\/wp\/v2\/categories?post=88895"},{"taxonomy":"post_tag","embeddable":true,"href":"https:\/\/cezannehr.com\/es\/wp-json\/wp\/v2\/tags?post=88895"}],"curies":[{"name":"wp","href":"https:\/\/api.w.org\/{rel}","templated":true}]}}