{"id":90892,"date":"2025-11-20T10:06:33","date_gmt":"2025-11-20T10:06:33","guid":{"rendered":"https:\/\/cezannehr.com\/?p=90892"},"modified":"2025-11-20T11:18:59","modified_gmt":"2025-11-20T11:18:59","slug":"reducir-el-absentismo-laboral-en-tu-empresa","status":"publish","type":"post","link":"https:\/\/cezannehr.com\/es\/hr-blog\/2025\/11\/reducir-el-absentismo-laboral-en-tu-empresa\/","title":{"rendered":"C\u00f3mo reducir el absentismo laboral en tu empresa: causas, soluciones y el papel del software de RRHH"},"content":{"rendered":"<p>El <strong>absentismo laboral<\/strong> es uno de los desaf\u00edos m\u00e1s persistentes para los departamentos de Recursos Humanos. Detr\u00e1s de cada d\u00eda de ausencia se esconden no solo costes econ\u00f3micos, sino tambi\u00e9n una p\u00e9rdida de productividad, clima laboral y compromiso.<\/p>\n<p>Sin embargo, reducir el <strong>ausentismo laboral<\/strong> no pasa \u00fanicamente por poner un <a href=\"https:\/\/cezannehr.com\/es\/soluciones\/gestion-del-tiempo\/\">software control horario<\/a> y controlar la asistencia, sino por comprender sus causas, actuar sobre ellas y apoyarse en herramientas tecnol\u00f3gicas que faciliten la gesti\u00f3n. En este art\u00edculo te contamos c\u00f3mo hacerlo de manera efectiva y sostenible en el tiempo.<\/p>\n<h2>\u00bfQu\u00e9 es el absentismo laboral y por qu\u00e9 afecta tanto a las empresas?<\/h2>\n<p>El absentismo laboral hace referencia a las ausencias no planificadas o reiteradas de los empleados durante su jornada laboral. <strong>Puede tratarse de ausencias justificadas<\/strong> (bajas m\u00e9dicas, permisos, vacaciones) <strong>o injustificadas<\/strong> (faltas de asistencia sin causa aparente o sin previo aviso).<\/p>\n<p>Aunque pueda parecer un problema puntual, <strong>el absentismo tiene un impacto directo en la productividad, la rentabilidad y la motivaci\u00f3n de los equipos<\/strong>. Seg\u00fan diversos estudios, en Espa\u00f1a el coste del absentismo supera los 30.000 millones de euros anuales, lo que representa m\u00e1s del 5 % del PIB.<\/p>\n<p>Pero m\u00e1s all\u00e1 de los n\u00fameros, el <strong>ausentismo<\/strong> revela se\u00f1ales internas que conviene analizar:<\/p>\n<p>Problemas de clima laboral o desmotivaci\u00f3n.<br \/>\nSobrecarga de trabajo o mala organizaci\u00f3n.<br \/>\nProcesos ineficientes o falta de conciliaci\u00f3n.<br \/>\nFalta de comunicaci\u00f3n entre empleados y responsables.<\/p>\n<p>El primer paso para combatir el absentismo no es sancionar, <strong>sino entender su origen<\/strong>.<\/p>\n<h2>Causas m\u00e1s comunes del ausentismo laboral en Espa\u00f1a<\/h2>\n<p>Identificar correctamente las <strong>causas del ausentismo laboral<\/strong> es esencial para dise\u00f1ar estrategias efectivas. Aunque cada empresa tiene su propia realidad, existen patrones que se repiten en la mayor\u00eda de las organizaciones.<\/p>\n<h3>1. Factores personales o de salud<\/h3>\n<p>La <strong>causa m\u00e1s habitual del absentismo laboral son las bajas m\u00e9dicas<\/strong>, ya sea por enfermedad com\u00fan, estr\u00e9s o problemas musculoesquel\u00e9ticos. En muchos casos, estos problemas se agravan por una falta de prevenci\u00f3n o de bienestar en el entorno laboral.<\/p>\n<p>La salud mental tambi\u00e9n tiene un peso creciente. Estr\u00e9s, ansiedad o burnout se han convertido en los nuevos factores de riesgo invisibles que impulsan la ausencia prolongada.<\/p>\n<h3>2. Factores organizativos y de clima laboral<\/h3>\n<p>Una <strong>mala gesti\u00f3n interna puede ser un detonante claro<\/strong>. Falta de comunicaci\u00f3n, exceso de carga de trabajo, liderazgo poco emp\u00e1tico o falta de reconocimiento generan desmotivaci\u00f3n y, con el tiempo, ausencias.<\/p>\n<p>El clima laboral deteriorado afecta especialmente a equipos <strong>donde el compromiso es clave, como atenci\u00f3n al cliente o producci\u00f3n<\/strong>, donde una ausencia puede implicar una cadena de retrasos o sobrecarga de compa\u00f1eros.<\/p>\n<h3>3. Factores externos o familiares<\/h3>\n<p>La <strong>conciliaci\u00f3n entre vida personal y laboral es un reto<\/strong>. La falta de flexibilidad horaria, el cuidado de familiares o la dificultad para compaginar tareas dom\u00e9sticas con el trabajo pueden derivar en ausencias puntuales.<\/p>\n<p>Las empresas que no ofrecen opciones flexibles suelen registrar mayores \u00edndices de ausentismo por motivos personales, algo que puede evitarse con pol\u00edticas m\u00e1s humanas y una gesti\u00f3n digital que facilite los permisos o ajustes de jornada.<\/p>\n<h2>Estrategias efectivas para reducir el absentismo laboral<\/h2>\n<p><strong>Reducir el absentismo laboral<\/strong> requiere una visi\u00f3n integral, donde se combine la gesti\u00f3n de datos, la comunicaci\u00f3n y la cultura corporativa. No existe una f\u00f3rmula m\u00e1gica, pero s\u00ed buenas pr\u00e1cticas comprobadas.<\/p>\n<h3>1. Medir y analizar los datos de ausentismo<\/h3>\n<p>Sin datos, no hay mejora. El primer paso es <strong>medir el absentismo<\/strong>: cu\u00e1ntas ausencias hay, en qu\u00e9 departamentos, durante cu\u00e1nto tiempo y por qu\u00e9 motivos.<\/p>\n<p>Contar con informes actualizados permite detectar patrones: por ejemplo, picos de ausencias en determinadas \u00e9pocas del a\u00f1o o equipos con m\u00e1s incidencia.<\/p>\n<p>Las empresas que analizan estos indicadores pueden tomar decisiones basadas en evidencias, en lugar de percepciones.<\/p>\n<h3>2. Mejorar la comunicaci\u00f3n interna y la empat\u00eda<\/h3>\n<p>El <strong>absentismo tambi\u00e9n es un s\u00edntoma de falta de di\u00e1logo<\/strong>. Promover una comunicaci\u00f3n abierta, donde los empleados puedan expresar sus necesidades o dificultades, ayuda a anticipar situaciones de riesgo.<\/p>\n<p>Los l\u00edderes de equipo deben recibir formaci\u00f3n para detectar se\u00f1ales tempranas de desmotivaci\u00f3n o estr\u00e9s, y saber c\u00f3mo acompa\u00f1ar sin juzgar. En muchas ocasiones, una conversaci\u00f3n a tiempo puede evitar una baja prolongada.<\/p>\n<h3>3. Fomentar la flexibilidad y la conciliaci\u00f3n<\/h3>\n<p>La flexibilidad laboral es uno de los factores m\u00e1s eficaces para <strong>reducir el ausentismo laboral<\/strong>. Ofrecer horarios adaptables, teletrabajo parcial o jornadas intensivas puede mejorar el bienestar y reducir el estr\u00e9s.<\/p>\n<p>Cuando las personas sienten que la empresa se preocupa por su equilibrio personal, su compromiso y asistencia mejoran de manera natural.<\/p>\n<h3>4. Promover el bienestar y la prevenci\u00f3n<\/h3>\n<p>El bienestar corporativo va m\u00e1s all\u00e1 de ofrecer fruta o yoga en la oficina. Se trata de dise\u00f1ar pol\u00edticas reales de salud, ergonom\u00eda, pausas activas o programas de apoyo psicol\u00f3gico.<\/p>\n<p>Adem\u00e1s, las revisiones peri\u00f3dicas, la prevenci\u00f3n de riesgos y la promoci\u00f3n de h\u00e1bitos saludables reducen notablemente las bajas m\u00e9dicas por causas evitables.<\/p>\n<h2>El papel del software de RRHH en la gesti\u00f3n del absentismo<\/h2>\n<p>La tecnolog\u00eda se ha convertido en una aliada clave para gestionar y reducir el ausentismo laboral. Un <a href=\"https:\/\/cezannehr.com\/es\/\">software de RRHH<\/a> centraliza toda la informaci\u00f3n de los empleados, automatiza procesos y ofrece una visi\u00f3n completa del comportamiento organizativo.<\/p>\n<p>Veamos c\u00f3mo puede ayudarte concretamente.<\/p>\n<p><strong>1. Registro y seguimiento autom\u00e1tico de ausencias<\/strong><\/p>\n<p>Con un software de RRHH, las ausencias se registran de forma autom\u00e1tica y transparente. Los empleados pueden solicitar permisos o bajas directamente desde la plataforma, y los responsables aprueban o revisan en tiempo real.<\/p>\n<p>Esto elimina el uso de hojas de c\u00e1lculo o correos dispersos, evitando errores y garantizando que la informaci\u00f3n est\u00e9 siempre actualizada.<\/p>\n<p>Adem\u00e1s, las alertas autom\u00e1ticas permiten detectar patrones de ausentismo antes de que se conviertan en un problema mayor.<\/p>\n<p><strong>2. Informes, anal\u00edtica y decisiones basadas en datos<\/strong><\/p>\n<p>Los m\u00f3dulos de informes permiten generar m\u00e9tricas clave:<\/p>\n<ul>\n<li>Tasa de absentismo por departamento o periodo.<\/li>\n<li>Motivos m\u00e1s frecuentes de ausencia.<\/li>\n<li>D\u00edas medios de baja por empleado.<\/li>\n<li>Evoluci\u00f3n temporal y comparativa con a\u00f1os anteriores.<\/li>\n<\/ul>\n<p>Con estos datos, el \u00e1rea de RRHH puede dise\u00f1ar estrategias personalizadas para cada equipo, implementar medidas de prevenci\u00f3n y evaluar la efectividad de las acciones tomadas.<\/p>\n<p>En lugar de gestionar reactivamente, la empresa pasa a tener una gesti\u00f3n predictiva y estrat\u00e9gica.<\/p>\n<h2>Conclusi\u00f3n: tecnolog\u00eda y cultura, las claves para reducir el ausentismo laboral<\/h2>\n<p>El <strong>absentismo laboral no es solo una cifra en un informe<\/strong>: es el reflejo de c\u00f3mo se sienten las personas dentro de una organizaci\u00f3n. Para reducirlo, es necesario actuar desde dos frentes complementarios: una cultura corporativa saludable y una gesti\u00f3n digital eficiente.<\/p>\n<p>Las empresas que combinan empat\u00eda, flexibilidad y tecnolog\u00eda consiguen equipos m\u00e1s comprometidos, productivos y motivados.<\/p>\n<p>Si quieres dar el siguiente paso y optimizar la gesti\u00f3n del absentismo laboral en tu empresa, descubre c\u00f3mo nuestro software de RR. HH. puede ayudarte a:<\/p>\n<p>\u2705 Automatizar la gesti\u00f3n de ausencias y permisos.<br \/>\n\u2705 Analizar en tiempo real las causas del ausentismo.<br \/>\n\u2705 Reducir costes y mejorar la productividad del equipo.<\/p>\n<p><strong>Solicita una demo gratuita<\/strong> y comprueba c\u00f3mo la tecnolog\u00eda puede transformar la gesti\u00f3n de tus recursos humanos.<\/p>\n","protected":false},"excerpt":{"rendered":"<p>El absentismo laboral es uno de los desaf\u00edos m\u00e1s persistentes para los departamentos de Recursos Humanos. Detr\u00e1s de cada d\u00eda de ausencia se esconden no solo costes econ\u00f3micos, sino tambi\u00e9n una p\u00e9rdida de productividad, clima laboral y compromiso. Sin embargo, [&hellip;]<\/p>\n","protected":false},"author":107,"featured_media":90904,"comment_status":"open","ping_status":"open","sticky":false,"template":"","format":"standard","meta":{"_acf_changed":false,"_jetpack_memberships_contains_paid_content":false,"footnotes":""},"categories":[787],"tags":[],"class_list":{"0":"post-90892","1":"post","2":"type-post","3":"status-publish","4":"format-standard","5":"has-post-thumbnail","7":"category-rrhh-general","8":"cz_entry"},"acf":[],"yoast_head":"<!-- This site is optimized with the Yoast SEO Premium plugin v26.3 (Yoast SEO v26.3) - https:\/\/yoast.com\/wordpress\/plugins\/seo\/ -->\n<title>Absentismo Laboral: Causas y Soluciones | Cezanne HR<\/title>\n<meta name=\"description\" content=\"Descubre c\u00f3mo reducir el Absentismo Laboral en tu empresa con Cezanne HR. Causas, Soluciones y el papel del software de RRHH para mejorar la productividad.\" \/>\n<meta name=\"robots\" content=\"index, follow, max-snippet:-1, max-image-preview:large, max-video-preview:-1\" \/>\n<link rel=\"canonical\" href=\"https:\/\/cezannehr.com\/es\/hr-blog\/2025\/11\/reducir-el-absentismo-laboral-en-tu-empresa\/\" \/>\n<meta property=\"og:locale\" content=\"es_ES\" \/>\n<meta property=\"og:type\" content=\"article\" \/>\n<meta property=\"og:title\" content=\"C\u00f3mo reducir el absentismo laboral en tu empresa: causas, soluciones y el papel del software de RRHH\" \/>\n<meta property=\"og:description\" content=\"Descubre c\u00f3mo reducir el Absentismo Laboral en tu empresa con Cezanne HR. Causas, Soluciones y el papel del software de RRHH para mejorar la productividad.\" \/>\n<meta property=\"og:url\" content=\"https:\/\/cezannehr.com\/es\/hr-blog\/2025\/11\/reducir-el-absentismo-laboral-en-tu-empresa\/\" \/>\n<meta property=\"og:site_name\" content=\"Cezanne HR\" \/>\n<meta property=\"article:publisher\" content=\"https:\/\/www.facebook.com\/CezanneHR\" \/>\n<meta property=\"article:published_time\" content=\"2025-11-20T10:06:33+00:00\" \/>\n<meta property=\"article:modified_time\" content=\"2025-11-20T11:18:59+00:00\" \/>\n<meta property=\"og:image\" content=\"https:\/\/cezannehr.com\/wp-content\/uploads\/2025\/11\/Blog-1200-x-628-px-8.png\" \/>\n\t<meta property=\"og:image:width\" content=\"1200\" \/>\n\t<meta property=\"og:image:height\" content=\"628\" \/>\n\t<meta property=\"og:image:type\" content=\"image\/png\" \/>\n<meta name=\"author\" content=\"Nicole Mottet\" \/>\n<meta name=\"twitter:card\" content=\"summary_large_image\" \/>\n<meta name=\"twitter:creator\" content=\"@CezanneHR\" \/>\n<meta name=\"twitter:site\" content=\"@CezanneHR\" \/>\n<meta name=\"twitter:label1\" content=\"Escrito por\" \/>\n\t<meta name=\"twitter:data1\" content=\"Nicole Mottet\" \/>\n\t<meta name=\"twitter:label2\" content=\"Tiempo de lectura\" \/>\n\t<meta name=\"twitter:data2\" content=\"6 minutos\" \/>\n<script type=\"application\/ld+json\" class=\"yoast-schema-graph\">{\"@context\":\"https:\/\/schema.org\",\"@graph\":[{\"@type\":\"Article\",\"@id\":\"https:\/\/cezannehr.com\/es\/hr-blog\/2025\/11\/reducir-el-absentismo-laboral-en-tu-empresa\/#article\",\"isPartOf\":{\"@id\":\"https:\/\/cezannehr.com\/es\/hr-blog\/2025\/11\/reducir-el-absentismo-laboral-en-tu-empresa\/\"},\"author\":{\"name\":\"Nicole Mottet\",\"@id\":\"https:\/\/cezannehr.com\/es\/#\/schema\/person\/7c0cdcf2f614d1831522d98130e55dbb\"},\"headline\":\"C\u00f3mo reducir el absentismo laboral en tu empresa: causas, soluciones y el papel del software de RRHH\",\"datePublished\":\"2025-11-20T10:06:33+00:00\",\"dateModified\":\"2025-11-20T11:18:59+00:00\",\"mainEntityOfPage\":{\"@id\":\"https:\/\/cezannehr.com\/es\/hr-blog\/2025\/11\/reducir-el-absentismo-laboral-en-tu-empresa\/\"},\"wordCount\":1273,\"commentCount\":0,\"publisher\":{\"@id\":\"https:\/\/cezannehr.com\/es\/#organization\"},\"image\":{\"@id\":\"https:\/\/cezannehr.com\/es\/hr-blog\/2025\/11\/reducir-el-absentismo-laboral-en-tu-empresa\/#primaryimage\"},\"thumbnailUrl\":\"https:\/\/i0.wp.com\/cezannehr.com\/wp-content\/uploads\/2025\/11\/Blog-1200-x-628-px-8.png?fit=1200%2C628&ssl=1\",\"articleSection\":[\"RRHH general\"],\"inLanguage\":\"es\",\"potentialAction\":[{\"@type\":\"CommentAction\",\"name\":\"Comment\",\"target\":[\"https:\/\/cezannehr.com\/es\/hr-blog\/2025\/11\/reducir-el-absentismo-laboral-en-tu-empresa\/#respond\"]}]},{\"@type\":\"WebPage\",\"@id\":\"https:\/\/cezannehr.com\/es\/hr-blog\/2025\/11\/reducir-el-absentismo-laboral-en-tu-empresa\/\",\"url\":\"https:\/\/cezannehr.com\/es\/hr-blog\/2025\/11\/reducir-el-absentismo-laboral-en-tu-empresa\/\",\"name\":\"Absentismo Laboral: Causas y Soluciones | Cezanne HR\",\"isPartOf\":{\"@id\":\"https:\/\/cezannehr.com\/es\/#website\"},\"primaryImageOfPage\":{\"@id\":\"https:\/\/cezannehr.com\/es\/hr-blog\/2025\/11\/reducir-el-absentismo-laboral-en-tu-empresa\/#primaryimage\"},\"image\":{\"@id\":\"https:\/\/cezannehr.com\/es\/hr-blog\/2025\/11\/reducir-el-absentismo-laboral-en-tu-empresa\/#primaryimage\"},\"thumbnailUrl\":\"https:\/\/i0.wp.com\/cezannehr.com\/wp-content\/uploads\/2025\/11\/Blog-1200-x-628-px-8.png?fit=1200%2C628&ssl=1\",\"datePublished\":\"2025-11-20T10:06:33+00:00\",\"dateModified\":\"2025-11-20T11:18:59+00:00\",\"description\":\"Descubre c\u00f3mo reducir el Absentismo Laboral en tu empresa con Cezanne HR. Causas, Soluciones y el papel del software de RRHH para mejorar la productividad.\",\"breadcrumb\":{\"@id\":\"https:\/\/cezannehr.com\/es\/hr-blog\/2025\/11\/reducir-el-absentismo-laboral-en-tu-empresa\/#breadcrumb\"},\"inLanguage\":\"es\",\"potentialAction\":[{\"@type\":\"ReadAction\",\"target\":[\"https:\/\/cezannehr.com\/es\/hr-blog\/2025\/11\/reducir-el-absentismo-laboral-en-tu-empresa\/\"]}]},{\"@type\":\"ImageObject\",\"inLanguage\":\"es\",\"@id\":\"https:\/\/cezannehr.com\/es\/hr-blog\/2025\/11\/reducir-el-absentismo-laboral-en-tu-empresa\/#primaryimage\",\"url\":\"https:\/\/i0.wp.com\/cezannehr.com\/wp-content\/uploads\/2025\/11\/Blog-1200-x-628-px-8.png?fit=1200%2C628&ssl=1\",\"contentUrl\":\"https:\/\/i0.wp.com\/cezannehr.com\/wp-content\/uploads\/2025\/11\/Blog-1200-x-628-px-8.png?fit=1200%2C628&ssl=1\",\"width\":1200,\"height\":628,\"caption\":\"absentismo laboral\"},{\"@type\":\"BreadcrumbList\",\"@id\":\"https:\/\/cezannehr.com\/es\/hr-blog\/2025\/11\/reducir-el-absentismo-laboral-en-tu-empresa\/#breadcrumb\",\"itemListElement\":[{\"@type\":\"ListItem\",\"position\":1,\"name\":\"Software HR\",\"item\":\"https:\/\/cezannehr.com\/es\/\"},{\"@type\":\"ListItem\",\"position\":2,\"name\":\"C\u00f3mo reducir el absentismo laboral en tu empresa: causas, soluciones y el papel del software de RRHH\"}]},{\"@type\":\"WebSite\",\"@id\":\"https:\/\/cezannehr.com\/es\/#website\",\"url\":\"https:\/\/cezannehr.com\/es\/\",\"name\":\"Cezanne HR\",\"description\":\"Gesti\u00f3n de empleados - Gesti\u00f3n de vacaciones\",\"publisher\":{\"@id\":\"https:\/\/cezannehr.com\/es\/#organization\"},\"potentialAction\":[{\"@type\":\"SearchAction\",\"target\":{\"@type\":\"EntryPoint\",\"urlTemplate\":\"https:\/\/cezannehr.com\/es\/?s={search_term_string}\"},\"query-input\":{\"@type\":\"PropertyValueSpecification\",\"valueRequired\":true,\"valueName\":\"search_term_string\"}}],\"inLanguage\":\"es\"},{\"@type\":\"Organization\",\"@id\":\"https:\/\/cezannehr.com\/es\/#organization\",\"name\":\"Cezanne HR\",\"url\":\"https:\/\/cezannehr.com\/es\/\",\"logo\":{\"@type\":\"ImageObject\",\"inLanguage\":\"es\",\"@id\":\"https:\/\/cezannehr.com\/es\/#\/schema\/logo\/image\/\",\"url\":\"https:\/\/cezannehr.com\/wp-content\/uploads\/2026\/01\/Cezanne_logo_2026_colour.svg\",\"contentUrl\":\"https:\/\/cezannehr.com\/wp-content\/uploads\/2026\/01\/Cezanne_logo_2026_colour.svg\",\"width\":1,\"height\":1,\"caption\":\"Cezanne HR\"},\"image\":{\"@id\":\"https:\/\/cezannehr.com\/es\/#\/schema\/logo\/image\/\"},\"sameAs\":[\"https:\/\/www.facebook.com\/CezanneHR\",\"https:\/\/x.com\/CezanneHR\",\"https:\/\/www.linkedin.com\/company\/cezanne-hr\",\"https:\/\/uk.pinterest.com\/CezanneHR\/\",\"https:\/\/www.youtube.com\/user\/CezanneHR\"],\"legalName\":\"Cezanne HR Limited\",\"contactPoint\":[{\"@type\":\"ContactPoint\",\"telephone\":\"+44-2072022727\",\"contactType\":\"customer service\"},{\"@type\":\"ContactPoint\",\"url\":\"https:\/\/support.cezannehr.com\",\"email\":\"support@cezannehr.com\",\"contactType\":\"customer support\"}]},{\"@type\":\"Person\",\"@id\":\"https:\/\/cezannehr.com\/es\/#\/schema\/person\/7c0cdcf2f614d1831522d98130e55dbb\",\"name\":\"Nicole Mottet\",\"image\":{\"@type\":\"ImageObject\",\"inLanguage\":\"es\",\"@id\":\"https:\/\/cezannehr.com\/es\/#\/schema\/person\/image\/\",\"url\":\"https:\/\/secure.gravatar.com\/avatar\/e9b847d53ddce4d2f9c0092fe91f7bf76ee1e0f9887387c92ed7e551330556a1?s=96&d=mm&r=g\",\"contentUrl\":\"https:\/\/secure.gravatar.com\/avatar\/e9b847d53ddce4d2f9c0092fe91f7bf76ee1e0f9887387c92ed7e551330556a1?s=96&d=mm&r=g\",\"caption\":\"Nicole Mottet\"},\"url\":\"https:\/\/cezannehr.com\/es\/hr-blog\/author\/nmottet\/\"}]}<\/script>\n<!-- \/ Yoast SEO Premium plugin. -->","yoast_head_json":{"title":"Absentismo Laboral: Causas y Soluciones | Cezanne HR","description":"Descubre c\u00f3mo reducir el Absentismo Laboral en tu empresa con Cezanne HR. Causas, Soluciones y el papel del software de RRHH para mejorar la productividad.","robots":{"index":"index","follow":"follow","max-snippet":"max-snippet:-1","max-image-preview":"max-image-preview:large","max-video-preview":"max-video-preview:-1"},"canonical":"https:\/\/cezannehr.com\/es\/hr-blog\/2025\/11\/reducir-el-absentismo-laboral-en-tu-empresa\/","og_locale":"es_ES","og_type":"article","og_title":"C\u00f3mo reducir el absentismo laboral en tu empresa: causas, soluciones y el papel del software de RRHH","og_description":"Descubre c\u00f3mo reducir el Absentismo Laboral en tu empresa con Cezanne HR. Causas, Soluciones y el papel del software de RRHH para mejorar la productividad.","og_url":"https:\/\/cezannehr.com\/es\/hr-blog\/2025\/11\/reducir-el-absentismo-laboral-en-tu-empresa\/","og_site_name":"Cezanne HR","article_publisher":"https:\/\/www.facebook.com\/CezanneHR","article_published_time":"2025-11-20T10:06:33+00:00","article_modified_time":"2025-11-20T11:18:59+00:00","og_image":[{"width":1200,"height":628,"url":"https:\/\/cezannehr.com\/wp-content\/uploads\/2025\/11\/Blog-1200-x-628-px-8.png","type":"image\/png"}],"author":"Nicole Mottet","twitter_card":"summary_large_image","twitter_creator":"@CezanneHR","twitter_site":"@CezanneHR","twitter_misc":{"Escrito por":"Nicole Mottet","Tiempo de lectura":"6 minutos"},"schema":{"@context":"https:\/\/schema.org","@graph":[{"@type":"Article","@id":"https:\/\/cezannehr.com\/es\/hr-blog\/2025\/11\/reducir-el-absentismo-laboral-en-tu-empresa\/#article","isPartOf":{"@id":"https:\/\/cezannehr.com\/es\/hr-blog\/2025\/11\/reducir-el-absentismo-laboral-en-tu-empresa\/"},"author":{"name":"Nicole Mottet","@id":"https:\/\/cezannehr.com\/es\/#\/schema\/person\/7c0cdcf2f614d1831522d98130e55dbb"},"headline":"C\u00f3mo reducir el absentismo laboral en tu empresa: causas, soluciones y el papel del software de RRHH","datePublished":"2025-11-20T10:06:33+00:00","dateModified":"2025-11-20T11:18:59+00:00","mainEntityOfPage":{"@id":"https:\/\/cezannehr.com\/es\/hr-blog\/2025\/11\/reducir-el-absentismo-laboral-en-tu-empresa\/"},"wordCount":1273,"commentCount":0,"publisher":{"@id":"https:\/\/cezannehr.com\/es\/#organization"},"image":{"@id":"https:\/\/cezannehr.com\/es\/hr-blog\/2025\/11\/reducir-el-absentismo-laboral-en-tu-empresa\/#primaryimage"},"thumbnailUrl":"https:\/\/i0.wp.com\/cezannehr.com\/wp-content\/uploads\/2025\/11\/Blog-1200-x-628-px-8.png?fit=1200%2C628&ssl=1","articleSection":["RRHH general"],"inLanguage":"es","potentialAction":[{"@type":"CommentAction","name":"Comment","target":["https:\/\/cezannehr.com\/es\/hr-blog\/2025\/11\/reducir-el-absentismo-laboral-en-tu-empresa\/#respond"]}]},{"@type":"WebPage","@id":"https:\/\/cezannehr.com\/es\/hr-blog\/2025\/11\/reducir-el-absentismo-laboral-en-tu-empresa\/","url":"https:\/\/cezannehr.com\/es\/hr-blog\/2025\/11\/reducir-el-absentismo-laboral-en-tu-empresa\/","name":"Absentismo Laboral: Causas y Soluciones | Cezanne HR","isPartOf":{"@id":"https:\/\/cezannehr.com\/es\/#website"},"primaryImageOfPage":{"@id":"https:\/\/cezannehr.com\/es\/hr-blog\/2025\/11\/reducir-el-absentismo-laboral-en-tu-empresa\/#primaryimage"},"image":{"@id":"https:\/\/cezannehr.com\/es\/hr-blog\/2025\/11\/reducir-el-absentismo-laboral-en-tu-empresa\/#primaryimage"},"thumbnailUrl":"https:\/\/i0.wp.com\/cezannehr.com\/wp-content\/uploads\/2025\/11\/Blog-1200-x-628-px-8.png?fit=1200%2C628&ssl=1","datePublished":"2025-11-20T10:06:33+00:00","dateModified":"2025-11-20T11:18:59+00:00","description":"Descubre c\u00f3mo reducir el Absentismo Laboral en tu empresa con Cezanne HR. Causas, Soluciones y el papel del software de RRHH para mejorar la productividad.","breadcrumb":{"@id":"https:\/\/cezannehr.com\/es\/hr-blog\/2025\/11\/reducir-el-absentismo-laboral-en-tu-empresa\/#breadcrumb"},"inLanguage":"es","potentialAction":[{"@type":"ReadAction","target":["https:\/\/cezannehr.com\/es\/hr-blog\/2025\/11\/reducir-el-absentismo-laboral-en-tu-empresa\/"]}]},{"@type":"ImageObject","inLanguage":"es","@id":"https:\/\/cezannehr.com\/es\/hr-blog\/2025\/11\/reducir-el-absentismo-laboral-en-tu-empresa\/#primaryimage","url":"https:\/\/i0.wp.com\/cezannehr.com\/wp-content\/uploads\/2025\/11\/Blog-1200-x-628-px-8.png?fit=1200%2C628&ssl=1","contentUrl":"https:\/\/i0.wp.com\/cezannehr.com\/wp-content\/uploads\/2025\/11\/Blog-1200-x-628-px-8.png?fit=1200%2C628&ssl=1","width":1200,"height":628,"caption":"absentismo laboral"},{"@type":"BreadcrumbList","@id":"https:\/\/cezannehr.com\/es\/hr-blog\/2025\/11\/reducir-el-absentismo-laboral-en-tu-empresa\/#breadcrumb","itemListElement":[{"@type":"ListItem","position":1,"name":"Software HR","item":"https:\/\/cezannehr.com\/es\/"},{"@type":"ListItem","position":2,"name":"C\u00f3mo reducir el absentismo laboral en tu empresa: causas, soluciones y el papel del software de RRHH"}]},{"@type":"WebSite","@id":"https:\/\/cezannehr.com\/es\/#website","url":"https:\/\/cezannehr.com\/es\/","name":"Cezanne HR","description":"Gesti\u00f3n de empleados - Gesti\u00f3n de vacaciones","publisher":{"@id":"https:\/\/cezannehr.com\/es\/#organization"},"potentialAction":[{"@type":"SearchAction","target":{"@type":"EntryPoint","urlTemplate":"https:\/\/cezannehr.com\/es\/?s={search_term_string}"},"query-input":{"@type":"PropertyValueSpecification","valueRequired":true,"valueName":"search_term_string"}}],"inLanguage":"es"},{"@type":"Organization","@id":"https:\/\/cezannehr.com\/es\/#organization","name":"Cezanne HR","url":"https:\/\/cezannehr.com\/es\/","logo":{"@type":"ImageObject","inLanguage":"es","@id":"https:\/\/cezannehr.com\/es\/#\/schema\/logo\/image\/","url":"https:\/\/cezannehr.com\/wp-content\/uploads\/2026\/01\/Cezanne_logo_2026_colour.svg","contentUrl":"https:\/\/cezannehr.com\/wp-content\/uploads\/2026\/01\/Cezanne_logo_2026_colour.svg","width":1,"height":1,"caption":"Cezanne HR"},"image":{"@id":"https:\/\/cezannehr.com\/es\/#\/schema\/logo\/image\/"},"sameAs":["https:\/\/www.facebook.com\/CezanneHR","https:\/\/x.com\/CezanneHR","https:\/\/www.linkedin.com\/company\/cezanne-hr","https:\/\/uk.pinterest.com\/CezanneHR\/","https:\/\/www.youtube.com\/user\/CezanneHR"],"legalName":"Cezanne HR Limited","contactPoint":[{"@type":"ContactPoint","telephone":"+44-2072022727","contactType":"customer service"},{"@type":"ContactPoint","url":"https:\/\/support.cezannehr.com","email":"support@cezannehr.com","contactType":"customer support"}]},{"@type":"Person","@id":"https:\/\/cezannehr.com\/es\/#\/schema\/person\/7c0cdcf2f614d1831522d98130e55dbb","name":"Nicole Mottet","image":{"@type":"ImageObject","inLanguage":"es","@id":"https:\/\/cezannehr.com\/es\/#\/schema\/person\/image\/","url":"https:\/\/secure.gravatar.com\/avatar\/e9b847d53ddce4d2f9c0092fe91f7bf76ee1e0f9887387c92ed7e551330556a1?s=96&d=mm&r=g","contentUrl":"https:\/\/secure.gravatar.com\/avatar\/e9b847d53ddce4d2f9c0092fe91f7bf76ee1e0f9887387c92ed7e551330556a1?s=96&d=mm&r=g","caption":"Nicole Mottet"},"url":"https:\/\/cezannehr.com\/es\/hr-blog\/author\/nmottet\/"}]}},"jetpack_featured_media_url":"https:\/\/i0.wp.com\/cezannehr.com\/wp-content\/uploads\/2025\/11\/Blog-1200-x-628-px-8.png?fit=1200%2C628&ssl=1","jetpack_sharing_enabled":true,"amp_enabled":true,"_links":{"self":[{"href":"https:\/\/cezannehr.com\/es\/wp-json\/wp\/v2\/posts\/90892","targetHints":{"allow":["GET"]}}],"collection":[{"href":"https:\/\/cezannehr.com\/es\/wp-json\/wp\/v2\/posts"}],"about":[{"href":"https:\/\/cezannehr.com\/es\/wp-json\/wp\/v2\/types\/post"}],"author":[{"embeddable":true,"href":"https:\/\/cezannehr.com\/es\/wp-json\/wp\/v2\/users\/107"}],"replies":[{"embeddable":true,"href":"https:\/\/cezannehr.com\/es\/wp-json\/wp\/v2\/comments?post=90892"}],"version-history":[{"count":0,"href":"https:\/\/cezannehr.com\/es\/wp-json\/wp\/v2\/posts\/90892\/revisions"}],"wp:featuredmedia":[{"embeddable":true,"href":"https:\/\/cezannehr.com\/es\/wp-json\/wp\/v2\/media\/90904"}],"wp:attachment":[{"href":"https:\/\/cezannehr.com\/es\/wp-json\/wp\/v2\/media?parent=90892"}],"wp:term":[{"taxonomy":"category","embeddable":true,"href":"https:\/\/cezannehr.com\/es\/wp-json\/wp\/v2\/categories?post=90892"},{"taxonomy":"post_tag","embeddable":true,"href":"https:\/\/cezannehr.com\/es\/wp-json\/wp\/v2\/tags?post=90892"}],"curies":[{"name":"wp","href":"https:\/\/api.w.org\/{rel}","templated":true}]}}