{"id":18459,"date":"2015-07-09T07:58:51","date_gmt":"2015-07-09T07:58:51","guid":{"rendered":"https:\/\/cezannehr.com\/?p=18459"},"modified":"2019-12-10T11:39:53","modified_gmt":"2019-12-10T11:39:53","slug":"gestione-dei-conflitti-dal-problema-alla-soluzione-vediamo-come","status":"publish","type":"post","link":"https:\/\/cezannehr.com\/it\/hr-blog\/2015\/07\/gestione-dei-conflitti-dal-problema-alla-soluzione-vediamo-come\/","title":{"rendered":"Gestione dei conflitti: dal problema alla soluzione. Vediamo come!"},"content":{"rendered":"<p>Se pensate all\u2019anno trascorso, o se anche solo stringete il campo all\u2019ultimo mese, quanti battibecchi e piccole discussioni ci sono stati in ufficio? Almeno un paio sicuramente! Tra colleghi dello stesso team, tra personale e Line manager, tra dipartimenti\u2026 le possibilit\u00e0 sono infinite.<\/p>\n<p>\u00c8 evidente che situazioni simili hanno un impatto non solo sulle persone coinvolte, ma su tutta l\u2019organizzazione ed il clima che si respira in azienda. Atmosfera glaciale e frecciatine costanti abbattono il morale di tutti, con conseguenze anche sulla produttivit\u00e0.<\/p>\n<p>Certo, non \u00e8 realistico pensare di poter evitare tutti i conflitti: le persone passano la maggior parte del loro tempo al lavoro, a volte anche con persone con cui non vanno particolarmente d\u2019accordo. Ci\u00f2 che si pu\u00f2 per\u00f2 provare a fare \u00e8 ridurre quelle situazioni che si trascinano da troppo tempo e rischiano di esplodere, trasformandosi in lamentele formali o peggio.<\/p>\n<p><strong><em>Quindi cosa pu\u00f2 fare chi si occupa di Gestione del Personale per avere un approccio pi\u00f9 proattivo e sedare i conflitti sul nascere?<\/em><\/strong><\/p>\n<h3>Imposta i toni<\/h3>\n<p>La responsabilit\u00e0 della creazione di una cultura votata a produttivit\u00e0 e benessere sul luogo di lavoro \u00e8 nelle mani del management. I leader devono assicurarsi di mostrare gli stessi modelli di comportamento che desiderano dal loro team. Gli HR devono assicurarsi che le policy aziendali non stimolino inavvertitamente i conflitti. Le modalit\u00e0 di <strong><a href=\"https:\/\/cezannehr.com\/it\/software-hr\/valutazione-del-personale\/\">Valutazione del Personale<\/a><\/strong> e le politiche dei benefit potrebbero incoraggiare la ricerca aggressiva di risultati mettendo l\u2019uno contro l\u2019altro? I dipartimenti devono combattere tra loro per accaparrarsi talenti e risorse migliori? <strong>Se c\u2019\u00e8 un\u2019atmosfera collaborativa e non di competizione \u00e8 molto pi\u00f9 probabile riuscire ad evitare l\u2019insorgere di conflitti.<\/strong><\/p>\n<h3>Identifica i segnali ed agisci rapidamente<\/h3>\n<p>Senti che la tensione si taglia con un coltello quando entri in un determinato ufficio? Nei team meeting i colleghi si lamentano sempre l\u2019uno dell\u2019altro? Sono segnali di qualcosa che non va, e di problemi che presto diventeranno pi\u00f9 grandi. Non ignorarli sperando che tutto si risolva da solo. Piccoli problemi, se non affrontati a viso aperto, diventeranno drammi. <strong>Se, in quanto manager e leader, ti accorgi che le problematiche non si sopiscono, devi parlare al tuo team e comprenderne le ragioni profonde.<\/strong><\/p>\n<h3>Presta attenzione agli stili di lavoro<\/h3>\n<p>Tra le prime cause di discussione vi \u00e8 la differenza di approccio al lavoro tra persone che devono per\u00f2 lavorare insieme: chi ha bisogno di pianificare ogni attivit\u00e0 al dettaglio e con largo anticipo facilmente si scontrer\u00e0 con chi invece mostra una visione pi\u00f9 flessibile e priva di schemi. Ma per un team queste diversit\u00e0 sono ossigeno puro, entrambi gli stili apportano valore aggiunto. <strong>Il segreto \u00e8 agevolare l\u2019individuazione di compromessi ed equilibrio tra le due diverse posizioni.<\/strong><\/p>\n<h3>Forma i manager<\/h3>\n<p>Non tutti hanno le giuste competenze per gestire i conflitti: i line manager spesso si trovano catapultati in ruoli senior perch\u00e9 dimostrano competenze tecniche, rivelandosi presto sprovvisti del polso per gestire un intero team. <strong>Fornisci supporto e formazione ai manager, cos\u00ec da dotarli delle giuste capacit\u00e0 per gestire situazioni e conversazioni complesse.<\/strong><\/p>\n<p>Anche gli stili di comunicazione sono molto importanti. I manager hanno bisogno di aiuto per comprendere come creare dialoghi proficui con i loro team. Scava a fondo e scoprirai che alcune pratiche possono apparire ai dipendenti come forme eccessive di controllo e che i fraintendimenti sono dietro l\u2019angolo: nella comunicazione digitale mancano tono di voce ed espressione facciali, ragione per cui possono essere interpretate in modo diverso rispetto al significato originario. Stabilisci momenti in cui comunicare senza l\u2019ausilio di mail, messaggi e social, prediligendo la comunicazione faccia a faccia o telefonica se agite da sedi differenti.<\/p>\n<h3>Applica la mediazione<\/h3>\n<p>La mediazione professionale \u00e8 un ottimo modo per gestire i conflitti ed instaurare buone relazioni lavorative. Puoi formare alcuni membri del tuo staff perch\u00e9 diventino dei professionisti della mediazione, o affidarti ad una figura esterna: un mediatore che fa parte dell\u2019azienda ne conoscer\u00e0 meglio le dinamiche, ma uno esterno otterr\u00e0 pi\u00f9 facilmente la fiducia di tutti, senza il sospetto di favoritismi.<\/p>\n","protected":false},"excerpt":{"rendered":"<p>Se pensate all\u2019anno trascorso, o se anche solo stringete il campo all\u2019ultimo mese, quanti battibecchi e piccole discussioni ci sono stati in ufficio? Almeno un paio sicuramente! Tra colleghi dello stesso team, tra personale e Line manager, tra dipartimenti\u2026 le [&hellip;]<\/p>\n","protected":false},"author":50,"featured_media":0,"comment_status":"closed","ping_status":"closed","sticky":false,"template":"","format":"standard","meta":{"_acf_changed":false,"_jetpack_memberships_contains_paid_content":false,"footnotes":""},"categories":[383,331,350],"tags":[426,427,441],"class_list":{"0":"post-18459","1":"post","2":"type-post","3":"status-publish","4":"format-standard","6":"category-gestione-del-personale-2","7":"category-strategie-hr","8":"category-work-life-balance","9":"tag-clima","10":"tag-cultura-aziendale","11":"tag-team-it","12":"cz_entry"},"acf":[],"yoast_head":"<!-- This site is optimized with the Yoast SEO Premium plugin v26.3 (Yoast SEO v26.3) - https:\/\/yoast.com\/wordpress\/plugins\/seo\/ -->\n<title>Gestione dei conflitti: dal problema alla soluzione. Vediamo come! - Cezanne HR<\/title>\n<meta name=\"description\" content=\"Cosa pu\u00f2 fare chi si occupa di Gestione del Personale per avere un approccio pi\u00f9 proattivo e sedare i conflitti sul nascere?\" \/>\n<meta name=\"robots\" content=\"index, follow, max-snippet:-1, max-image-preview:large, max-video-preview:-1\" \/>\n<link rel=\"canonical\" href=\"https:\/\/cezannehr.com\/it\/hr-blog\/2015\/07\/gestione-dei-conflitti-dal-problema-alla-soluzione-vediamo-come\/\" \/>\n<meta property=\"og:locale\" content=\"it_IT\" \/>\n<meta property=\"og:type\" content=\"article\" \/>\n<meta property=\"og:title\" content=\"Gestione dei conflitti: dal problema alla soluzione. Vediamo come!\" \/>\n<meta property=\"og:description\" content=\"Cosa pu\u00f2 fare chi si occupa di Gestione del Personale per avere un approccio pi\u00f9 proattivo e sedare i conflitti sul nascere?\" \/>\n<meta property=\"og:url\" content=\"https:\/\/cezannehr.com\/it\/hr-blog\/2015\/07\/gestione-dei-conflitti-dal-problema-alla-soluzione-vediamo-come\/\" \/>\n<meta property=\"og:site_name\" content=\"Cezanne HR\" \/>\n<meta property=\"article:publisher\" content=\"https:\/\/www.facebook.com\/CezanneHR\" \/>\n<meta property=\"article:published_time\" content=\"2015-07-09T07:58:51+00:00\" \/>\n<meta property=\"article:modified_time\" content=\"2019-12-10T11:39:53+00:00\" \/>\n<meta name=\"author\" content=\"Martina Tattini\" \/>\n<meta name=\"twitter:card\" content=\"summary_large_image\" \/>\n<meta name=\"twitter:creator\" content=\"@CezanneHR\" \/>\n<meta name=\"twitter:site\" content=\"@CezanneHR\" \/>\n<meta name=\"twitter:label1\" content=\"Scritto da\" \/>\n\t<meta name=\"twitter:data1\" content=\"Martina Tattini\" \/>\n\t<meta name=\"twitter:label2\" content=\"Tempo di lettura stimato\" \/>\n\t<meta name=\"twitter:data2\" content=\"3 minuti\" \/>\n<script type=\"application\/ld+json\" class=\"yoast-schema-graph\">{\"@context\":\"https:\/\/schema.org\",\"@graph\":[{\"@type\":\"Article\",\"@id\":\"https:\/\/cezannehr.com\/it\/hr-blog\/2015\/07\/gestione-dei-conflitti-dal-problema-alla-soluzione-vediamo-come\/#article\",\"isPartOf\":{\"@id\":\"https:\/\/cezannehr.com\/it\/hr-blog\/2015\/07\/gestione-dei-conflitti-dal-problema-alla-soluzione-vediamo-come\/\"},\"author\":{\"name\":\"Martina Tattini\",\"@id\":\"https:\/\/cezannehr.com\/it\/#\/schema\/person\/ab6215fdf6a0dd1736973458e89e9112\"},\"headline\":\"Gestione dei conflitti: dal problema alla soluzione. Vediamo come!\",\"datePublished\":\"2015-07-09T07:58:51+00:00\",\"dateModified\":\"2019-12-10T11:39:53+00:00\",\"mainEntityOfPage\":{\"@id\":\"https:\/\/cezannehr.com\/it\/hr-blog\/2015\/07\/gestione-dei-conflitti-dal-problema-alla-soluzione-vediamo-come\/\"},\"wordCount\":675,\"publisher\":{\"@id\":\"https:\/\/cezannehr.com\/it\/#organization\"},\"keywords\":[\"Clima\",\"Cultura aziendale\",\"team\"],\"articleSection\":[\"Gestione del Personale\",\"Strategie HR\",\"Work-Life Balance\"],\"inLanguage\":\"it-IT\"},{\"@type\":\"WebPage\",\"@id\":\"https:\/\/cezannehr.com\/it\/hr-blog\/2015\/07\/gestione-dei-conflitti-dal-problema-alla-soluzione-vediamo-come\/\",\"url\":\"https:\/\/cezannehr.com\/it\/hr-blog\/2015\/07\/gestione-dei-conflitti-dal-problema-alla-soluzione-vediamo-come\/\",\"name\":\"Gestione dei conflitti: dal problema alla soluzione. Vediamo come! - Cezanne HR\",\"isPartOf\":{\"@id\":\"https:\/\/cezannehr.com\/it\/#website\"},\"datePublished\":\"2015-07-09T07:58:51+00:00\",\"dateModified\":\"2019-12-10T11:39:53+00:00\",\"description\":\"Cosa pu\u00f2 fare chi si occupa di Gestione del Personale per avere un approccio pi\u00f9 proattivo e sedare i conflitti sul nascere?\",\"breadcrumb\":{\"@id\":\"https:\/\/cezannehr.com\/it\/hr-blog\/2015\/07\/gestione-dei-conflitti-dal-problema-alla-soluzione-vediamo-come\/#breadcrumb\"},\"inLanguage\":\"it-IT\",\"potentialAction\":[{\"@type\":\"ReadAction\",\"target\":[\"https:\/\/cezannehr.com\/it\/hr-blog\/2015\/07\/gestione-dei-conflitti-dal-problema-alla-soluzione-vediamo-come\/\"]}]},{\"@type\":\"BreadcrumbList\",\"@id\":\"https:\/\/cezannehr.com\/it\/hr-blog\/2015\/07\/gestione-dei-conflitti-dal-problema-alla-soluzione-vediamo-come\/#breadcrumb\",\"itemListElement\":[{\"@type\":\"ListItem\",\"position\":1,\"name\":\"Software HR\",\"item\":\"https:\/\/cezannehr.com\/it\/\"},{\"@type\":\"ListItem\",\"position\":2,\"name\":\"Gestione dei conflitti: dal problema alla soluzione. Vediamo come!\"}]},{\"@type\":\"WebSite\",\"@id\":\"https:\/\/cezannehr.com\/it\/#website\",\"url\":\"https:\/\/cezannehr.com\/it\/\",\"name\":\"Cezanne HR\",\"description\":\"Software Gestione delle Risorse Umane\",\"publisher\":{\"@id\":\"https:\/\/cezannehr.com\/it\/#organization\"},\"potentialAction\":[{\"@type\":\"SearchAction\",\"target\":{\"@type\":\"EntryPoint\",\"urlTemplate\":\"https:\/\/cezannehr.com\/it\/?s={search_term_string}\"},\"query-input\":{\"@type\":\"PropertyValueSpecification\",\"valueRequired\":true,\"valueName\":\"search_term_string\"}}],\"inLanguage\":\"it-IT\"},{\"@type\":\"Organization\",\"@id\":\"https:\/\/cezannehr.com\/it\/#organization\",\"name\":\"Cezanne HR\",\"url\":\"https:\/\/cezannehr.com\/it\/\",\"logo\":{\"@type\":\"ImageObject\",\"inLanguage\":\"it-IT\",\"@id\":\"https:\/\/cezannehr.com\/it\/#\/schema\/logo\/image\/\",\"url\":\"https:\/\/cezannehr.com\/wp-content\/uploads\/2026\/01\/Cezanne_logo_2026_colour.svg\",\"contentUrl\":\"https:\/\/cezannehr.com\/wp-content\/uploads\/2026\/01\/Cezanne_logo_2026_colour.svg\",\"width\":1,\"height\":1,\"caption\":\"Cezanne HR\"},\"image\":{\"@id\":\"https:\/\/cezannehr.com\/it\/#\/schema\/logo\/image\/\"},\"sameAs\":[\"https:\/\/www.facebook.com\/CezanneHR\",\"https:\/\/x.com\/CezanneHR\",\"https:\/\/www.linkedin.com\/company\/cezanne-hr\",\"https:\/\/uk.pinterest.com\/CezanneHR\/\",\"https:\/\/www.youtube.com\/user\/CezanneHR\"],\"legalName\":\"Cezanne HR Limited\",\"contactPoint\":[{\"@type\":\"ContactPoint\",\"telephone\":\"+44-2072022727\",\"contactType\":\"customer service\"},{\"@type\":\"ContactPoint\",\"url\":\"https:\/\/support.cezannehr.com\",\"email\":\"support@cezannehr.com\",\"contactType\":\"customer support\"}]},{\"@type\":\"Person\",\"@id\":\"https:\/\/cezannehr.com\/it\/#\/schema\/person\/ab6215fdf6a0dd1736973458e89e9112\",\"name\":\"Martina Tattini\",\"image\":{\"@type\":\"ImageObject\",\"inLanguage\":\"it-IT\",\"@id\":\"https:\/\/cezannehr.com\/it\/#\/schema\/person\/image\/\",\"url\":\"https:\/\/secure.gravatar.com\/avatar\/5cf43fbee50362e3217d0aa4e96edbd332176a92a6be16d1cf5997335cfe669a?s=96&d=mm&r=g\",\"contentUrl\":\"https:\/\/secure.gravatar.com\/avatar\/5cf43fbee50362e3217d0aa4e96edbd332176a92a6be16d1cf5997335cfe669a?s=96&d=mm&r=g\",\"caption\":\"Martina Tattini\"},\"url\":\"https:\/\/cezannehr.com\/it\/hr-blog\/author\/martina-tattini\/\"}]}<\/script>\n<!-- \/ Yoast SEO Premium plugin. -->","yoast_head_json":{"title":"Gestione dei conflitti: dal problema alla soluzione. Vediamo come! - Cezanne HR","description":"Cosa pu\u00f2 fare chi si occupa di Gestione del Personale per avere un approccio pi\u00f9 proattivo e sedare i conflitti sul nascere?","robots":{"index":"index","follow":"follow","max-snippet":"max-snippet:-1","max-image-preview":"max-image-preview:large","max-video-preview":"max-video-preview:-1"},"canonical":"https:\/\/cezannehr.com\/it\/hr-blog\/2015\/07\/gestione-dei-conflitti-dal-problema-alla-soluzione-vediamo-come\/","og_locale":"it_IT","og_type":"article","og_title":"Gestione dei conflitti: dal problema alla soluzione. Vediamo come!","og_description":"Cosa pu\u00f2 fare chi si occupa di Gestione del Personale per avere un approccio pi\u00f9 proattivo e sedare i conflitti sul nascere?","og_url":"https:\/\/cezannehr.com\/it\/hr-blog\/2015\/07\/gestione-dei-conflitti-dal-problema-alla-soluzione-vediamo-come\/","og_site_name":"Cezanne HR","article_publisher":"https:\/\/www.facebook.com\/CezanneHR","article_published_time":"2015-07-09T07:58:51+00:00","article_modified_time":"2019-12-10T11:39:53+00:00","author":"Martina Tattini","twitter_card":"summary_large_image","twitter_creator":"@CezanneHR","twitter_site":"@CezanneHR","twitter_misc":{"Scritto da":"Martina Tattini","Tempo di lettura stimato":"3 minuti"},"schema":{"@context":"https:\/\/schema.org","@graph":[{"@type":"Article","@id":"https:\/\/cezannehr.com\/it\/hr-blog\/2015\/07\/gestione-dei-conflitti-dal-problema-alla-soluzione-vediamo-come\/#article","isPartOf":{"@id":"https:\/\/cezannehr.com\/it\/hr-blog\/2015\/07\/gestione-dei-conflitti-dal-problema-alla-soluzione-vediamo-come\/"},"author":{"name":"Martina Tattini","@id":"https:\/\/cezannehr.com\/it\/#\/schema\/person\/ab6215fdf6a0dd1736973458e89e9112"},"headline":"Gestione dei conflitti: dal problema alla soluzione. Vediamo come!","datePublished":"2015-07-09T07:58:51+00:00","dateModified":"2019-12-10T11:39:53+00:00","mainEntityOfPage":{"@id":"https:\/\/cezannehr.com\/it\/hr-blog\/2015\/07\/gestione-dei-conflitti-dal-problema-alla-soluzione-vediamo-come\/"},"wordCount":675,"publisher":{"@id":"https:\/\/cezannehr.com\/it\/#organization"},"keywords":["Clima","Cultura aziendale","team"],"articleSection":["Gestione del Personale","Strategie HR","Work-Life Balance"],"inLanguage":"it-IT"},{"@type":"WebPage","@id":"https:\/\/cezannehr.com\/it\/hr-blog\/2015\/07\/gestione-dei-conflitti-dal-problema-alla-soluzione-vediamo-come\/","url":"https:\/\/cezannehr.com\/it\/hr-blog\/2015\/07\/gestione-dei-conflitti-dal-problema-alla-soluzione-vediamo-come\/","name":"Gestione dei conflitti: dal problema alla soluzione. Vediamo come! - Cezanne HR","isPartOf":{"@id":"https:\/\/cezannehr.com\/it\/#website"},"datePublished":"2015-07-09T07:58:51+00:00","dateModified":"2019-12-10T11:39:53+00:00","description":"Cosa pu\u00f2 fare chi si occupa di Gestione del Personale per avere un approccio pi\u00f9 proattivo e sedare i conflitti sul nascere?","breadcrumb":{"@id":"https:\/\/cezannehr.com\/it\/hr-blog\/2015\/07\/gestione-dei-conflitti-dal-problema-alla-soluzione-vediamo-come\/#breadcrumb"},"inLanguage":"it-IT","potentialAction":[{"@type":"ReadAction","target":["https:\/\/cezannehr.com\/it\/hr-blog\/2015\/07\/gestione-dei-conflitti-dal-problema-alla-soluzione-vediamo-come\/"]}]},{"@type":"BreadcrumbList","@id":"https:\/\/cezannehr.com\/it\/hr-blog\/2015\/07\/gestione-dei-conflitti-dal-problema-alla-soluzione-vediamo-come\/#breadcrumb","itemListElement":[{"@type":"ListItem","position":1,"name":"Software HR","item":"https:\/\/cezannehr.com\/it\/"},{"@type":"ListItem","position":2,"name":"Gestione dei conflitti: dal problema alla soluzione. Vediamo come!"}]},{"@type":"WebSite","@id":"https:\/\/cezannehr.com\/it\/#website","url":"https:\/\/cezannehr.com\/it\/","name":"Cezanne HR","description":"Software Gestione delle Risorse Umane","publisher":{"@id":"https:\/\/cezannehr.com\/it\/#organization"},"potentialAction":[{"@type":"SearchAction","target":{"@type":"EntryPoint","urlTemplate":"https:\/\/cezannehr.com\/it\/?s={search_term_string}"},"query-input":{"@type":"PropertyValueSpecification","valueRequired":true,"valueName":"search_term_string"}}],"inLanguage":"it-IT"},{"@type":"Organization","@id":"https:\/\/cezannehr.com\/it\/#organization","name":"Cezanne HR","url":"https:\/\/cezannehr.com\/it\/","logo":{"@type":"ImageObject","inLanguage":"it-IT","@id":"https:\/\/cezannehr.com\/it\/#\/schema\/logo\/image\/","url":"https:\/\/cezannehr.com\/wp-content\/uploads\/2026\/01\/Cezanne_logo_2026_colour.svg","contentUrl":"https:\/\/cezannehr.com\/wp-content\/uploads\/2026\/01\/Cezanne_logo_2026_colour.svg","width":1,"height":1,"caption":"Cezanne HR"},"image":{"@id":"https:\/\/cezannehr.com\/it\/#\/schema\/logo\/image\/"},"sameAs":["https:\/\/www.facebook.com\/CezanneHR","https:\/\/x.com\/CezanneHR","https:\/\/www.linkedin.com\/company\/cezanne-hr","https:\/\/uk.pinterest.com\/CezanneHR\/","https:\/\/www.youtube.com\/user\/CezanneHR"],"legalName":"Cezanne HR Limited","contactPoint":[{"@type":"ContactPoint","telephone":"+44-2072022727","contactType":"customer service"},{"@type":"ContactPoint","url":"https:\/\/support.cezannehr.com","email":"support@cezannehr.com","contactType":"customer support"}]},{"@type":"Person","@id":"https:\/\/cezannehr.com\/it\/#\/schema\/person\/ab6215fdf6a0dd1736973458e89e9112","name":"Martina Tattini","image":{"@type":"ImageObject","inLanguage":"it-IT","@id":"https:\/\/cezannehr.com\/it\/#\/schema\/person\/image\/","url":"https:\/\/secure.gravatar.com\/avatar\/5cf43fbee50362e3217d0aa4e96edbd332176a92a6be16d1cf5997335cfe669a?s=96&d=mm&r=g","contentUrl":"https:\/\/secure.gravatar.com\/avatar\/5cf43fbee50362e3217d0aa4e96edbd332176a92a6be16d1cf5997335cfe669a?s=96&d=mm&r=g","caption":"Martina Tattini"},"url":"https:\/\/cezannehr.com\/it\/hr-blog\/author\/martina-tattini\/"}]}},"jetpack_featured_media_url":"","jetpack_sharing_enabled":true,"amp_enabled":true,"_links":{"self":[{"href":"https:\/\/cezannehr.com\/it\/wp-json\/wp\/v2\/posts\/18459","targetHints":{"allow":["GET"]}}],"collection":[{"href":"https:\/\/cezannehr.com\/it\/wp-json\/wp\/v2\/posts"}],"about":[{"href":"https:\/\/cezannehr.com\/it\/wp-json\/wp\/v2\/types\/post"}],"author":[{"embeddable":true,"href":"https:\/\/cezannehr.com\/it\/wp-json\/wp\/v2\/users\/50"}],"replies":[{"embeddable":true,"href":"https:\/\/cezannehr.com\/it\/wp-json\/wp\/v2\/comments?post=18459"}],"version-history":[{"count":0,"href":"https:\/\/cezannehr.com\/it\/wp-json\/wp\/v2\/posts\/18459\/revisions"}],"wp:attachment":[{"href":"https:\/\/cezannehr.com\/it\/wp-json\/wp\/v2\/media?parent=18459"}],"wp:term":[{"taxonomy":"category","embeddable":true,"href":"https:\/\/cezannehr.com\/it\/wp-json\/wp\/v2\/categories?post=18459"},{"taxonomy":"post_tag","embeddable":true,"href":"https:\/\/cezannehr.com\/it\/wp-json\/wp\/v2\/tags?post=18459"}],"curies":[{"name":"wp","href":"https:\/\/api.w.org\/{rel}","templated":true}]}}