{"id":27961,"date":"2017-03-09T08:41:39","date_gmt":"2017-03-09T08:41:39","guid":{"rendered":"https:\/\/cezannehr.com\/?p=27961\/"},"modified":"2019-12-10T12:02:50","modified_gmt":"2019-12-10T12:02:50","slug":"assenze-dal-lavoro-indagare-le-motivazioni","status":"publish","type":"post","link":"https:\/\/cezannehr.com\/it\/hr-blog\/2017\/03\/assenze-dal-lavoro-indagare-le-motivazioni\/","title":{"rendered":"Assenze dal lavoro: indagare le motivazioni"},"content":{"rendered":"<p>Chiunque si occupi di risorse umane in azienda sa bene che uno dei compiti pi\u00f9 difficili che deve affrontare \u00e8 quello della gestione delle assenze dei dipendenti.<\/p>\n<p>Non parliamo solo degli aspetti pi\u00f9 amministrativi e burocratici come saper tenere il conto e dare informazioni ai dipendenti sul residuo ferie, piuttosto che organizzare le ferie estive o di Natale in modo da assicurare la giusta copertura del lavoro o mantenere sempre approvato e rendicontato il numero di assenze, di malattie ed evitare errori nel conteggio per la formulazione delle buste-paga.<\/p>\n<p>Si tratta anche, e soprattutto, di gestire le assenze dal punto di vista organizzativo, cos\u00ec da riuscire ad impostare una gestione di ferie ed assenze soddisfacente per tutti i membri del team, dal management fino a tutti i dipendenti.<\/p>\n<p>Per farlo \u00e8 importante riuscire ad individuare i trend di assenza in modo da scoprire rapidamente eventuali situazioni poco chiare che possono essere preludio di problematiche interne allo staff.<\/p>\n<p>Il primo passo \u00e8 quindi cercare di indagare le motivazioni dell&#8217;assenza dal lavoro del personale.<\/p>\n<h4>Perch\u00e9 i miei collaboratori non vengono a lavorare?<\/h4>\n<p>Chiaramente le ragioni sono molteplici, vediamone alcune.<\/p>\n<h3>Malattia<\/h3>\n<p>In primis abbiamo le assenze per malattia: le persone non vengono a lavoro perch\u00e9 hanno un problema di salute che pu\u00f2 essere pi\u00f9 o meno grave. Cercare di comprendere, senza sfociare nell&#8217;invasione della privacy, le ragioni di queste malattie e la loro entit\u00e0 vi aiuter\u00e0 anche ad individuare pi\u00f9 rapidamente quelle instabilit\u00e0 dovute non ad un vero e proprio disagio di salute, ma ad un malessere condizionato dall\u2019ambiente di lavoro.<\/p>\n<p>Per esempio una persona che si assenta alla minima avvisaglia di raffreddore e influenza, potrebbe cogliere la palla al balzo per sfuggire ad altre problematiche che invece incontra nel contesto lavorativo; \u00e8 il tipico caso delle malattie e a breve termine che in realt\u00e0 magari sono la scusa per concedersi un giorno di riposo in pi\u00f9 senza utilizzare ferie e senza dover dichiarare apertamente l&#8217;esigenza di staccare e rilassarsi.<\/p>\n<h3>Esigenze di cura<\/h3>\n<p>Sempre pi\u00f9 forte tra le motivazioni di assenza individuiamo gli impegni di cura. In una situazione in cui spesso le politiche di Welfare sono carenti le persone si trovano ad assentarsi dal lavoro perch\u00e9 hanno a carico la gestione dei figli o di parenti anziani che non sanno, non possono e non riescono a delegare. Necessariamente quindi si trovano ad assentarsi dal lavoro: basti pensare a chi ha figli in et\u00e0 scolare non ancora abbastanza grandi per stare a casa da soli; quando questi figli si ammalano se non si hanno accanto i nonni o se non si ha la possibilit\u00e0 di rivolgersi ad una babysitter, uno dei due genitori si trova a doversi assentare dal lavoro. Lo stesso vale in caso di genitori o familiari anziani che iniziano a non essere pi\u00f9 autonomi ed hanno esigenza di essere accompagnati una visita medica piuttosto che essere aiutati con la cura della casa e la spesa.<\/p>\n<h3>Sindrome del luned\u00ec<\/h3>\n<p>Ancora, tra le cause di assenza dal lavoro possiamo elencare quella che viene chiamata sindrome del luned\u00ec: si tratta di tutte quelle assenze di chi, per esempio, si \u00e8 giustamente divertito nel fine settimana o la sera precedente e il giorno dopo ha bisogno di riprendersi.<\/p>\n<p>\u00c8 chiaro che tutti noi abbiamo diritto di sfruttare come meglio crediamo le ferie e i permessi a nostra disposizione, ma questo diventa un problema nel momento in cui non si tratta pi\u00f9 di un episodio sporadico ma di una situazione molto frequente che \u00e8 sintomo probabilmente gli altri disagi sul lavoro.<\/p>\n<p>La famosa sindrome del luned\u00ec \u00e8 quella che porta le persone ad assentarsi spessissimo proprio nella giornata di luned\u00ec perch\u00e9 faticano a trovare la forza e la giusta motivazione per rientrare al lavoro dopo il weekend.<\/p>\n<h3>Problemi sul lavoro<\/h3>\n<p>Ultimo plausibile motivo, che \u00e8 forse tra i pi\u00f9 importanti per le risorse umane sono tutte quelle assenze cui non riuscite a trovare una motivazione che magari si nascondono dietro scuse, ma che in realt\u00e0 celano una problematica forte sul posto di lavoro: problemi con gli altri membri del team o con i propri responsabili, valutazione delle performance scadenti che hanno fatto perdere motivazione ed entusiasmo alla persona, mancanza di stimoli nello svolgimento della propria attivit\u00e0 lavorativa\u2026<\/p>\n<p>Tutte queste cose chiaramente tolgono entusiasmo al collaboratore che sar\u00e0 sempre pi\u00f9 spinto a non presentarsi al lavoro ed a concedersi del tempo extra fuori dall&#8217;ufficio.<\/p>\n<p>Non \u00e8 sicuramente semplice individuare tutte queste dinamiche e situazioni, ma sicuramente <a href=\"https:\/\/cezannehr.com\/it\/software-hr\/gestione-presenze-dipendenti\/\"><strong>un buon software HR per la gestione di ferie ed assenze pu\u00f2 aiutare<\/strong><\/a>.<\/p>\n<p>Attraverso la reportistica si possono raccogliere i dati di assenza di tutto lo staff ed analizzarli per comprenderne pi\u00f9 velocemente le cause. Individuare in poco tempo determinati trend insorgenti mi aiuter\u00e0 per esempio a comprendere se vi sia una concentrazione preoccupante di assenze in determinati giorni della settimana, che magari sono legati a riunioni o progetti di un certo tipo, piuttosto che assenze pi\u00f9 elevate all&#8217;interno di un team specifico o di un dipartimento.<\/p>\n<p>Avere gi\u00e0 di fronte dei dati strutturati rende pi\u00f9 semplice notare queste dinamiche consentendo di studiare delle strategie di intervento pi\u00f9 rapide che vi aiuteranno a risolvere eventuali problemi di assenze dei dipendenti dal lavoro, prima che diventino pi\u00f9 gravi.<\/p>\n","protected":false},"excerpt":{"rendered":"<p>Chiunque si occupi di risorse umane in azienda sa bene che uno dei compiti pi\u00f9 difficili che deve affrontare \u00e8 quello della gestione delle assenze dei dipendenti. Non parliamo solo degli aspetti pi\u00f9 amministrativi e burocratici come saper tenere il [&hellip;]<\/p>\n","protected":false},"author":50,"featured_media":27962,"comment_status":"closed","ping_status":"closed","sticky":false,"template":"","format":"standard","meta":{"_acf_changed":false,"_jetpack_memberships_contains_paid_content":false,"footnotes":""},"categories":[407],"tags":[382],"class_list":{"0":"post-27961","1":"post","2":"type-post","3":"status-publish","4":"format-standard","5":"has-post-thumbnail","7":"category-gestione-ferie-e-assenze","8":"tag-assenze-dal-lavoro","9":"cz_entry"},"acf":[],"yoast_head":"<!-- This site is optimized with the Yoast SEO Premium plugin v26.3 (Yoast SEO v26.3) - https:\/\/yoast.com\/wordpress\/plugins\/seo\/ -->\n<title>Assenze dal lavoro: indagare le motivazioni - Cezanne HR<\/title>\n<meta name=\"robots\" content=\"index, follow, max-snippet:-1, max-image-preview:large, max-video-preview:-1\" \/>\n<link rel=\"canonical\" href=\"https:\/\/cezannehr.com\/it\/hr-blog\/2017\/03\/assenze-dal-lavoro-indagare-le-motivazioni\/\" \/>\n<meta property=\"og:locale\" content=\"it_IT\" \/>\n<meta property=\"og:type\" content=\"article\" \/>\n<meta property=\"og:title\" content=\"Assenze dal lavoro: indagare le motivazioni\" \/>\n<meta property=\"og:description\" content=\"Chiunque si occupi di risorse umane in azienda sa bene che uno dei compiti pi\u00f9 difficili che deve affrontare \u00e8 quello della gestione delle assenze dei dipendenti. Non parliamo solo degli aspetti pi\u00f9 amministrativi e burocratici come saper tenere il [&hellip;]\" \/>\n<meta property=\"og:url\" content=\"https:\/\/cezannehr.com\/it\/hr-blog\/2017\/03\/assenze-dal-lavoro-indagare-le-motivazioni\/\" \/>\n<meta property=\"og:site_name\" content=\"Cezanne HR\" \/>\n<meta property=\"article:publisher\" content=\"https:\/\/www.facebook.com\/CezanneHR\" \/>\n<meta property=\"article:published_time\" content=\"2017-03-09T08:41:39+00:00\" \/>\n<meta property=\"article:modified_time\" content=\"2019-12-10T12:02:50+00:00\" \/>\n<meta property=\"og:image\" content=\"https:\/\/i0.wp.com\/cezannehr.com\/wp-content\/uploads\/2017\/02\/question-mark-1566114_960_720.jpg?fit=960%2C655&ssl=1\" \/>\n\t<meta property=\"og:image:width\" content=\"960\" \/>\n\t<meta property=\"og:image:height\" content=\"655\" \/>\n\t<meta property=\"og:image:type\" content=\"image\/jpeg\" \/>\n<meta name=\"author\" content=\"Martina Tattini\" \/>\n<meta name=\"twitter:card\" content=\"summary_large_image\" \/>\n<meta name=\"twitter:creator\" content=\"@CezanneHR\" \/>\n<meta name=\"twitter:site\" content=\"@CezanneHR\" \/>\n<meta name=\"twitter:label1\" content=\"Scritto da\" \/>\n\t<meta name=\"twitter:data1\" content=\"Martina Tattini\" \/>\n\t<meta name=\"twitter:label2\" content=\"Tempo di lettura stimato\" \/>\n\t<meta name=\"twitter:data2\" content=\"4 minuti\" \/>\n<script type=\"application\/ld+json\" class=\"yoast-schema-graph\">{\"@context\":\"https:\/\/schema.org\",\"@graph\":[{\"@type\":\"Article\",\"@id\":\"https:\/\/cezannehr.com\/it\/hr-blog\/2017\/03\/assenze-dal-lavoro-indagare-le-motivazioni\/#article\",\"isPartOf\":{\"@id\":\"https:\/\/cezannehr.com\/it\/hr-blog\/2017\/03\/assenze-dal-lavoro-indagare-le-motivazioni\/\"},\"author\":{\"name\":\"Martina Tattini\",\"@id\":\"https:\/\/cezannehr.com\/it\/#\/schema\/person\/ab6215fdf6a0dd1736973458e89e9112\"},\"headline\":\"Assenze dal lavoro: indagare le motivazioni\",\"datePublished\":\"2017-03-09T08:41:39+00:00\",\"dateModified\":\"2019-12-10T12:02:50+00:00\",\"mainEntityOfPage\":{\"@id\":\"https:\/\/cezannehr.com\/it\/hr-blog\/2017\/03\/assenze-dal-lavoro-indagare-le-motivazioni\/\"},\"wordCount\":869,\"publisher\":{\"@id\":\"https:\/\/cezannehr.com\/it\/#organization\"},\"image\":{\"@id\":\"https:\/\/cezannehr.com\/it\/hr-blog\/2017\/03\/assenze-dal-lavoro-indagare-le-motivazioni\/#primaryimage\"},\"thumbnailUrl\":\"https:\/\/i0.wp.com\/cezannehr.com\/wp-content\/uploads\/2017\/02\/question-mark-1566114_960_720.jpg?fit=960%2C655&ssl=1\",\"keywords\":[\"Assenze dal lavoro\"],\"articleSection\":[\"Gestione ferie e assenze\"],\"inLanguage\":\"it-IT\"},{\"@type\":\"WebPage\",\"@id\":\"https:\/\/cezannehr.com\/it\/hr-blog\/2017\/03\/assenze-dal-lavoro-indagare-le-motivazioni\/\",\"url\":\"https:\/\/cezannehr.com\/it\/hr-blog\/2017\/03\/assenze-dal-lavoro-indagare-le-motivazioni\/\",\"name\":\"Assenze dal lavoro: indagare le motivazioni - Cezanne HR\",\"isPartOf\":{\"@id\":\"https:\/\/cezannehr.com\/it\/#website\"},\"primaryImageOfPage\":{\"@id\":\"https:\/\/cezannehr.com\/it\/hr-blog\/2017\/03\/assenze-dal-lavoro-indagare-le-motivazioni\/#primaryimage\"},\"image\":{\"@id\":\"https:\/\/cezannehr.com\/it\/hr-blog\/2017\/03\/assenze-dal-lavoro-indagare-le-motivazioni\/#primaryimage\"},\"thumbnailUrl\":\"https:\/\/i0.wp.com\/cezannehr.com\/wp-content\/uploads\/2017\/02\/question-mark-1566114_960_720.jpg?fit=960%2C655&ssl=1\",\"datePublished\":\"2017-03-09T08:41:39+00:00\",\"dateModified\":\"2019-12-10T12:02:50+00:00\",\"breadcrumb\":{\"@id\":\"https:\/\/cezannehr.com\/it\/hr-blog\/2017\/03\/assenze-dal-lavoro-indagare-le-motivazioni\/#breadcrumb\"},\"inLanguage\":\"it-IT\",\"potentialAction\":[{\"@type\":\"ReadAction\",\"target\":[\"https:\/\/cezannehr.com\/it\/hr-blog\/2017\/03\/assenze-dal-lavoro-indagare-le-motivazioni\/\"]}]},{\"@type\":\"ImageObject\",\"inLanguage\":\"it-IT\",\"@id\":\"https:\/\/cezannehr.com\/it\/hr-blog\/2017\/03\/assenze-dal-lavoro-indagare-le-motivazioni\/#primaryimage\",\"url\":\"https:\/\/i0.wp.com\/cezannehr.com\/wp-content\/uploads\/2017\/02\/question-mark-1566114_960_720.jpg?fit=960%2C655&ssl=1\",\"contentUrl\":\"https:\/\/i0.wp.com\/cezannehr.com\/wp-content\/uploads\/2017\/02\/question-mark-1566114_960_720.jpg?fit=960%2C655&ssl=1\",\"width\":960,\"height\":655,\"caption\":\"Question mark\"},{\"@type\":\"BreadcrumbList\",\"@id\":\"https:\/\/cezannehr.com\/it\/hr-blog\/2017\/03\/assenze-dal-lavoro-indagare-le-motivazioni\/#breadcrumb\",\"itemListElement\":[{\"@type\":\"ListItem\",\"position\":1,\"name\":\"Software HR\",\"item\":\"https:\/\/cezannehr.com\/it\/\"},{\"@type\":\"ListItem\",\"position\":2,\"name\":\"Assenze dal lavoro: indagare le motivazioni\"}]},{\"@type\":\"WebSite\",\"@id\":\"https:\/\/cezannehr.com\/it\/#website\",\"url\":\"https:\/\/cezannehr.com\/it\/\",\"name\":\"Cezanne HR\",\"description\":\"Software Gestione delle Risorse Umane\",\"publisher\":{\"@id\":\"https:\/\/cezannehr.com\/it\/#organization\"},\"potentialAction\":[{\"@type\":\"SearchAction\",\"target\":{\"@type\":\"EntryPoint\",\"urlTemplate\":\"https:\/\/cezannehr.com\/it\/?s={search_term_string}\"},\"query-input\":{\"@type\":\"PropertyValueSpecification\",\"valueRequired\":true,\"valueName\":\"search_term_string\"}}],\"inLanguage\":\"it-IT\"},{\"@type\":\"Organization\",\"@id\":\"https:\/\/cezannehr.com\/it\/#organization\",\"name\":\"Cezanne HR\",\"url\":\"https:\/\/cezannehr.com\/it\/\",\"logo\":{\"@type\":\"ImageObject\",\"inLanguage\":\"it-IT\",\"@id\":\"https:\/\/cezannehr.com\/it\/#\/schema\/logo\/image\/\",\"url\":\"https:\/\/cezannehr.com\/wp-content\/uploads\/2026\/01\/Cezanne_logo_2026_colour.svg\",\"contentUrl\":\"https:\/\/cezannehr.com\/wp-content\/uploads\/2026\/01\/Cezanne_logo_2026_colour.svg\",\"width\":1,\"height\":1,\"caption\":\"Cezanne HR\"},\"image\":{\"@id\":\"https:\/\/cezannehr.com\/it\/#\/schema\/logo\/image\/\"},\"sameAs\":[\"https:\/\/www.facebook.com\/CezanneHR\",\"https:\/\/x.com\/CezanneHR\",\"https:\/\/www.linkedin.com\/company\/cezanne-hr\",\"https:\/\/uk.pinterest.com\/CezanneHR\/\",\"https:\/\/www.youtube.com\/user\/CezanneHR\"],\"legalName\":\"Cezanne HR Limited\",\"contactPoint\":[{\"@type\":\"ContactPoint\",\"telephone\":\"+44-2072022727\",\"contactType\":\"customer service\"},{\"@type\":\"ContactPoint\",\"url\":\"https:\/\/support.cezannehr.com\",\"email\":\"support@cezannehr.com\",\"contactType\":\"customer support\"}]},{\"@type\":\"Person\",\"@id\":\"https:\/\/cezannehr.com\/it\/#\/schema\/person\/ab6215fdf6a0dd1736973458e89e9112\",\"name\":\"Martina Tattini\",\"image\":{\"@type\":\"ImageObject\",\"inLanguage\":\"it-IT\",\"@id\":\"https:\/\/cezannehr.com\/it\/#\/schema\/person\/image\/\",\"url\":\"https:\/\/secure.gravatar.com\/avatar\/5cf43fbee50362e3217d0aa4e96edbd332176a92a6be16d1cf5997335cfe669a?s=96&d=mm&r=g\",\"contentUrl\":\"https:\/\/secure.gravatar.com\/avatar\/5cf43fbee50362e3217d0aa4e96edbd332176a92a6be16d1cf5997335cfe669a?s=96&d=mm&r=g\",\"caption\":\"Martina Tattini\"},\"url\":\"https:\/\/cezannehr.com\/it\/hr-blog\/author\/martina-tattini\/\"}]}<\/script>\n<!-- \/ Yoast SEO Premium plugin. -->","yoast_head_json":{"title":"Assenze dal lavoro: indagare le motivazioni - Cezanne HR","robots":{"index":"index","follow":"follow","max-snippet":"max-snippet:-1","max-image-preview":"max-image-preview:large","max-video-preview":"max-video-preview:-1"},"canonical":"https:\/\/cezannehr.com\/it\/hr-blog\/2017\/03\/assenze-dal-lavoro-indagare-le-motivazioni\/","og_locale":"it_IT","og_type":"article","og_title":"Assenze dal lavoro: indagare le motivazioni","og_description":"Chiunque si occupi di risorse umane in azienda sa bene che uno dei compiti pi\u00f9 difficili che deve affrontare \u00e8 quello della gestione delle assenze dei dipendenti. Non parliamo solo degli aspetti pi\u00f9 amministrativi e burocratici come saper tenere il [&hellip;]","og_url":"https:\/\/cezannehr.com\/it\/hr-blog\/2017\/03\/assenze-dal-lavoro-indagare-le-motivazioni\/","og_site_name":"Cezanne HR","article_publisher":"https:\/\/www.facebook.com\/CezanneHR","article_published_time":"2017-03-09T08:41:39+00:00","article_modified_time":"2019-12-10T12:02:50+00:00","og_image":[{"width":960,"height":655,"url":"https:\/\/i0.wp.com\/cezannehr.com\/wp-content\/uploads\/2017\/02\/question-mark-1566114_960_720.jpg?fit=960%2C655&ssl=1","type":"image\/jpeg"}],"author":"Martina Tattini","twitter_card":"summary_large_image","twitter_creator":"@CezanneHR","twitter_site":"@CezanneHR","twitter_misc":{"Scritto da":"Martina Tattini","Tempo di lettura stimato":"4 minuti"},"schema":{"@context":"https:\/\/schema.org","@graph":[{"@type":"Article","@id":"https:\/\/cezannehr.com\/it\/hr-blog\/2017\/03\/assenze-dal-lavoro-indagare-le-motivazioni\/#article","isPartOf":{"@id":"https:\/\/cezannehr.com\/it\/hr-blog\/2017\/03\/assenze-dal-lavoro-indagare-le-motivazioni\/"},"author":{"name":"Martina Tattini","@id":"https:\/\/cezannehr.com\/it\/#\/schema\/person\/ab6215fdf6a0dd1736973458e89e9112"},"headline":"Assenze dal lavoro: indagare le motivazioni","datePublished":"2017-03-09T08:41:39+00:00","dateModified":"2019-12-10T12:02:50+00:00","mainEntityOfPage":{"@id":"https:\/\/cezannehr.com\/it\/hr-blog\/2017\/03\/assenze-dal-lavoro-indagare-le-motivazioni\/"},"wordCount":869,"publisher":{"@id":"https:\/\/cezannehr.com\/it\/#organization"},"image":{"@id":"https:\/\/cezannehr.com\/it\/hr-blog\/2017\/03\/assenze-dal-lavoro-indagare-le-motivazioni\/#primaryimage"},"thumbnailUrl":"https:\/\/i0.wp.com\/cezannehr.com\/wp-content\/uploads\/2017\/02\/question-mark-1566114_960_720.jpg?fit=960%2C655&ssl=1","keywords":["Assenze dal lavoro"],"articleSection":["Gestione ferie e assenze"],"inLanguage":"it-IT"},{"@type":"WebPage","@id":"https:\/\/cezannehr.com\/it\/hr-blog\/2017\/03\/assenze-dal-lavoro-indagare-le-motivazioni\/","url":"https:\/\/cezannehr.com\/it\/hr-blog\/2017\/03\/assenze-dal-lavoro-indagare-le-motivazioni\/","name":"Assenze dal lavoro: indagare le motivazioni - Cezanne HR","isPartOf":{"@id":"https:\/\/cezannehr.com\/it\/#website"},"primaryImageOfPage":{"@id":"https:\/\/cezannehr.com\/it\/hr-blog\/2017\/03\/assenze-dal-lavoro-indagare-le-motivazioni\/#primaryimage"},"image":{"@id":"https:\/\/cezannehr.com\/it\/hr-blog\/2017\/03\/assenze-dal-lavoro-indagare-le-motivazioni\/#primaryimage"},"thumbnailUrl":"https:\/\/i0.wp.com\/cezannehr.com\/wp-content\/uploads\/2017\/02\/question-mark-1566114_960_720.jpg?fit=960%2C655&ssl=1","datePublished":"2017-03-09T08:41:39+00:00","dateModified":"2019-12-10T12:02:50+00:00","breadcrumb":{"@id":"https:\/\/cezannehr.com\/it\/hr-blog\/2017\/03\/assenze-dal-lavoro-indagare-le-motivazioni\/#breadcrumb"},"inLanguage":"it-IT","potentialAction":[{"@type":"ReadAction","target":["https:\/\/cezannehr.com\/it\/hr-blog\/2017\/03\/assenze-dal-lavoro-indagare-le-motivazioni\/"]}]},{"@type":"ImageObject","inLanguage":"it-IT","@id":"https:\/\/cezannehr.com\/it\/hr-blog\/2017\/03\/assenze-dal-lavoro-indagare-le-motivazioni\/#primaryimage","url":"https:\/\/i0.wp.com\/cezannehr.com\/wp-content\/uploads\/2017\/02\/question-mark-1566114_960_720.jpg?fit=960%2C655&ssl=1","contentUrl":"https:\/\/i0.wp.com\/cezannehr.com\/wp-content\/uploads\/2017\/02\/question-mark-1566114_960_720.jpg?fit=960%2C655&ssl=1","width":960,"height":655,"caption":"Question mark"},{"@type":"BreadcrumbList","@id":"https:\/\/cezannehr.com\/it\/hr-blog\/2017\/03\/assenze-dal-lavoro-indagare-le-motivazioni\/#breadcrumb","itemListElement":[{"@type":"ListItem","position":1,"name":"Software HR","item":"https:\/\/cezannehr.com\/it\/"},{"@type":"ListItem","position":2,"name":"Assenze dal lavoro: indagare le motivazioni"}]},{"@type":"WebSite","@id":"https:\/\/cezannehr.com\/it\/#website","url":"https:\/\/cezannehr.com\/it\/","name":"Cezanne HR","description":"Software Gestione delle Risorse Umane","publisher":{"@id":"https:\/\/cezannehr.com\/it\/#organization"},"potentialAction":[{"@type":"SearchAction","target":{"@type":"EntryPoint","urlTemplate":"https:\/\/cezannehr.com\/it\/?s={search_term_string}"},"query-input":{"@type":"PropertyValueSpecification","valueRequired":true,"valueName":"search_term_string"}}],"inLanguage":"it-IT"},{"@type":"Organization","@id":"https:\/\/cezannehr.com\/it\/#organization","name":"Cezanne HR","url":"https:\/\/cezannehr.com\/it\/","logo":{"@type":"ImageObject","inLanguage":"it-IT","@id":"https:\/\/cezannehr.com\/it\/#\/schema\/logo\/image\/","url":"https:\/\/cezannehr.com\/wp-content\/uploads\/2026\/01\/Cezanne_logo_2026_colour.svg","contentUrl":"https:\/\/cezannehr.com\/wp-content\/uploads\/2026\/01\/Cezanne_logo_2026_colour.svg","width":1,"height":1,"caption":"Cezanne HR"},"image":{"@id":"https:\/\/cezannehr.com\/it\/#\/schema\/logo\/image\/"},"sameAs":["https:\/\/www.facebook.com\/CezanneHR","https:\/\/x.com\/CezanneHR","https:\/\/www.linkedin.com\/company\/cezanne-hr","https:\/\/uk.pinterest.com\/CezanneHR\/","https:\/\/www.youtube.com\/user\/CezanneHR"],"legalName":"Cezanne HR Limited","contactPoint":[{"@type":"ContactPoint","telephone":"+44-2072022727","contactType":"customer service"},{"@type":"ContactPoint","url":"https:\/\/support.cezannehr.com","email":"support@cezannehr.com","contactType":"customer support"}]},{"@type":"Person","@id":"https:\/\/cezannehr.com\/it\/#\/schema\/person\/ab6215fdf6a0dd1736973458e89e9112","name":"Martina Tattini","image":{"@type":"ImageObject","inLanguage":"it-IT","@id":"https:\/\/cezannehr.com\/it\/#\/schema\/person\/image\/","url":"https:\/\/secure.gravatar.com\/avatar\/5cf43fbee50362e3217d0aa4e96edbd332176a92a6be16d1cf5997335cfe669a?s=96&d=mm&r=g","contentUrl":"https:\/\/secure.gravatar.com\/avatar\/5cf43fbee50362e3217d0aa4e96edbd332176a92a6be16d1cf5997335cfe669a?s=96&d=mm&r=g","caption":"Martina Tattini"},"url":"https:\/\/cezannehr.com\/it\/hr-blog\/author\/martina-tattini\/"}]}},"jetpack_featured_media_url":"https:\/\/i0.wp.com\/cezannehr.com\/wp-content\/uploads\/2017\/02\/question-mark-1566114_960_720.jpg?fit=960%2C655&ssl=1","jetpack_sharing_enabled":true,"amp_enabled":true,"_links":{"self":[{"href":"https:\/\/cezannehr.com\/it\/wp-json\/wp\/v2\/posts\/27961","targetHints":{"allow":["GET"]}}],"collection":[{"href":"https:\/\/cezannehr.com\/it\/wp-json\/wp\/v2\/posts"}],"about":[{"href":"https:\/\/cezannehr.com\/it\/wp-json\/wp\/v2\/types\/post"}],"author":[{"embeddable":true,"href":"https:\/\/cezannehr.com\/it\/wp-json\/wp\/v2\/users\/50"}],"replies":[{"embeddable":true,"href":"https:\/\/cezannehr.com\/it\/wp-json\/wp\/v2\/comments?post=27961"}],"version-history":[{"count":0,"href":"https:\/\/cezannehr.com\/it\/wp-json\/wp\/v2\/posts\/27961\/revisions"}],"wp:featuredmedia":[{"embeddable":true,"href":"https:\/\/cezannehr.com\/it\/wp-json\/wp\/v2\/media\/27962"}],"wp:attachment":[{"href":"https:\/\/cezannehr.com\/it\/wp-json\/wp\/v2\/media?parent=27961"}],"wp:term":[{"taxonomy":"category","embeddable":true,"href":"https:\/\/cezannehr.com\/it\/wp-json\/wp\/v2\/categories?post=27961"},{"taxonomy":"post_tag","embeddable":true,"href":"https:\/\/cezannehr.com\/it\/wp-json\/wp\/v2\/tags?post=27961"}],"curies":[{"name":"wp","href":"https:\/\/api.w.org\/{rel}","templated":true}]}}