{"id":30461,"date":"2017-09-14T08:49:21","date_gmt":"2017-09-14T08:49:21","guid":{"rendered":"https:\/\/cezannehr.com\/?p=30461\/"},"modified":"2020-12-02T00:08:26","modified_gmt":"2020-12-02T00:08:26","slug":"assenteismo-dei-dipendenti-come-gestirlo","status":"publish","type":"post","link":"https:\/\/cezannehr.com\/it\/hr-blog\/2017\/09\/assenteismo-dei-dipendenti-come-gestirlo\/","title":{"rendered":"Assenteismo dei dipendenti: come gestirlo?"},"content":{"rendered":"<p>Per chi si occupa di <strong>gestione del personale di un\u2019azienda<\/strong>, \u00e8 sempre difficile comprendere quando la normale incidenza delle diverse tipologie di assenze di un dipendente stia aumentando in maniera eccessiva, sfociando in fenomeni di assenteismo su cui intervenire.<\/p>\n<p>Esistono svariate tipologie di assenze che possono indicarci l\u2019insorgere di una problematica a riguardo: <em>brevi assenze di un lavoratore durante la giornata lavorativa, ritardi costanti, abuso dei permessi, aumento improvviso delle assenze per malattia\u2026<\/em><\/p>\n<p>Ovviamente le aziende subiscono un danno dal palesarsi di questo fenomeno; proprio perch\u00e9 imprevedibili, <strong>le assenze incidono fortemente sulla produttivit\u00e0 e quindi sull\u2019andamento del business<\/strong>: bisogna intervenire tempestivamente per sostituire il collaboratore mancante, obbligando gli altri dipendenti ad un carico aumentato di lavoro o a rivedere i piani ferie gi\u00e0 stabiliti. Anche dal punto dei costi, l\u2019assenteismo ha delle conseguenze significative poich\u00e9 aumenta i costi per l\u2019organizzazione (indennit\u00e0 per malattia, calo della qualit\u00e0 produttivit\u00e0\u2026).<\/p>\n<p>Per tutte queste ragioni <strong>ogni impresa ha come priorit\u00e0 la lotta all\u2019assenteismo dei dipendenti<\/strong> e mira a mettere in atto strategie che possano ridurlo e controllarlo. Ma anche comprendere se vi sia un problema in tal senso non \u00e8 sempre semplice: <em>\u201c\u00c8 vero che le persone si assentano maggiormente o \u00e8 solo una mia sensazione? Il collaboratore X \u00e8 davvero a casa tutti i luned\u00ec o sono io che l\u2019ho preso di mira?\u201d<\/em><\/p>\n<p>\u00c8 importante avere dati certi in merito, come base di partenza per ogni analisi ed intervento futuro. <a href=\"https:\/\/cezannehr.com\/it\/software-hr\/gestione-presenze-dipendenti\/\"><strong>Utilizzare un software per la Gestione ferie ed assenze, potr\u00e0 semplificare la raccolta di questi dati.<\/strong><\/a> Ciascun dipendente pu\u00f2 infatti utilizzarlo per controllare il proprio residuo e richiedere le assenze, in modo che tutto il processo sia sempre tracciato; sempre tramite il sistema, i responsabili approvano o meno le richieste ed hanno a disposizione un archivio che consente diverse analisi e l\u2019estrazione di diverse informazioni tra cui: <em>concentrazione assenze per giorni della settimana, per reparti, assenze medie di un dipendente, rapporto tra numero assenze e giornate lavorabili, tasso di assenteismo\u2026<\/em><\/p>\n<p>Una volta in possesso di queste informazioni sulle assenze \u00e8 fondamentale individuarne le motivazioni.<\/p>\n<h3>Quali sono le cause principali dell\u2019assenteismo?<\/h3>\n<p>\u00c8 possibili distinguere due principali categorie di ragioni, quelle prettamente individuali e quelle invece legate all\u2019ambiente di lavoro.<\/p>\n<p>Le prime possono essere difficili situazioni familiari da gestire o, restando nel contesto lavorativo, una forte mancanza di stimoli professionali. Per quanto riguarda invece l\u2019ambiente di lavoro, individuiamo tra gli elementi principali un clima teso, poco stimolante e rapporti difficili con colleghi e superiori.<\/p>\n<p>Entrambe le tipologie di motivazioni, portano ad un risulto comune: <strong>dipendenti sempre pi\u00f9 stressati<\/strong>, che vivono con angoscia l\u2019idea di andare a lavoro e quindi approfittano di ogni buona occasione per assentarsi.<\/p>\n<h3>Cosa fare, quindi, per ridurre l\u2019assenteismo?<\/h3>\n<p>La prima iniziativa che management ed HR mettono solitamente in atto \u00e8 quella di inasprire i provvedimenti verso coloro che abusano delle assenze. Una scelta che nella maggior parte dei casi non porta per\u00f2 i frutti sperati. Prima di tutto \u00e8 necessario chiarire a tutti i collaboratori quali siano le policy aziendali in merito e le procedure di richiesta assenze e ferie. Un elemento fondamentale \u00e8 <strong>indagare nel profondo il fenomeno e comprenderne le cause<\/strong> attraverso colloqui individuali aperti e sinceri, in cui il dipendente possa sentirsi a suo agio ed esprimere senza timori le proprie difficolt\u00e0.<\/p>\n<p>Accade spesso che vi siano dinamiche lavorative distorte che causano forti stress ai collaboratori e, di conseguenza, l\u2019aumentare delle assenze richieste. In questo l\u2019azienda pu\u00f2 fare molto, per lavorare sul clima aziendale, ridurre le tensioni ed incentivare collaborazione e confronto. <strong>Iniziative di welfare ed attivit\u00e0 di gruppo<\/strong> agiscono a livello generale, ma \u00e8 poi necessario confrontarsi con ciascuno per comprendere come aiutarlo senza penalizzare i colleghi e l\u2019andamento del business.<\/p>\n<p>Per chi rivela di avere problematiche famigliari da gestire potrebbe essere sufficiente, laddove possibile, concedere una <strong>maggiore flessibilit\u00e0 oraria<\/strong>, purch\u00e9 tutti i compiti vengano portati a termine. In questo modo il collaboratore sapr\u00e0 di avere la fiducia del management e sar\u00e0 meno spinto ad approfittarne, trovandosi comunque a poter meglio conciliare il rapporto tra vita professionale e vita privata.<\/p>\n<p>Nei casi invece in cui la problematica emersa risulti legata totalmente al lavoro, l\u2019approccio sar\u00e0 diverso: un collaboratore che non si senta apprezzato e stimolato, non dar\u00e0 mai il massimo. \u00c8 necessario fornire <strong>costanti opportunit\u00e0 formative e di crescita<\/strong>, dedicare del tempo ad un confronto aperto sulle possibilit\u00e0 di carriera e sull\u2019andamento delle performance, cos\u00ec da<strong> individuare le strategie migliori per far s\u00ec che ogni dipendente si senta apprezzato<\/strong> e veda un futuro per s\u00e9 all\u2019interno dell\u2019impresa.<\/p>\n","protected":false},"excerpt":{"rendered":"<p>Per chi si occupa di gestione del personale di un\u2019azienda, \u00e8 sempre difficile comprendere quando la normale incidenza delle diverse tipologie di assenze di un dipendente stia aumentando in maniera eccessiva, sfociando in fenomeni di assenteismo su cui intervenire. Esistono [&hellip;]<\/p>\n","protected":false},"author":50,"featured_media":29787,"comment_status":"closed","ping_status":"closed","sticky":false,"template":"","format":"standard","meta":{"_acf_changed":false,"_jetpack_memberships_contains_paid_content":false,"footnotes":""},"categories":[407],"tags":[382,381],"class_list":{"0":"post-30461","1":"post","2":"type-post","3":"status-publish","4":"format-standard","5":"has-post-thumbnail","7":"category-gestione-ferie-e-assenze","8":"tag-assenze-dal-lavoro","9":"tag-gestione-ferie","10":"cz_entry"},"acf":[],"yoast_head":"<!-- This site is optimized with the Yoast SEO Premium plugin v26.3 (Yoast SEO v26.3) - https:\/\/yoast.com\/wordpress\/plugins\/seo\/ -->\n<title>Assenteismo dei dipendenti: come gestirlo? - Cezanne HR<\/title>\n<meta name=\"description\" content=\"Per tutte queste ragioni ogni impresa ha come priorit\u00e0 la lotta all\u2019assenteismo dei dipendenti e mira a mettere in atto strategie che possano ridurlo e controllarlo.\" \/>\n<meta name=\"robots\" content=\"index, follow, max-snippet:-1, max-image-preview:large, max-video-preview:-1\" \/>\n<link rel=\"canonical\" href=\"https:\/\/cezannehr.com\/it\/hr-blog\/2017\/09\/assenteismo-dei-dipendenti-come-gestirlo\/\" \/>\n<meta property=\"og:locale\" content=\"it_IT\" \/>\n<meta property=\"og:type\" content=\"article\" \/>\n<meta property=\"og:title\" content=\"Assenteismo dei dipendenti: come gestirlo?\" \/>\n<meta property=\"og:description\" content=\"Per tutte queste ragioni ogni impresa ha come priorit\u00e0 la lotta all\u2019assenteismo dei dipendenti e mira a mettere in atto strategie che possano ridurlo e controllarlo.\" \/>\n<meta property=\"og:url\" content=\"https:\/\/cezannehr.com\/it\/hr-blog\/2017\/09\/assenteismo-dei-dipendenti-come-gestirlo\/\" \/>\n<meta property=\"og:site_name\" content=\"Cezanne HR\" \/>\n<meta property=\"article:publisher\" content=\"https:\/\/www.facebook.com\/CezanneHR\" \/>\n<meta property=\"article:published_time\" content=\"2017-09-14T08:49:21+00:00\" \/>\n<meta property=\"article:modified_time\" content=\"2020-12-02T00:08:26+00:00\" \/>\n<meta property=\"og:image\" content=\"https:\/\/i0.wp.com\/cezannehr.com\/wp-content\/uploads\/2017\/08\/work-2005640_640.jpg?fit=640%2C427&ssl=1\" \/>\n\t<meta property=\"og:image:width\" content=\"640\" \/>\n\t<meta property=\"og:image:height\" content=\"427\" \/>\n\t<meta property=\"og:image:type\" content=\"image\/jpeg\" \/>\n<meta name=\"author\" content=\"Martina Tattini\" \/>\n<meta name=\"twitter:card\" content=\"summary_large_image\" \/>\n<meta name=\"twitter:creator\" content=\"@CezanneHR\" \/>\n<meta name=\"twitter:site\" content=\"@CezanneHR\" \/>\n<meta name=\"twitter:label1\" content=\"Scritto da\" \/>\n\t<meta name=\"twitter:data1\" content=\"Martina Tattini\" \/>\n\t<meta name=\"twitter:label2\" content=\"Tempo di lettura stimato\" \/>\n\t<meta name=\"twitter:data2\" content=\"4 minuti\" \/>\n<script type=\"application\/ld+json\" class=\"yoast-schema-graph\">{\"@context\":\"https:\/\/schema.org\",\"@graph\":[{\"@type\":\"Article\",\"@id\":\"https:\/\/cezannehr.com\/it\/hr-blog\/2017\/09\/assenteismo-dei-dipendenti-come-gestirlo\/#article\",\"isPartOf\":{\"@id\":\"https:\/\/cezannehr.com\/it\/hr-blog\/2017\/09\/assenteismo-dei-dipendenti-come-gestirlo\/\"},\"author\":{\"name\":\"Martina Tattini\",\"@id\":\"https:\/\/cezannehr.com\/it\/#\/schema\/person\/ab6215fdf6a0dd1736973458e89e9112\"},\"headline\":\"Assenteismo dei dipendenti: come gestirlo?\",\"datePublished\":\"2017-09-14T08:49:21+00:00\",\"dateModified\":\"2020-12-02T00:08:26+00:00\",\"mainEntityOfPage\":{\"@id\":\"https:\/\/cezannehr.com\/it\/hr-blog\/2017\/09\/assenteismo-dei-dipendenti-come-gestirlo\/\"},\"wordCount\":762,\"publisher\":{\"@id\":\"https:\/\/cezannehr.com\/it\/#organization\"},\"image\":{\"@id\":\"https:\/\/cezannehr.com\/it\/hr-blog\/2017\/09\/assenteismo-dei-dipendenti-come-gestirlo\/#primaryimage\"},\"thumbnailUrl\":\"https:\/\/i0.wp.com\/cezannehr.com\/wp-content\/uploads\/2017\/08\/work-2005640_640.jpg?fit=640%2C427&ssl=1\",\"keywords\":[\"Assenze dal lavoro\",\"Gestione ferie\"],\"articleSection\":[\"Gestione ferie e assenze\"],\"inLanguage\":\"it-IT\"},{\"@type\":\"WebPage\",\"@id\":\"https:\/\/cezannehr.com\/it\/hr-blog\/2017\/09\/assenteismo-dei-dipendenti-come-gestirlo\/\",\"url\":\"https:\/\/cezannehr.com\/it\/hr-blog\/2017\/09\/assenteismo-dei-dipendenti-come-gestirlo\/\",\"name\":\"Assenteismo dei dipendenti: come gestirlo? - Cezanne HR\",\"isPartOf\":{\"@id\":\"https:\/\/cezannehr.com\/it\/#website\"},\"primaryImageOfPage\":{\"@id\":\"https:\/\/cezannehr.com\/it\/hr-blog\/2017\/09\/assenteismo-dei-dipendenti-come-gestirlo\/#primaryimage\"},\"image\":{\"@id\":\"https:\/\/cezannehr.com\/it\/hr-blog\/2017\/09\/assenteismo-dei-dipendenti-come-gestirlo\/#primaryimage\"},\"thumbnailUrl\":\"https:\/\/i0.wp.com\/cezannehr.com\/wp-content\/uploads\/2017\/08\/work-2005640_640.jpg?fit=640%2C427&ssl=1\",\"datePublished\":\"2017-09-14T08:49:21+00:00\",\"dateModified\":\"2020-12-02T00:08:26+00:00\",\"description\":\"Per tutte queste ragioni ogni impresa ha come priorit\u00e0 la lotta all\u2019assenteismo dei dipendenti e mira a mettere in atto strategie che possano ridurlo e controllarlo.\",\"breadcrumb\":{\"@id\":\"https:\/\/cezannehr.com\/it\/hr-blog\/2017\/09\/assenteismo-dei-dipendenti-come-gestirlo\/#breadcrumb\"},\"inLanguage\":\"it-IT\",\"potentialAction\":[{\"@type\":\"ReadAction\",\"target\":[\"https:\/\/cezannehr.com\/it\/hr-blog\/2017\/09\/assenteismo-dei-dipendenti-come-gestirlo\/\"]}]},{\"@type\":\"ImageObject\",\"inLanguage\":\"it-IT\",\"@id\":\"https:\/\/cezannehr.com\/it\/hr-blog\/2017\/09\/assenteismo-dei-dipendenti-come-gestirlo\/#primaryimage\",\"url\":\"https:\/\/i0.wp.com\/cezannehr.com\/wp-content\/uploads\/2017\/08\/work-2005640_640.jpg?fit=640%2C427&ssl=1\",\"contentUrl\":\"https:\/\/i0.wp.com\/cezannehr.com\/wp-content\/uploads\/2017\/08\/work-2005640_640.jpg?fit=640%2C427&ssl=1\",\"width\":640,\"height\":427,\"caption\":\"Person with head in hands looking at a document\"},{\"@type\":\"BreadcrumbList\",\"@id\":\"https:\/\/cezannehr.com\/it\/hr-blog\/2017\/09\/assenteismo-dei-dipendenti-come-gestirlo\/#breadcrumb\",\"itemListElement\":[{\"@type\":\"ListItem\",\"position\":1,\"name\":\"Software HR\",\"item\":\"https:\/\/cezannehr.com\/it\/\"},{\"@type\":\"ListItem\",\"position\":2,\"name\":\"Assenteismo dei dipendenti: come gestirlo?\"}]},{\"@type\":\"WebSite\",\"@id\":\"https:\/\/cezannehr.com\/it\/#website\",\"url\":\"https:\/\/cezannehr.com\/it\/\",\"name\":\"Cezanne HR\",\"description\":\"Software Gestione delle Risorse Umane\",\"publisher\":{\"@id\":\"https:\/\/cezannehr.com\/it\/#organization\"},\"potentialAction\":[{\"@type\":\"SearchAction\",\"target\":{\"@type\":\"EntryPoint\",\"urlTemplate\":\"https:\/\/cezannehr.com\/it\/?s={search_term_string}\"},\"query-input\":{\"@type\":\"PropertyValueSpecification\",\"valueRequired\":true,\"valueName\":\"search_term_string\"}}],\"inLanguage\":\"it-IT\"},{\"@type\":\"Organization\",\"@id\":\"https:\/\/cezannehr.com\/it\/#organization\",\"name\":\"Cezanne HR\",\"url\":\"https:\/\/cezannehr.com\/it\/\",\"logo\":{\"@type\":\"ImageObject\",\"inLanguage\":\"it-IT\",\"@id\":\"https:\/\/cezannehr.com\/it\/#\/schema\/logo\/image\/\",\"url\":\"https:\/\/cezannehr.com\/wp-content\/uploads\/2026\/01\/Cezanne_logo_2026_colour.svg\",\"contentUrl\":\"https:\/\/cezannehr.com\/wp-content\/uploads\/2026\/01\/Cezanne_logo_2026_colour.svg\",\"width\":1,\"height\":1,\"caption\":\"Cezanne HR\"},\"image\":{\"@id\":\"https:\/\/cezannehr.com\/it\/#\/schema\/logo\/image\/\"},\"sameAs\":[\"https:\/\/www.facebook.com\/CezanneHR\",\"https:\/\/x.com\/CezanneHR\",\"https:\/\/www.linkedin.com\/company\/cezanne-hr\",\"https:\/\/uk.pinterest.com\/CezanneHR\/\",\"https:\/\/www.youtube.com\/user\/CezanneHR\"],\"legalName\":\"Cezanne HR Limited\",\"contactPoint\":[{\"@type\":\"ContactPoint\",\"telephone\":\"+44-2072022727\",\"contactType\":\"customer service\"},{\"@type\":\"ContactPoint\",\"url\":\"https:\/\/support.cezannehr.com\",\"email\":\"support@cezannehr.com\",\"contactType\":\"customer support\"}]},{\"@type\":\"Person\",\"@id\":\"https:\/\/cezannehr.com\/it\/#\/schema\/person\/ab6215fdf6a0dd1736973458e89e9112\",\"name\":\"Martina Tattini\",\"image\":{\"@type\":\"ImageObject\",\"inLanguage\":\"it-IT\",\"@id\":\"https:\/\/cezannehr.com\/it\/#\/schema\/person\/image\/\",\"url\":\"https:\/\/secure.gravatar.com\/avatar\/5cf43fbee50362e3217d0aa4e96edbd332176a92a6be16d1cf5997335cfe669a?s=96&d=mm&r=g\",\"contentUrl\":\"https:\/\/secure.gravatar.com\/avatar\/5cf43fbee50362e3217d0aa4e96edbd332176a92a6be16d1cf5997335cfe669a?s=96&d=mm&r=g\",\"caption\":\"Martina Tattini\"},\"url\":\"https:\/\/cezannehr.com\/it\/hr-blog\/author\/martina-tattini\/\"}]}<\/script>\n<!-- \/ Yoast SEO Premium plugin. -->","yoast_head_json":{"title":"Assenteismo dei dipendenti: come gestirlo? - Cezanne HR","description":"Per tutte queste ragioni ogni impresa ha come priorit\u00e0 la lotta all\u2019assenteismo dei dipendenti e mira a mettere in atto strategie che possano ridurlo e controllarlo.","robots":{"index":"index","follow":"follow","max-snippet":"max-snippet:-1","max-image-preview":"max-image-preview:large","max-video-preview":"max-video-preview:-1"},"canonical":"https:\/\/cezannehr.com\/it\/hr-blog\/2017\/09\/assenteismo-dei-dipendenti-come-gestirlo\/","og_locale":"it_IT","og_type":"article","og_title":"Assenteismo dei dipendenti: come gestirlo?","og_description":"Per tutte queste ragioni ogni impresa ha come priorit\u00e0 la lotta all\u2019assenteismo dei dipendenti e mira a mettere in atto strategie che possano ridurlo e controllarlo.","og_url":"https:\/\/cezannehr.com\/it\/hr-blog\/2017\/09\/assenteismo-dei-dipendenti-come-gestirlo\/","og_site_name":"Cezanne HR","article_publisher":"https:\/\/www.facebook.com\/CezanneHR","article_published_time":"2017-09-14T08:49:21+00:00","article_modified_time":"2020-12-02T00:08:26+00:00","og_image":[{"width":640,"height":427,"url":"https:\/\/i0.wp.com\/cezannehr.com\/wp-content\/uploads\/2017\/08\/work-2005640_640.jpg?fit=640%2C427&ssl=1","type":"image\/jpeg"}],"author":"Martina Tattini","twitter_card":"summary_large_image","twitter_creator":"@CezanneHR","twitter_site":"@CezanneHR","twitter_misc":{"Scritto da":"Martina Tattini","Tempo di lettura stimato":"4 minuti"},"schema":{"@context":"https:\/\/schema.org","@graph":[{"@type":"Article","@id":"https:\/\/cezannehr.com\/it\/hr-blog\/2017\/09\/assenteismo-dei-dipendenti-come-gestirlo\/#article","isPartOf":{"@id":"https:\/\/cezannehr.com\/it\/hr-blog\/2017\/09\/assenteismo-dei-dipendenti-come-gestirlo\/"},"author":{"name":"Martina Tattini","@id":"https:\/\/cezannehr.com\/it\/#\/schema\/person\/ab6215fdf6a0dd1736973458e89e9112"},"headline":"Assenteismo dei dipendenti: come gestirlo?","datePublished":"2017-09-14T08:49:21+00:00","dateModified":"2020-12-02T00:08:26+00:00","mainEntityOfPage":{"@id":"https:\/\/cezannehr.com\/it\/hr-blog\/2017\/09\/assenteismo-dei-dipendenti-come-gestirlo\/"},"wordCount":762,"publisher":{"@id":"https:\/\/cezannehr.com\/it\/#organization"},"image":{"@id":"https:\/\/cezannehr.com\/it\/hr-blog\/2017\/09\/assenteismo-dei-dipendenti-come-gestirlo\/#primaryimage"},"thumbnailUrl":"https:\/\/i0.wp.com\/cezannehr.com\/wp-content\/uploads\/2017\/08\/work-2005640_640.jpg?fit=640%2C427&ssl=1","keywords":["Assenze dal lavoro","Gestione ferie"],"articleSection":["Gestione ferie e assenze"],"inLanguage":"it-IT"},{"@type":"WebPage","@id":"https:\/\/cezannehr.com\/it\/hr-blog\/2017\/09\/assenteismo-dei-dipendenti-come-gestirlo\/","url":"https:\/\/cezannehr.com\/it\/hr-blog\/2017\/09\/assenteismo-dei-dipendenti-come-gestirlo\/","name":"Assenteismo dei dipendenti: come gestirlo? - Cezanne HR","isPartOf":{"@id":"https:\/\/cezannehr.com\/it\/#website"},"primaryImageOfPage":{"@id":"https:\/\/cezannehr.com\/it\/hr-blog\/2017\/09\/assenteismo-dei-dipendenti-come-gestirlo\/#primaryimage"},"image":{"@id":"https:\/\/cezannehr.com\/it\/hr-blog\/2017\/09\/assenteismo-dei-dipendenti-come-gestirlo\/#primaryimage"},"thumbnailUrl":"https:\/\/i0.wp.com\/cezannehr.com\/wp-content\/uploads\/2017\/08\/work-2005640_640.jpg?fit=640%2C427&ssl=1","datePublished":"2017-09-14T08:49:21+00:00","dateModified":"2020-12-02T00:08:26+00:00","description":"Per tutte queste ragioni ogni impresa ha come priorit\u00e0 la lotta all\u2019assenteismo dei dipendenti e mira a mettere in atto strategie che possano ridurlo e controllarlo.","breadcrumb":{"@id":"https:\/\/cezannehr.com\/it\/hr-blog\/2017\/09\/assenteismo-dei-dipendenti-come-gestirlo\/#breadcrumb"},"inLanguage":"it-IT","potentialAction":[{"@type":"ReadAction","target":["https:\/\/cezannehr.com\/it\/hr-blog\/2017\/09\/assenteismo-dei-dipendenti-come-gestirlo\/"]}]},{"@type":"ImageObject","inLanguage":"it-IT","@id":"https:\/\/cezannehr.com\/it\/hr-blog\/2017\/09\/assenteismo-dei-dipendenti-come-gestirlo\/#primaryimage","url":"https:\/\/i0.wp.com\/cezannehr.com\/wp-content\/uploads\/2017\/08\/work-2005640_640.jpg?fit=640%2C427&ssl=1","contentUrl":"https:\/\/i0.wp.com\/cezannehr.com\/wp-content\/uploads\/2017\/08\/work-2005640_640.jpg?fit=640%2C427&ssl=1","width":640,"height":427,"caption":"Person with head in hands looking at a document"},{"@type":"BreadcrumbList","@id":"https:\/\/cezannehr.com\/it\/hr-blog\/2017\/09\/assenteismo-dei-dipendenti-come-gestirlo\/#breadcrumb","itemListElement":[{"@type":"ListItem","position":1,"name":"Software HR","item":"https:\/\/cezannehr.com\/it\/"},{"@type":"ListItem","position":2,"name":"Assenteismo dei dipendenti: come gestirlo?"}]},{"@type":"WebSite","@id":"https:\/\/cezannehr.com\/it\/#website","url":"https:\/\/cezannehr.com\/it\/","name":"Cezanne HR","description":"Software Gestione delle Risorse Umane","publisher":{"@id":"https:\/\/cezannehr.com\/it\/#organization"},"potentialAction":[{"@type":"SearchAction","target":{"@type":"EntryPoint","urlTemplate":"https:\/\/cezannehr.com\/it\/?s={search_term_string}"},"query-input":{"@type":"PropertyValueSpecification","valueRequired":true,"valueName":"search_term_string"}}],"inLanguage":"it-IT"},{"@type":"Organization","@id":"https:\/\/cezannehr.com\/it\/#organization","name":"Cezanne HR","url":"https:\/\/cezannehr.com\/it\/","logo":{"@type":"ImageObject","inLanguage":"it-IT","@id":"https:\/\/cezannehr.com\/it\/#\/schema\/logo\/image\/","url":"https:\/\/cezannehr.com\/wp-content\/uploads\/2026\/01\/Cezanne_logo_2026_colour.svg","contentUrl":"https:\/\/cezannehr.com\/wp-content\/uploads\/2026\/01\/Cezanne_logo_2026_colour.svg","width":1,"height":1,"caption":"Cezanne HR"},"image":{"@id":"https:\/\/cezannehr.com\/it\/#\/schema\/logo\/image\/"},"sameAs":["https:\/\/www.facebook.com\/CezanneHR","https:\/\/x.com\/CezanneHR","https:\/\/www.linkedin.com\/company\/cezanne-hr","https:\/\/uk.pinterest.com\/CezanneHR\/","https:\/\/www.youtube.com\/user\/CezanneHR"],"legalName":"Cezanne HR Limited","contactPoint":[{"@type":"ContactPoint","telephone":"+44-2072022727","contactType":"customer service"},{"@type":"ContactPoint","url":"https:\/\/support.cezannehr.com","email":"support@cezannehr.com","contactType":"customer support"}]},{"@type":"Person","@id":"https:\/\/cezannehr.com\/it\/#\/schema\/person\/ab6215fdf6a0dd1736973458e89e9112","name":"Martina Tattini","image":{"@type":"ImageObject","inLanguage":"it-IT","@id":"https:\/\/cezannehr.com\/it\/#\/schema\/person\/image\/","url":"https:\/\/secure.gravatar.com\/avatar\/5cf43fbee50362e3217d0aa4e96edbd332176a92a6be16d1cf5997335cfe669a?s=96&d=mm&r=g","contentUrl":"https:\/\/secure.gravatar.com\/avatar\/5cf43fbee50362e3217d0aa4e96edbd332176a92a6be16d1cf5997335cfe669a?s=96&d=mm&r=g","caption":"Martina Tattini"},"url":"https:\/\/cezannehr.com\/it\/hr-blog\/author\/martina-tattini\/"}]}},"jetpack_featured_media_url":"https:\/\/i0.wp.com\/cezannehr.com\/wp-content\/uploads\/2017\/08\/work-2005640_640.jpg?fit=640%2C427&ssl=1","jetpack_sharing_enabled":true,"amp_enabled":true,"_links":{"self":[{"href":"https:\/\/cezannehr.com\/it\/wp-json\/wp\/v2\/posts\/30461","targetHints":{"allow":["GET"]}}],"collection":[{"href":"https:\/\/cezannehr.com\/it\/wp-json\/wp\/v2\/posts"}],"about":[{"href":"https:\/\/cezannehr.com\/it\/wp-json\/wp\/v2\/types\/post"}],"author":[{"embeddable":true,"href":"https:\/\/cezannehr.com\/it\/wp-json\/wp\/v2\/users\/50"}],"replies":[{"embeddable":true,"href":"https:\/\/cezannehr.com\/it\/wp-json\/wp\/v2\/comments?post=30461"}],"version-history":[{"count":0,"href":"https:\/\/cezannehr.com\/it\/wp-json\/wp\/v2\/posts\/30461\/revisions"}],"wp:featuredmedia":[{"embeddable":true,"href":"https:\/\/cezannehr.com\/it\/wp-json\/wp\/v2\/media\/29787"}],"wp:attachment":[{"href":"https:\/\/cezannehr.com\/it\/wp-json\/wp\/v2\/media?parent=30461"}],"wp:term":[{"taxonomy":"category","embeddable":true,"href":"https:\/\/cezannehr.com\/it\/wp-json\/wp\/v2\/categories?post=30461"},{"taxonomy":"post_tag","embeddable":true,"href":"https:\/\/cezannehr.com\/it\/wp-json\/wp\/v2\/tags?post=30461"}],"curies":[{"name":"wp","href":"https:\/\/api.w.org\/{rel}","templated":true}]}}