{"id":47049,"date":"2019-03-06T10:21:52","date_gmt":"2019-03-06T10:21:52","guid":{"rendered":"https:\/\/cezannehr.com\/?p=47049"},"modified":"2019-03-06T10:21:52","modified_gmt":"2019-03-06T10:21:52","slug":"vai-in-ferie-a-pasqua","status":"publish","type":"post","link":"https:\/\/cezannehr.com\/it\/hr-blog\/2019\/03\/vai-in-ferie-a-pasqua\/","title":{"rendered":"Vai in ferie a Pasqua?"},"content":{"rendered":"<p>Quest&#8217;anno il calendario \u00e8 molto generoso e ci regala una Pasqua perfetta per andare in vacanza. Non solo \u00e8 fine aprile e quindi il clima dovrebbe gi\u00e0 essere ottimale, ma tra Pasqua, 25 Aprile e 1 Maggio che sono festivi, per chi volesse stare via a lungo, bastano 7 giorni di ferie per concedersi una vacanza di 16 giorni, per l&#8217;esattezza dal 20 Aprile al 5 Maggio. \u00c8 vero che, come tutti i periodi festivi, vedi Natale o Agosto, sono giorni in cui voli ed hotel raddoppiano i prezzi ed ovunque si vada probabilmente si troveranno un bel po&#8217; di altri turisti, ma l&#8217;occasione \u00e8 ghiotta: le scuole sono chiuse quindi anche chi ha figli pu\u00f2 approfittarne, molti lavoratori faranno il ponte quindi le attivit\u00e0 rallentano e si pu\u00f2 sperare di andare in vacanza senza ritrovarsi affogati da arretrati al rientro.<\/p>\n<h3>Come gestire i periodi super-festivi in azienda?<\/h3>\n<p>Visto quanto detto sopra, \u00e8 molto probabile che, all&#8217;interno di un <strong>team<\/strong>, pi\u00f9 della met\u00e0 dei collaboratori desideri approfittare del periodo pasquale per staccare senza utilizzare troppe <strong>ferie<\/strong>. Tra chi \u00e8 perfettamente organizzato e richiede le <strong>assenze<\/strong> con largo anticipo e chi compra un last-minute e decide di partire 3 giorni prima di Pasqua, <strong>HR e manager<\/strong> devono cercare di accontentare pi\u00f9 <strong>dipendenti<\/strong> possibile, senza nuocere alle esigenze di <strong>business<\/strong> ed assicurandosi che le attivit\u00e0 non subiscano un arresto.<\/p>\n<p>Una volta il <strong>processo di gestione assenze<\/strong> era gestito tutto offline, tramite moduli di richiesta cartacei e <strong>calendari di team<\/strong> appesi al muro. Questo significa che ogni dipendente per conoscere il proprio residuo doveva chiedere all&#8217;<strong>ufficio risorse umane<\/strong> o consultare la busta paga, mentre i manager per sapere se approvare o meno le richieste potevano affidarsi solo al calendario, sperando fosse aggiornato. Il rischio era che i moduli andassero persi, che l&#8217;HR dimenticasse di segnare le assenze in calendario, in una situazione caotica che complicava le cose per tutti.<\/p>\n<p>Poi ci si \u00e8 modernizzati,dalla preistoria al medioevo, passando alle richieste via mail ed alla registrazione delle assenze su un foglio excel, ma i problemi sono rimasti i medesimi: una mail pu\u00f2 essere dimenticata, un foglio excel non aggiornato&#8230;<\/p>\n<p>Ma anche il medioevo \u00e8 finito fortunatamente, e siamo arrivati all&#8217;epoca moderna, in cui le innovazioni nel campo HR si susseguono ogni giorno e la <strong>tecnologia<\/strong> \u00e8 diventata ormai uno strumento di lavoro insostituibile per chi voglia <strong>gestire le risorse umane efficacemente, senza errori e sprechi di tempo<\/strong>.<\/p>\n<p><a href=\"https:\/\/cezannehr.com\/it\/software-hr\/gestione-presenze-dipendenti\/\"><strong>Tutte le aziende infatti, indipendentemente da settore e dimensione, si fanno aiutare da un Software HR nella gestione di ferie ed assenze.<\/strong><\/a><\/p>\n<p>Vediamo come funziona lato dipendente e lato manager ed HR, e soprattutto come possa ottimizzare l&#8217;organizzazione di quei periodi pieni di festivit\u00e0 in cui tutti vorrebbero andare in ferie.<\/p>\n<h3>Dipendente<\/h3>\n<p>I <strong>software HR<\/strong> di ultima generazione prevedono funzionalit\u00e0 self-service che consentono a ciascun dipendente dell&#8217;azienda di accedere al sistema, controllare i <strong>dati<\/strong> che lo riguardano ed effettuare alcune azioni; tra queste la possibilit\u00e0 di <strong>richiedere giorni di ferie ed ore di permesso<\/strong>. Prima di farlo ha la possibilit\u00e0 di consultare il proprio <strong>residuo ferie<\/strong>, automaticamente calcolato dal sistema.<\/p>\n<p>Se il collaboratore \u00e8 a casa, che parla con la compagna o gli amici delle ferie e cerca di pianificarle, pu\u00f2 accedere al<strong> software di gestione assenze<\/strong> anche da <strong>app<\/strong> installata sul suo smartphone ed inviare immediatamente una <strong>richiesta ferie<\/strong>. Le ore effettive di assenza vengono computate dal sistema che tiene gi\u00e0 conto dei giorni festivi da non considerare. Qualora la policy aziendale lo preveda, il dipendente pu\u00f2 utilizzare anche le ore accumulate in <strong>banca ore<\/strong>, anch&#8217;esse censite e conteggiate all&#8217;interno del software.<\/p>\n<h3>Approvatore<\/h3>\n<p>Ogni richiesta da parte di un dipendente attiva un <strong>workflow autorizzativo<\/strong> che notifica automaticamente la richiesta al responsabile via mail. Quest&#8217;ultimo, qualora gi\u00e0 sapesse di poter approvare la richiesta ricevuta poich\u00e9 questa non va in conflitto con altre richieste o con esigenze aziendali, potr\u00e0 approvarla direttamente dalla mail di notifica, senza avere nemmeno l&#8217;esigenza di accedere al software.<\/p>\n<p>Nel caso in cui, invece, l&#8217;approvazione richiedesse un approfondimento, pu\u00f2 fare accesso al <strong>software HR<\/strong> in qualunque momento ed ovunque si trovi; da l\u00ec, consulter\u00e0 il <strong>calendario aziendale<\/strong> per verificare la copertura dei giorni richiesti. Sul calendario infatti, non compaio solo le ferie dei membri del team, ma tutte le tipologie di assenza (<strong>maternit\u00e0, congedo parentale, malattia<\/strong>&#8230;). oltre agli eventi aziendali come <strong>trasferte, formazioni, lavoro da remoto<\/strong>&#8230;<\/p>\n<p>Per avere tutte le informazioni che gli servono ai fini dell&#8217;approvazione o meno della richiesta, potr\u00e0 eventualmente accedere al profilo del dipendente specifico per verificare se vi siano problematiche di <strong>assenteismo<\/strong>.<\/p>\n<p>In alcuni casi sar\u00e0 necessario che pi\u00f9 persone autorizzino la richiesta di assenza; questo accade quando per esempio un collaboratore lavora in pi\u00f9 team o su progetti diversi. In questi casi il workflow prevede la <strong>multi-approvazione<\/strong>, in modo da ricevere l&#8217;ok di tutte le persone coinvolte.<\/p>\n<h3>E se \u00e8 il manager ad andare in ferie?<\/h3>\n<p>Gi\u00e0, anche i manager vanno in vacanza! E sarebbe giusto che, per il periodo di assenza dall&#8217;ufficio, staccassero completamente, per tornare al lavoro ri-energizzati e senza stress. Per questo nel <strong>software di gestione ferie ed assenze<\/strong>, \u00e8 possibile impostare dei sistemi di <strong>delega<\/strong> per i workflow: se un approvatore designato dovesse essere fuori ufficio, l&#8217;approvazione sar\u00e0 delegata a dei sostituti.<\/p>\n<p>Ma vi conosciamo, e sappiamo che difficilmente riuscirete ad andare in ferie ed ignorare del tutto mail e telefonate di lavoro. Per questo \u00e8 utile utilizzare un <strong>software HR Cloud<\/strong> che, come anticipato prima, \u00e8 <strong>accessibile H 24, ovunque voi siate e da qualunque device utilizziate<\/strong>.<\/p>\n<p><a href=\"https:\/\/cezannehr.com\/it\/contatti\/\"><em>Vuoi saperne di pi\u00f9?&gt;&gt;<\/em><\/a><\/p>\n","protected":false},"excerpt":{"rendered":"<p>Quest&#8217;anno il calendario \u00e8 molto generoso e ci regala una Pasqua perfetta per andare in vacanza. Non solo \u00e8 fine aprile e quindi il clima dovrebbe gi\u00e0 essere ottimale, ma tra Pasqua, 25 Aprile e 1 Maggio che sono festivi, [&hellip;]<\/p>\n","protected":false},"author":50,"featured_media":47109,"comment_status":"open","ping_status":"open","sticky":false,"template":"","format":"standard","meta":{"_acf_changed":false,"_jetpack_memberships_contains_paid_content":false,"footnotes":""},"categories":[407],"tags":[382],"class_list":{"0":"post-47049","1":"post","2":"type-post","3":"status-publish","4":"format-standard","5":"has-post-thumbnail","7":"category-gestione-ferie-e-assenze","8":"tag-assenze-dal-lavoro","9":"cz_entry"},"acf":[],"yoast_head":"<!-- This site is optimized with the Yoast SEO Premium plugin v26.3 (Yoast SEO v26.3) - https:\/\/yoast.com\/wordpress\/plugins\/seo\/ -->\n<title>Vai in ferie a Pasqua? - Cezanne HR<\/title>\n<meta name=\"robots\" content=\"index, follow, max-snippet:-1, max-image-preview:large, max-video-preview:-1\" \/>\n<link rel=\"canonical\" href=\"https:\/\/cezannehr.com\/it\/hr-blog\/2019\/03\/vai-in-ferie-a-pasqua\/\" \/>\n<meta property=\"og:locale\" content=\"it_IT\" \/>\n<meta property=\"og:type\" content=\"article\" \/>\n<meta property=\"og:title\" content=\"Vai in ferie a Pasqua?\" \/>\n<meta property=\"og:description\" content=\"Quest&#8217;anno il calendario \u00e8 molto generoso e ci regala una Pasqua perfetta per andare in vacanza. Non solo \u00e8 fine aprile e quindi il clima dovrebbe gi\u00e0 essere ottimale, ma tra Pasqua, 25 Aprile e 1 Maggio che sono festivi, [&hellip;]\" \/>\n<meta property=\"og:url\" content=\"https:\/\/cezannehr.com\/it\/hr-blog\/2019\/03\/vai-in-ferie-a-pasqua\/\" \/>\n<meta property=\"og:site_name\" content=\"Cezanne HR\" \/>\n<meta property=\"article:publisher\" content=\"https:\/\/www.facebook.com\/CezanneHR\" \/>\n<meta property=\"article:published_time\" content=\"2019-03-06T10:21:52+00:00\" \/>\n<meta property=\"og:image\" content=\"https:\/\/i0.wp.com\/cezannehr.com\/wp-content\/uploads\/2019\/03\/apartment-1899964_960_720.jpg?fit=960%2C640&ssl=1\" \/>\n\t<meta property=\"og:image:width\" content=\"960\" \/>\n\t<meta property=\"og:image:height\" content=\"640\" \/>\n\t<meta property=\"og:image:type\" content=\"image\/jpeg\" \/>\n<meta name=\"author\" content=\"Martina Tattini\" \/>\n<meta name=\"twitter:card\" content=\"summary_large_image\" \/>\n<meta name=\"twitter:creator\" content=\"@CezanneHR\" \/>\n<meta name=\"twitter:site\" content=\"@CezanneHR\" \/>\n<meta name=\"twitter:label1\" content=\"Scritto da\" \/>\n\t<meta name=\"twitter:data1\" content=\"Martina Tattini\" \/>\n\t<meta name=\"twitter:label2\" content=\"Tempo di lettura stimato\" \/>\n\t<meta name=\"twitter:data2\" content=\"4 minuti\" \/>\n<script type=\"application\/ld+json\" class=\"yoast-schema-graph\">{\"@context\":\"https:\/\/schema.org\",\"@graph\":[{\"@type\":\"Article\",\"@id\":\"https:\/\/cezannehr.com\/it\/hr-blog\/2019\/03\/vai-in-ferie-a-pasqua\/#article\",\"isPartOf\":{\"@id\":\"https:\/\/cezannehr.com\/it\/hr-blog\/2019\/03\/vai-in-ferie-a-pasqua\/\"},\"author\":{\"name\":\"Martina Tattini\",\"@id\":\"https:\/\/cezannehr.com\/it\/#\/schema\/person\/ab6215fdf6a0dd1736973458e89e9112\"},\"headline\":\"Vai in ferie a Pasqua?\",\"datePublished\":\"2019-03-06T10:21:52+00:00\",\"mainEntityOfPage\":{\"@id\":\"https:\/\/cezannehr.com\/it\/hr-blog\/2019\/03\/vai-in-ferie-a-pasqua\/\"},\"wordCount\":922,\"commentCount\":0,\"publisher\":{\"@id\":\"https:\/\/cezannehr.com\/it\/#organization\"},\"image\":{\"@id\":\"https:\/\/cezannehr.com\/it\/hr-blog\/2019\/03\/vai-in-ferie-a-pasqua\/#primaryimage\"},\"thumbnailUrl\":\"https:\/\/i0.wp.com\/cezannehr.com\/wp-content\/uploads\/2019\/03\/apartment-1899964_960_720.jpg?fit=960%2C640&ssl=1\",\"keywords\":[\"Assenze dal lavoro\"],\"articleSection\":[\"Gestione ferie e assenze\"],\"inLanguage\":\"it-IT\",\"potentialAction\":[{\"@type\":\"CommentAction\",\"name\":\"Comment\",\"target\":[\"https:\/\/cezannehr.com\/it\/hr-blog\/2019\/03\/vai-in-ferie-a-pasqua\/#respond\"]}]},{\"@type\":\"WebPage\",\"@id\":\"https:\/\/cezannehr.com\/it\/hr-blog\/2019\/03\/vai-in-ferie-a-pasqua\/\",\"url\":\"https:\/\/cezannehr.com\/it\/hr-blog\/2019\/03\/vai-in-ferie-a-pasqua\/\",\"name\":\"Vai in ferie a Pasqua? - Cezanne HR\",\"isPartOf\":{\"@id\":\"https:\/\/cezannehr.com\/it\/#website\"},\"primaryImageOfPage\":{\"@id\":\"https:\/\/cezannehr.com\/it\/hr-blog\/2019\/03\/vai-in-ferie-a-pasqua\/#primaryimage\"},\"image\":{\"@id\":\"https:\/\/cezannehr.com\/it\/hr-blog\/2019\/03\/vai-in-ferie-a-pasqua\/#primaryimage\"},\"thumbnailUrl\":\"https:\/\/i0.wp.com\/cezannehr.com\/wp-content\/uploads\/2019\/03\/apartment-1899964_960_720.jpg?fit=960%2C640&ssl=1\",\"datePublished\":\"2019-03-06T10:21:52+00:00\",\"breadcrumb\":{\"@id\":\"https:\/\/cezannehr.com\/it\/hr-blog\/2019\/03\/vai-in-ferie-a-pasqua\/#breadcrumb\"},\"inLanguage\":\"it-IT\",\"potentialAction\":[{\"@type\":\"ReadAction\",\"target\":[\"https:\/\/cezannehr.com\/it\/hr-blog\/2019\/03\/vai-in-ferie-a-pasqua\/\"]}]},{\"@type\":\"ImageObject\",\"inLanguage\":\"it-IT\",\"@id\":\"https:\/\/cezannehr.com\/it\/hr-blog\/2019\/03\/vai-in-ferie-a-pasqua\/#primaryimage\",\"url\":\"https:\/\/i0.wp.com\/cezannehr.com\/wp-content\/uploads\/2019\/03\/apartment-1899964_960_720.jpg?fit=960%2C640&ssl=1\",\"contentUrl\":\"https:\/\/i0.wp.com\/cezannehr.com\/wp-content\/uploads\/2019\/03\/apartment-1899964_960_720.jpg?fit=960%2C640&ssl=1\",\"width\":960,\"height\":640},{\"@type\":\"BreadcrumbList\",\"@id\":\"https:\/\/cezannehr.com\/it\/hr-blog\/2019\/03\/vai-in-ferie-a-pasqua\/#breadcrumb\",\"itemListElement\":[{\"@type\":\"ListItem\",\"position\":1,\"name\":\"Software HR\",\"item\":\"https:\/\/cezannehr.com\/it\/\"},{\"@type\":\"ListItem\",\"position\":2,\"name\":\"Vai in ferie a Pasqua?\"}]},{\"@type\":\"WebSite\",\"@id\":\"https:\/\/cezannehr.com\/it\/#website\",\"url\":\"https:\/\/cezannehr.com\/it\/\",\"name\":\"Cezanne HR\",\"description\":\"Software Gestione delle Risorse Umane\",\"publisher\":{\"@id\":\"https:\/\/cezannehr.com\/it\/#organization\"},\"potentialAction\":[{\"@type\":\"SearchAction\",\"target\":{\"@type\":\"EntryPoint\",\"urlTemplate\":\"https:\/\/cezannehr.com\/it\/?s={search_term_string}\"},\"query-input\":{\"@type\":\"PropertyValueSpecification\",\"valueRequired\":true,\"valueName\":\"search_term_string\"}}],\"inLanguage\":\"it-IT\"},{\"@type\":\"Organization\",\"@id\":\"https:\/\/cezannehr.com\/it\/#organization\",\"name\":\"Cezanne HR\",\"url\":\"https:\/\/cezannehr.com\/it\/\",\"logo\":{\"@type\":\"ImageObject\",\"inLanguage\":\"it-IT\",\"@id\":\"https:\/\/cezannehr.com\/it\/#\/schema\/logo\/image\/\",\"url\":\"https:\/\/cezannehr.com\/wp-content\/uploads\/2026\/01\/Cezanne_logo_2026_colour.svg\",\"contentUrl\":\"https:\/\/cezannehr.com\/wp-content\/uploads\/2026\/01\/Cezanne_logo_2026_colour.svg\",\"width\":1,\"height\":1,\"caption\":\"Cezanne HR\"},\"image\":{\"@id\":\"https:\/\/cezannehr.com\/it\/#\/schema\/logo\/image\/\"},\"sameAs\":[\"https:\/\/www.facebook.com\/CezanneHR\",\"https:\/\/x.com\/CezanneHR\",\"https:\/\/www.linkedin.com\/company\/cezanne-hr\",\"https:\/\/uk.pinterest.com\/CezanneHR\/\",\"https:\/\/www.youtube.com\/user\/CezanneHR\"],\"legalName\":\"Cezanne HR Limited\",\"contactPoint\":[{\"@type\":\"ContactPoint\",\"telephone\":\"+44-2072022727\",\"contactType\":\"customer service\"},{\"@type\":\"ContactPoint\",\"url\":\"https:\/\/support.cezannehr.com\",\"email\":\"support@cezannehr.com\",\"contactType\":\"customer support\"}]},{\"@type\":\"Person\",\"@id\":\"https:\/\/cezannehr.com\/it\/#\/schema\/person\/ab6215fdf6a0dd1736973458e89e9112\",\"name\":\"Martina Tattini\",\"image\":{\"@type\":\"ImageObject\",\"inLanguage\":\"it-IT\",\"@id\":\"https:\/\/cezannehr.com\/it\/#\/schema\/person\/image\/\",\"url\":\"https:\/\/secure.gravatar.com\/avatar\/5cf43fbee50362e3217d0aa4e96edbd332176a92a6be16d1cf5997335cfe669a?s=96&d=mm&r=g\",\"contentUrl\":\"https:\/\/secure.gravatar.com\/avatar\/5cf43fbee50362e3217d0aa4e96edbd332176a92a6be16d1cf5997335cfe669a?s=96&d=mm&r=g\",\"caption\":\"Martina Tattini\"},\"url\":\"https:\/\/cezannehr.com\/it\/hr-blog\/author\/martina-tattini\/\"}]}<\/script>\n<!-- \/ Yoast SEO Premium plugin. -->","yoast_head_json":{"title":"Vai in ferie a Pasqua? - Cezanne HR","robots":{"index":"index","follow":"follow","max-snippet":"max-snippet:-1","max-image-preview":"max-image-preview:large","max-video-preview":"max-video-preview:-1"},"canonical":"https:\/\/cezannehr.com\/it\/hr-blog\/2019\/03\/vai-in-ferie-a-pasqua\/","og_locale":"it_IT","og_type":"article","og_title":"Vai in ferie a Pasqua?","og_description":"Quest&#8217;anno il calendario \u00e8 molto generoso e ci regala una Pasqua perfetta per andare in vacanza. Non solo \u00e8 fine aprile e quindi il clima dovrebbe gi\u00e0 essere ottimale, ma tra Pasqua, 25 Aprile e 1 Maggio che sono festivi, [&hellip;]","og_url":"https:\/\/cezannehr.com\/it\/hr-blog\/2019\/03\/vai-in-ferie-a-pasqua\/","og_site_name":"Cezanne HR","article_publisher":"https:\/\/www.facebook.com\/CezanneHR","article_published_time":"2019-03-06T10:21:52+00:00","og_image":[{"width":960,"height":640,"url":"https:\/\/i0.wp.com\/cezannehr.com\/wp-content\/uploads\/2019\/03\/apartment-1899964_960_720.jpg?fit=960%2C640&ssl=1","type":"image\/jpeg"}],"author":"Martina Tattini","twitter_card":"summary_large_image","twitter_creator":"@CezanneHR","twitter_site":"@CezanneHR","twitter_misc":{"Scritto da":"Martina Tattini","Tempo di lettura stimato":"4 minuti"},"schema":{"@context":"https:\/\/schema.org","@graph":[{"@type":"Article","@id":"https:\/\/cezannehr.com\/it\/hr-blog\/2019\/03\/vai-in-ferie-a-pasqua\/#article","isPartOf":{"@id":"https:\/\/cezannehr.com\/it\/hr-blog\/2019\/03\/vai-in-ferie-a-pasqua\/"},"author":{"name":"Martina Tattini","@id":"https:\/\/cezannehr.com\/it\/#\/schema\/person\/ab6215fdf6a0dd1736973458e89e9112"},"headline":"Vai in ferie a Pasqua?","datePublished":"2019-03-06T10:21:52+00:00","mainEntityOfPage":{"@id":"https:\/\/cezannehr.com\/it\/hr-blog\/2019\/03\/vai-in-ferie-a-pasqua\/"},"wordCount":922,"commentCount":0,"publisher":{"@id":"https:\/\/cezannehr.com\/it\/#organization"},"image":{"@id":"https:\/\/cezannehr.com\/it\/hr-blog\/2019\/03\/vai-in-ferie-a-pasqua\/#primaryimage"},"thumbnailUrl":"https:\/\/i0.wp.com\/cezannehr.com\/wp-content\/uploads\/2019\/03\/apartment-1899964_960_720.jpg?fit=960%2C640&ssl=1","keywords":["Assenze dal lavoro"],"articleSection":["Gestione ferie e assenze"],"inLanguage":"it-IT","potentialAction":[{"@type":"CommentAction","name":"Comment","target":["https:\/\/cezannehr.com\/it\/hr-blog\/2019\/03\/vai-in-ferie-a-pasqua\/#respond"]}]},{"@type":"WebPage","@id":"https:\/\/cezannehr.com\/it\/hr-blog\/2019\/03\/vai-in-ferie-a-pasqua\/","url":"https:\/\/cezannehr.com\/it\/hr-blog\/2019\/03\/vai-in-ferie-a-pasqua\/","name":"Vai in ferie a Pasqua? - Cezanne HR","isPartOf":{"@id":"https:\/\/cezannehr.com\/it\/#website"},"primaryImageOfPage":{"@id":"https:\/\/cezannehr.com\/it\/hr-blog\/2019\/03\/vai-in-ferie-a-pasqua\/#primaryimage"},"image":{"@id":"https:\/\/cezannehr.com\/it\/hr-blog\/2019\/03\/vai-in-ferie-a-pasqua\/#primaryimage"},"thumbnailUrl":"https:\/\/i0.wp.com\/cezannehr.com\/wp-content\/uploads\/2019\/03\/apartment-1899964_960_720.jpg?fit=960%2C640&ssl=1","datePublished":"2019-03-06T10:21:52+00:00","breadcrumb":{"@id":"https:\/\/cezannehr.com\/it\/hr-blog\/2019\/03\/vai-in-ferie-a-pasqua\/#breadcrumb"},"inLanguage":"it-IT","potentialAction":[{"@type":"ReadAction","target":["https:\/\/cezannehr.com\/it\/hr-blog\/2019\/03\/vai-in-ferie-a-pasqua\/"]}]},{"@type":"ImageObject","inLanguage":"it-IT","@id":"https:\/\/cezannehr.com\/it\/hr-blog\/2019\/03\/vai-in-ferie-a-pasqua\/#primaryimage","url":"https:\/\/i0.wp.com\/cezannehr.com\/wp-content\/uploads\/2019\/03\/apartment-1899964_960_720.jpg?fit=960%2C640&ssl=1","contentUrl":"https:\/\/i0.wp.com\/cezannehr.com\/wp-content\/uploads\/2019\/03\/apartment-1899964_960_720.jpg?fit=960%2C640&ssl=1","width":960,"height":640},{"@type":"BreadcrumbList","@id":"https:\/\/cezannehr.com\/it\/hr-blog\/2019\/03\/vai-in-ferie-a-pasqua\/#breadcrumb","itemListElement":[{"@type":"ListItem","position":1,"name":"Software HR","item":"https:\/\/cezannehr.com\/it\/"},{"@type":"ListItem","position":2,"name":"Vai in ferie a Pasqua?"}]},{"@type":"WebSite","@id":"https:\/\/cezannehr.com\/it\/#website","url":"https:\/\/cezannehr.com\/it\/","name":"Cezanne HR","description":"Software Gestione delle Risorse Umane","publisher":{"@id":"https:\/\/cezannehr.com\/it\/#organization"},"potentialAction":[{"@type":"SearchAction","target":{"@type":"EntryPoint","urlTemplate":"https:\/\/cezannehr.com\/it\/?s={search_term_string}"},"query-input":{"@type":"PropertyValueSpecification","valueRequired":true,"valueName":"search_term_string"}}],"inLanguage":"it-IT"},{"@type":"Organization","@id":"https:\/\/cezannehr.com\/it\/#organization","name":"Cezanne HR","url":"https:\/\/cezannehr.com\/it\/","logo":{"@type":"ImageObject","inLanguage":"it-IT","@id":"https:\/\/cezannehr.com\/it\/#\/schema\/logo\/image\/","url":"https:\/\/cezannehr.com\/wp-content\/uploads\/2026\/01\/Cezanne_logo_2026_colour.svg","contentUrl":"https:\/\/cezannehr.com\/wp-content\/uploads\/2026\/01\/Cezanne_logo_2026_colour.svg","width":1,"height":1,"caption":"Cezanne HR"},"image":{"@id":"https:\/\/cezannehr.com\/it\/#\/schema\/logo\/image\/"},"sameAs":["https:\/\/www.facebook.com\/CezanneHR","https:\/\/x.com\/CezanneHR","https:\/\/www.linkedin.com\/company\/cezanne-hr","https:\/\/uk.pinterest.com\/CezanneHR\/","https:\/\/www.youtube.com\/user\/CezanneHR"],"legalName":"Cezanne HR Limited","contactPoint":[{"@type":"ContactPoint","telephone":"+44-2072022727","contactType":"customer service"},{"@type":"ContactPoint","url":"https:\/\/support.cezannehr.com","email":"support@cezannehr.com","contactType":"customer support"}]},{"@type":"Person","@id":"https:\/\/cezannehr.com\/it\/#\/schema\/person\/ab6215fdf6a0dd1736973458e89e9112","name":"Martina Tattini","image":{"@type":"ImageObject","inLanguage":"it-IT","@id":"https:\/\/cezannehr.com\/it\/#\/schema\/person\/image\/","url":"https:\/\/secure.gravatar.com\/avatar\/5cf43fbee50362e3217d0aa4e96edbd332176a92a6be16d1cf5997335cfe669a?s=96&d=mm&r=g","contentUrl":"https:\/\/secure.gravatar.com\/avatar\/5cf43fbee50362e3217d0aa4e96edbd332176a92a6be16d1cf5997335cfe669a?s=96&d=mm&r=g","caption":"Martina Tattini"},"url":"https:\/\/cezannehr.com\/it\/hr-blog\/author\/martina-tattini\/"}]}},"jetpack_featured_media_url":"https:\/\/i0.wp.com\/cezannehr.com\/wp-content\/uploads\/2019\/03\/apartment-1899964_960_720.jpg?fit=960%2C640&ssl=1","jetpack_sharing_enabled":true,"amp_enabled":true,"_links":{"self":[{"href":"https:\/\/cezannehr.com\/it\/wp-json\/wp\/v2\/posts\/47049","targetHints":{"allow":["GET"]}}],"collection":[{"href":"https:\/\/cezannehr.com\/it\/wp-json\/wp\/v2\/posts"}],"about":[{"href":"https:\/\/cezannehr.com\/it\/wp-json\/wp\/v2\/types\/post"}],"author":[{"embeddable":true,"href":"https:\/\/cezannehr.com\/it\/wp-json\/wp\/v2\/users\/50"}],"replies":[{"embeddable":true,"href":"https:\/\/cezannehr.com\/it\/wp-json\/wp\/v2\/comments?post=47049"}],"version-history":[{"count":0,"href":"https:\/\/cezannehr.com\/it\/wp-json\/wp\/v2\/posts\/47049\/revisions"}],"wp:featuredmedia":[{"embeddable":true,"href":"https:\/\/cezannehr.com\/it\/wp-json\/wp\/v2\/media\/47109"}],"wp:attachment":[{"href":"https:\/\/cezannehr.com\/it\/wp-json\/wp\/v2\/media?parent=47049"}],"wp:term":[{"taxonomy":"category","embeddable":true,"href":"https:\/\/cezannehr.com\/it\/wp-json\/wp\/v2\/categories?post=47049"},{"taxonomy":"post_tag","embeddable":true,"href":"https:\/\/cezannehr.com\/it\/wp-json\/wp\/v2\/tags?post=47049"}],"curies":[{"name":"wp","href":"https:\/\/api.w.org\/{rel}","templated":true}]}}