{"id":76971,"date":"2023-06-21T14:34:55","date_gmt":"2023-06-21T14:34:55","guid":{"rendered":"https:\/\/cezannehr.com\/?p=76971"},"modified":"2025-03-20T16:39:30","modified_gmt":"2025-03-20T16:39:30","slug":"gestire-i-carichi-di-lavoro-durante-il-periodo-estivo-consigli-per-una-produttivita-equilibrata","status":"publish","type":"post","link":"https:\/\/cezannehr.com\/it\/hr-blog\/2023\/06\/gestire-i-carichi-di-lavoro-durante-il-periodo-estivo-consigli-per-una-produttivita-equilibrata\/","title":{"rendered":"Consigli per una produttivit\u00e0 equilibrata"},"content":{"rendered":"<p>L&#8217;estate \u00e8 una stagione attesa da tutti: giornate pi\u00f9 lunghe, clima mite e una sensazione di relax nell&#8217;aria. Tuttavia, per molti professionisti, il periodo estivo pu\u00f2 comportare sfide aggiuntive per quanto riguarda i <strong>carichi di lavoro<\/strong>. Mentre alcuni dipendenti si godono le ferie, altri devono affrontare un aumento della pressione e delle responsabilit\u00e0. In questo articolo, esploreremo alcune strategie per gestire in modo efficace i carichi di lavoro durante il periodo estivo, al fine di mantenere un <strong>equilibrio tra produttivit\u00e0 e benessere<\/strong>.<\/p>\n<h3>Pianificazione anticipata<\/h3>\n<p>Una delle chiavi per gestire i carichi di lavoro durante il periodo estivo \u00e8 la pianificazione anticipata. Valuta i progetti e le scadenze previste per il periodo estivo e assegna risorse in modo equo. Identifica i dipendenti che potrebbero avere bisogno di ferie o che hanno impegni personali e cerca di <strong>organizzare la distribuzione del lavoro<\/strong> in base alle disponibilit\u00e0 di ciascuno.<\/p>\n<h3>Comunicazione e collaborazione<\/h3>\n<p>Mantenere una comunicazione chiara e aperta con il team \u00e8 fondamentale per garantire un equilibrio dei carichi di lavoro. Fai in modo che tutti siano consapevoli delle priorit\u00e0 e delle scadenze e incoraggia una <strong>cultura di collaborazione<\/strong>. Se necessario, organizza incontri\u00a0 regolari per aggiornare lo stato dei progetti e identificare eventuali ostacoli o sfide.<\/p>\n<h3>Automatizzazione e delega<\/h3>\n<p>Durante il periodo estivo, sfrutta al massimo le opportunit\u00e0 di automatizzare i processi e delegare le responsabilit\u00e0 non critiche. L&#8217;automatizzazione pu\u00f2 semplificare le attivit\u00e0 ripetitive, consentendo ai dipendenti di concentrarsi su compiti a maggior valore aggiunto. Delega le mansioni non urgenti a colleghi o membri del team, riducendo cos\u00ec il carico di lavoro complessivo. Se ancora non \u00e8 stato introdotto, potrebbe essere un buon momento per implementare in azienda un<a href=\"https:\/\/cezannehr.com\/it\/software-hr\/\"> software per la gestione HR<\/a> che semplifichi la <strong>gestione del day-to-day<\/strong>.<\/p>\n<h3>Flessibilit\u00e0 nel lavoro<\/h3>\n<p>Se non \u00e8 gi\u00e0 una consuetudine, considera l&#8217;opzione di implementare <strong>orari di lavoro flessibili<\/strong> o il <strong>lavoro in remoto<\/strong> durante il periodo estivo, se possibile. Ci\u00f2 consentir\u00e0 ai dipendenti di conciliare meglio il lavoro con gli impegni personali e promuover\u00e0 una maggiore produttivit\u00e0. La flessibilit\u00e0 pu\u00f2 anche aiutare a ridurre lo stress e a mantenere un <strong>ambiente di lavoro positivo<\/strong>.<\/p>\n<h3>Mantenere l&#8217;equilibrio tra lavoro e vita personale<\/h3>\n<p>Anche durante i periodi di maggiore carico di lavoro, \u00e8 essenziale che i dipendenti mantengano un equilibrio tra lavoro e vita personale. Incoraggia l&#8217;utilizzo delle <strong>ferie<\/strong> ed incentiva pause regolari per prevenire l&#8217;esaurimento e il burnout. Promuovi un ambiente di lavoro sano e supporta il benessere dei dipendenti offrendo programmi di gestione dello stress, attivit\u00e0 ricreative o momenti di relax all&#8217;interno dell&#8217;ufficio.<\/p>\n<p>Gestire i carichi di lavoro durante il periodo estivo pu\u00f2 essere una sfida. Una pianificazione anticipata, una comunicazione efficace e una mentalit\u00e0 di flessibilit\u00e0, possono garantire una produttivit\u00e0 equilibrata. Promuovi un ambiente di lavoro collaborativo e che sostenga il benessere dei dipendenti. In questo modo ti assicuri che tutti possano godere appieno del periodo estivo senza compromettere la qualit\u00e0 del lavoro. Ricorda che un equilibrio sano tra lavoro e vita personale \u00e8 fondamentale per il successo a lungo termine sia dei dipendenti che dell&#8217;organizzazione nel suo complesso.<\/p>\n","protected":false},"excerpt":{"rendered":"<p>L&#8217;estate \u00e8 una stagione attesa da tutti: giornate pi\u00f9 lunghe, clima mite e una sensazione di relax nell&#8217;aria. Tuttavia, per molti professionisti, il periodo estivo pu\u00f2 comportare sfide aggiuntive per quanto riguarda i carichi di lavoro. Mentre alcuni dipendenti si [&hellip;]<\/p>\n","protected":false},"author":50,"featured_media":49377,"comment_status":"closed","ping_status":"closed","sticky":false,"template":"","format":"standard","meta":{"_acf_changed":false,"_jetpack_memberships_contains_paid_content":false,"footnotes":""},"categories":[378,331],"tags":[],"class_list":{"0":"post-76971","1":"post","2":"type-post","3":"status-publish","4":"format-standard","5":"has-post-thumbnail","7":"category-software-hr","8":"category-strategie-hr","9":"cz_entry"},"acf":[],"yoast_head":"<!-- This site is optimized with the Yoast SEO Premium plugin v26.3 (Yoast SEO v26.3) - https:\/\/yoast.com\/wordpress\/plugins\/seo\/ -->\n<title>Gestire i carichi di lavoro in estate | Cezanne HR<\/title>\n<meta name=\"description\" content=\"Esploreriamo le strategie per gestire i carichi di lavoro estivi, al fine di mantenere un equilibrio tra produttivit\u00e0 e benessere.\" \/>\n<meta name=\"robots\" content=\"index, follow, max-snippet:-1, max-image-preview:large, max-video-preview:-1\" \/>\n<link rel=\"canonical\" href=\"https:\/\/cezannehr.com\/it\/hr-blog\/2023\/06\/gestire-i-carichi-di-lavoro-durante-il-periodo-estivo-consigli-per-una-produttivita-equilibrata\/\" \/>\n<meta property=\"og:locale\" content=\"it_IT\" \/>\n<meta property=\"og:type\" content=\"article\" \/>\n<meta property=\"og:title\" content=\"Consigli per una produttivit\u00e0 equilibrata\" \/>\n<meta property=\"og:description\" content=\"Esploreriamo le strategie per gestire i carichi di lavoro estivi, al fine di mantenere un equilibrio tra produttivit\u00e0 e benessere.\" \/>\n<meta property=\"og:url\" content=\"https:\/\/cezannehr.com\/it\/hr-blog\/2023\/06\/gestire-i-carichi-di-lavoro-durante-il-periodo-estivo-consigli-per-una-produttivita-equilibrata\/\" \/>\n<meta property=\"og:site_name\" content=\"Cezanne HR\" \/>\n<meta property=\"article:publisher\" content=\"https:\/\/www.facebook.com\/CezanneHR\" \/>\n<meta property=\"article:published_time\" content=\"2023-06-21T14:34:55+00:00\" \/>\n<meta property=\"article:modified_time\" content=\"2025-03-20T16:39:30+00:00\" \/>\n<meta property=\"og:image\" content=\"https:\/\/cezannehr.com\/wp-content\/uploads\/2019\/07\/Summer-reading-list.png\" \/>\n\t<meta property=\"og:image:width\" content=\"624\" \/>\n\t<meta property=\"og:image:height\" content=\"351\" \/>\n\t<meta property=\"og:image:type\" content=\"image\/png\" \/>\n<meta name=\"author\" content=\"Martina Tattini\" \/>\n<meta name=\"twitter:card\" content=\"summary_large_image\" \/>\n<meta name=\"twitter:creator\" content=\"@CezanneHR\" \/>\n<meta name=\"twitter:site\" content=\"@CezanneHR\" \/>\n<meta name=\"twitter:label1\" content=\"Scritto da\" \/>\n\t<meta name=\"twitter:data1\" content=\"Martina Tattini\" \/>\n\t<meta name=\"twitter:label2\" content=\"Tempo di lettura stimato\" \/>\n\t<meta name=\"twitter:data2\" content=\"3 minuti\" \/>\n<script type=\"application\/ld+json\" class=\"yoast-schema-graph\">{\"@context\":\"https:\/\/schema.org\",\"@graph\":[{\"@type\":\"Article\",\"@id\":\"https:\/\/cezannehr.com\/it\/hr-blog\/2023\/06\/gestire-i-carichi-di-lavoro-durante-il-periodo-estivo-consigli-per-una-produttivita-equilibrata\/#article\",\"isPartOf\":{\"@id\":\"https:\/\/cezannehr.com\/it\/hr-blog\/2023\/06\/gestire-i-carichi-di-lavoro-durante-il-periodo-estivo-consigli-per-una-produttivita-equilibrata\/\"},\"author\":{\"name\":\"Martina Tattini\",\"@id\":\"https:\/\/cezannehr.com\/it\/#\/schema\/person\/ab6215fdf6a0dd1736973458e89e9112\"},\"headline\":\"Consigli per una produttivit\u00e0 equilibrata\",\"datePublished\":\"2023-06-21T14:34:55+00:00\",\"dateModified\":\"2025-03-20T16:39:30+00:00\",\"mainEntityOfPage\":{\"@id\":\"https:\/\/cezannehr.com\/it\/hr-blog\/2023\/06\/gestire-i-carichi-di-lavoro-durante-il-periodo-estivo-consigli-per-una-produttivita-equilibrata\/\"},\"wordCount\":514,\"publisher\":{\"@id\":\"https:\/\/cezannehr.com\/it\/#organization\"},\"image\":{\"@id\":\"https:\/\/cezannehr.com\/it\/hr-blog\/2023\/06\/gestire-i-carichi-di-lavoro-durante-il-periodo-estivo-consigli-per-una-produttivita-equilibrata\/#primaryimage\"},\"thumbnailUrl\":\"https:\/\/i0.wp.com\/cezannehr.com\/wp-content\/uploads\/2019\/07\/Summer-reading-list.png?fit=624%2C351&ssl=1\",\"articleSection\":[\"Software HR\",\"Strategie HR\"],\"inLanguage\":\"it-IT\"},{\"@type\":\"WebPage\",\"@id\":\"https:\/\/cezannehr.com\/it\/hr-blog\/2023\/06\/gestire-i-carichi-di-lavoro-durante-il-periodo-estivo-consigli-per-una-produttivita-equilibrata\/\",\"url\":\"https:\/\/cezannehr.com\/it\/hr-blog\/2023\/06\/gestire-i-carichi-di-lavoro-durante-il-periodo-estivo-consigli-per-una-produttivita-equilibrata\/\",\"name\":\"Gestire i carichi di lavoro in estate | Cezanne HR\",\"isPartOf\":{\"@id\":\"https:\/\/cezannehr.com\/it\/#website\"},\"primaryImageOfPage\":{\"@id\":\"https:\/\/cezannehr.com\/it\/hr-blog\/2023\/06\/gestire-i-carichi-di-lavoro-durante-il-periodo-estivo-consigli-per-una-produttivita-equilibrata\/#primaryimage\"},\"image\":{\"@id\":\"https:\/\/cezannehr.com\/it\/hr-blog\/2023\/06\/gestire-i-carichi-di-lavoro-durante-il-periodo-estivo-consigli-per-una-produttivita-equilibrata\/#primaryimage\"},\"thumbnailUrl\":\"https:\/\/i0.wp.com\/cezannehr.com\/wp-content\/uploads\/2019\/07\/Summer-reading-list.png?fit=624%2C351&ssl=1\",\"datePublished\":\"2023-06-21T14:34:55+00:00\",\"dateModified\":\"2025-03-20T16:39:30+00:00\",\"description\":\"Esploreriamo le strategie per gestire i carichi di lavoro estivi, al fine di mantenere un equilibrio tra produttivit\u00e0 e benessere.\",\"breadcrumb\":{\"@id\":\"https:\/\/cezannehr.com\/it\/hr-blog\/2023\/06\/gestire-i-carichi-di-lavoro-durante-il-periodo-estivo-consigli-per-una-produttivita-equilibrata\/#breadcrumb\"},\"inLanguage\":\"it-IT\",\"potentialAction\":[{\"@type\":\"ReadAction\",\"target\":[\"https:\/\/cezannehr.com\/it\/hr-blog\/2023\/06\/gestire-i-carichi-di-lavoro-durante-il-periodo-estivo-consigli-per-una-produttivita-equilibrata\/\"]}]},{\"@type\":\"ImageObject\",\"inLanguage\":\"it-IT\",\"@id\":\"https:\/\/cezannehr.com\/it\/hr-blog\/2023\/06\/gestire-i-carichi-di-lavoro-durante-il-periodo-estivo-consigli-per-una-produttivita-equilibrata\/#primaryimage\",\"url\":\"https:\/\/i0.wp.com\/cezannehr.com\/wp-content\/uploads\/2019\/07\/Summer-reading-list.png?fit=624%2C351&ssl=1\",\"contentUrl\":\"https:\/\/i0.wp.com\/cezannehr.com\/wp-content\/uploads\/2019\/07\/Summer-reading-list.png?fit=624%2C351&ssl=1\",\"width\":624,\"height\":351,\"caption\":\"Illustration of woman sunbathing reading a book\"},{\"@type\":\"BreadcrumbList\",\"@id\":\"https:\/\/cezannehr.com\/it\/hr-blog\/2023\/06\/gestire-i-carichi-di-lavoro-durante-il-periodo-estivo-consigli-per-una-produttivita-equilibrata\/#breadcrumb\",\"itemListElement\":[{\"@type\":\"ListItem\",\"position\":1,\"name\":\"Software HR\",\"item\":\"https:\/\/cezannehr.com\/it\/\"},{\"@type\":\"ListItem\",\"position\":2,\"name\":\"Consigli per una produttivit\u00e0 equilibrata\"}]},{\"@type\":\"WebSite\",\"@id\":\"https:\/\/cezannehr.com\/it\/#website\",\"url\":\"https:\/\/cezannehr.com\/it\/\",\"name\":\"Cezanne HR\",\"description\":\"Software Gestione delle Risorse Umane\",\"publisher\":{\"@id\":\"https:\/\/cezannehr.com\/it\/#organization\"},\"potentialAction\":[{\"@type\":\"SearchAction\",\"target\":{\"@type\":\"EntryPoint\",\"urlTemplate\":\"https:\/\/cezannehr.com\/it\/?s={search_term_string}\"},\"query-input\":{\"@type\":\"PropertyValueSpecification\",\"valueRequired\":true,\"valueName\":\"search_term_string\"}}],\"inLanguage\":\"it-IT\"},{\"@type\":\"Organization\",\"@id\":\"https:\/\/cezannehr.com\/it\/#organization\",\"name\":\"Cezanne HR\",\"url\":\"https:\/\/cezannehr.com\/it\/\",\"logo\":{\"@type\":\"ImageObject\",\"inLanguage\":\"it-IT\",\"@id\":\"https:\/\/cezannehr.com\/it\/#\/schema\/logo\/image\/\",\"url\":\"https:\/\/cezannehr.com\/wp-content\/uploads\/2026\/01\/Cezanne_logo_2026_colour.svg\",\"contentUrl\":\"https:\/\/cezannehr.com\/wp-content\/uploads\/2026\/01\/Cezanne_logo_2026_colour.svg\",\"width\":1,\"height\":1,\"caption\":\"Cezanne HR\"},\"image\":{\"@id\":\"https:\/\/cezannehr.com\/it\/#\/schema\/logo\/image\/\"},\"sameAs\":[\"https:\/\/www.facebook.com\/CezanneHR\",\"https:\/\/x.com\/CezanneHR\",\"https:\/\/www.linkedin.com\/company\/cezanne-hr\",\"https:\/\/uk.pinterest.com\/CezanneHR\/\",\"https:\/\/www.youtube.com\/user\/CezanneHR\"],\"legalName\":\"Cezanne HR Limited\",\"contactPoint\":[{\"@type\":\"ContactPoint\",\"telephone\":\"+44-2072022727\",\"contactType\":\"customer service\"},{\"@type\":\"ContactPoint\",\"url\":\"https:\/\/support.cezannehr.com\",\"email\":\"support@cezannehr.com\",\"contactType\":\"customer support\"}]},{\"@type\":\"Person\",\"@id\":\"https:\/\/cezannehr.com\/it\/#\/schema\/person\/ab6215fdf6a0dd1736973458e89e9112\",\"name\":\"Martina Tattini\",\"image\":{\"@type\":\"ImageObject\",\"inLanguage\":\"it-IT\",\"@id\":\"https:\/\/cezannehr.com\/it\/#\/schema\/person\/image\/\",\"url\":\"https:\/\/secure.gravatar.com\/avatar\/5cf43fbee50362e3217d0aa4e96edbd332176a92a6be16d1cf5997335cfe669a?s=96&d=mm&r=g\",\"contentUrl\":\"https:\/\/secure.gravatar.com\/avatar\/5cf43fbee50362e3217d0aa4e96edbd332176a92a6be16d1cf5997335cfe669a?s=96&d=mm&r=g\",\"caption\":\"Martina Tattini\"},\"url\":\"https:\/\/cezannehr.com\/it\/hr-blog\/author\/martina-tattini\/\"}]}<\/script>\n<!-- \/ Yoast SEO Premium plugin. -->","yoast_head_json":{"title":"Gestire i carichi di lavoro in estate | Cezanne HR","description":"Esploreriamo le strategie per gestire i carichi di lavoro estivi, al fine di mantenere un equilibrio tra produttivit\u00e0 e benessere.","robots":{"index":"index","follow":"follow","max-snippet":"max-snippet:-1","max-image-preview":"max-image-preview:large","max-video-preview":"max-video-preview:-1"},"canonical":"https:\/\/cezannehr.com\/it\/hr-blog\/2023\/06\/gestire-i-carichi-di-lavoro-durante-il-periodo-estivo-consigli-per-una-produttivita-equilibrata\/","og_locale":"it_IT","og_type":"article","og_title":"Consigli per una produttivit\u00e0 equilibrata","og_description":"Esploreriamo le strategie per gestire i carichi di lavoro estivi, al fine di mantenere un equilibrio tra produttivit\u00e0 e benessere.","og_url":"https:\/\/cezannehr.com\/it\/hr-blog\/2023\/06\/gestire-i-carichi-di-lavoro-durante-il-periodo-estivo-consigli-per-una-produttivita-equilibrata\/","og_site_name":"Cezanne HR","article_publisher":"https:\/\/www.facebook.com\/CezanneHR","article_published_time":"2023-06-21T14:34:55+00:00","article_modified_time":"2025-03-20T16:39:30+00:00","og_image":[{"width":624,"height":351,"url":"https:\/\/cezannehr.com\/wp-content\/uploads\/2019\/07\/Summer-reading-list.png","type":"image\/png"}],"author":"Martina Tattini","twitter_card":"summary_large_image","twitter_creator":"@CezanneHR","twitter_site":"@CezanneHR","twitter_misc":{"Scritto da":"Martina Tattini","Tempo di lettura stimato":"3 minuti"},"schema":{"@context":"https:\/\/schema.org","@graph":[{"@type":"Article","@id":"https:\/\/cezannehr.com\/it\/hr-blog\/2023\/06\/gestire-i-carichi-di-lavoro-durante-il-periodo-estivo-consigli-per-una-produttivita-equilibrata\/#article","isPartOf":{"@id":"https:\/\/cezannehr.com\/it\/hr-blog\/2023\/06\/gestire-i-carichi-di-lavoro-durante-il-periodo-estivo-consigli-per-una-produttivita-equilibrata\/"},"author":{"name":"Martina Tattini","@id":"https:\/\/cezannehr.com\/it\/#\/schema\/person\/ab6215fdf6a0dd1736973458e89e9112"},"headline":"Consigli per una produttivit\u00e0 equilibrata","datePublished":"2023-06-21T14:34:55+00:00","dateModified":"2025-03-20T16:39:30+00:00","mainEntityOfPage":{"@id":"https:\/\/cezannehr.com\/it\/hr-blog\/2023\/06\/gestire-i-carichi-di-lavoro-durante-il-periodo-estivo-consigli-per-una-produttivita-equilibrata\/"},"wordCount":514,"publisher":{"@id":"https:\/\/cezannehr.com\/it\/#organization"},"image":{"@id":"https:\/\/cezannehr.com\/it\/hr-blog\/2023\/06\/gestire-i-carichi-di-lavoro-durante-il-periodo-estivo-consigli-per-una-produttivita-equilibrata\/#primaryimage"},"thumbnailUrl":"https:\/\/i0.wp.com\/cezannehr.com\/wp-content\/uploads\/2019\/07\/Summer-reading-list.png?fit=624%2C351&ssl=1","articleSection":["Software HR","Strategie HR"],"inLanguage":"it-IT"},{"@type":"WebPage","@id":"https:\/\/cezannehr.com\/it\/hr-blog\/2023\/06\/gestire-i-carichi-di-lavoro-durante-il-periodo-estivo-consigli-per-una-produttivita-equilibrata\/","url":"https:\/\/cezannehr.com\/it\/hr-blog\/2023\/06\/gestire-i-carichi-di-lavoro-durante-il-periodo-estivo-consigli-per-una-produttivita-equilibrata\/","name":"Gestire i carichi di lavoro in estate | Cezanne HR","isPartOf":{"@id":"https:\/\/cezannehr.com\/it\/#website"},"primaryImageOfPage":{"@id":"https:\/\/cezannehr.com\/it\/hr-blog\/2023\/06\/gestire-i-carichi-di-lavoro-durante-il-periodo-estivo-consigli-per-una-produttivita-equilibrata\/#primaryimage"},"image":{"@id":"https:\/\/cezannehr.com\/it\/hr-blog\/2023\/06\/gestire-i-carichi-di-lavoro-durante-il-periodo-estivo-consigli-per-una-produttivita-equilibrata\/#primaryimage"},"thumbnailUrl":"https:\/\/i0.wp.com\/cezannehr.com\/wp-content\/uploads\/2019\/07\/Summer-reading-list.png?fit=624%2C351&ssl=1","datePublished":"2023-06-21T14:34:55+00:00","dateModified":"2025-03-20T16:39:30+00:00","description":"Esploreriamo le strategie per gestire i carichi di lavoro estivi, al fine di mantenere un equilibrio tra produttivit\u00e0 e benessere.","breadcrumb":{"@id":"https:\/\/cezannehr.com\/it\/hr-blog\/2023\/06\/gestire-i-carichi-di-lavoro-durante-il-periodo-estivo-consigli-per-una-produttivita-equilibrata\/#breadcrumb"},"inLanguage":"it-IT","potentialAction":[{"@type":"ReadAction","target":["https:\/\/cezannehr.com\/it\/hr-blog\/2023\/06\/gestire-i-carichi-di-lavoro-durante-il-periodo-estivo-consigli-per-una-produttivita-equilibrata\/"]}]},{"@type":"ImageObject","inLanguage":"it-IT","@id":"https:\/\/cezannehr.com\/it\/hr-blog\/2023\/06\/gestire-i-carichi-di-lavoro-durante-il-periodo-estivo-consigli-per-una-produttivita-equilibrata\/#primaryimage","url":"https:\/\/i0.wp.com\/cezannehr.com\/wp-content\/uploads\/2019\/07\/Summer-reading-list.png?fit=624%2C351&ssl=1","contentUrl":"https:\/\/i0.wp.com\/cezannehr.com\/wp-content\/uploads\/2019\/07\/Summer-reading-list.png?fit=624%2C351&ssl=1","width":624,"height":351,"caption":"Illustration of woman sunbathing reading a book"},{"@type":"BreadcrumbList","@id":"https:\/\/cezannehr.com\/it\/hr-blog\/2023\/06\/gestire-i-carichi-di-lavoro-durante-il-periodo-estivo-consigli-per-una-produttivita-equilibrata\/#breadcrumb","itemListElement":[{"@type":"ListItem","position":1,"name":"Software HR","item":"https:\/\/cezannehr.com\/it\/"},{"@type":"ListItem","position":2,"name":"Consigli per una produttivit\u00e0 equilibrata"}]},{"@type":"WebSite","@id":"https:\/\/cezannehr.com\/it\/#website","url":"https:\/\/cezannehr.com\/it\/","name":"Cezanne HR","description":"Software Gestione delle Risorse Umane","publisher":{"@id":"https:\/\/cezannehr.com\/it\/#organization"},"potentialAction":[{"@type":"SearchAction","target":{"@type":"EntryPoint","urlTemplate":"https:\/\/cezannehr.com\/it\/?s={search_term_string}"},"query-input":{"@type":"PropertyValueSpecification","valueRequired":true,"valueName":"search_term_string"}}],"inLanguage":"it-IT"},{"@type":"Organization","@id":"https:\/\/cezannehr.com\/it\/#organization","name":"Cezanne HR","url":"https:\/\/cezannehr.com\/it\/","logo":{"@type":"ImageObject","inLanguage":"it-IT","@id":"https:\/\/cezannehr.com\/it\/#\/schema\/logo\/image\/","url":"https:\/\/cezannehr.com\/wp-content\/uploads\/2026\/01\/Cezanne_logo_2026_colour.svg","contentUrl":"https:\/\/cezannehr.com\/wp-content\/uploads\/2026\/01\/Cezanne_logo_2026_colour.svg","width":1,"height":1,"caption":"Cezanne HR"},"image":{"@id":"https:\/\/cezannehr.com\/it\/#\/schema\/logo\/image\/"},"sameAs":["https:\/\/www.facebook.com\/CezanneHR","https:\/\/x.com\/CezanneHR","https:\/\/www.linkedin.com\/company\/cezanne-hr","https:\/\/uk.pinterest.com\/CezanneHR\/","https:\/\/www.youtube.com\/user\/CezanneHR"],"legalName":"Cezanne HR Limited","contactPoint":[{"@type":"ContactPoint","telephone":"+44-2072022727","contactType":"customer service"},{"@type":"ContactPoint","url":"https:\/\/support.cezannehr.com","email":"support@cezannehr.com","contactType":"customer support"}]},{"@type":"Person","@id":"https:\/\/cezannehr.com\/it\/#\/schema\/person\/ab6215fdf6a0dd1736973458e89e9112","name":"Martina Tattini","image":{"@type":"ImageObject","inLanguage":"it-IT","@id":"https:\/\/cezannehr.com\/it\/#\/schema\/person\/image\/","url":"https:\/\/secure.gravatar.com\/avatar\/5cf43fbee50362e3217d0aa4e96edbd332176a92a6be16d1cf5997335cfe669a?s=96&d=mm&r=g","contentUrl":"https:\/\/secure.gravatar.com\/avatar\/5cf43fbee50362e3217d0aa4e96edbd332176a92a6be16d1cf5997335cfe669a?s=96&d=mm&r=g","caption":"Martina Tattini"},"url":"https:\/\/cezannehr.com\/it\/hr-blog\/author\/martina-tattini\/"}]}},"jetpack_featured_media_url":"https:\/\/i0.wp.com\/cezannehr.com\/wp-content\/uploads\/2019\/07\/Summer-reading-list.png?fit=624%2C351&ssl=1","jetpack_sharing_enabled":true,"amp_enabled":true,"_links":{"self":[{"href":"https:\/\/cezannehr.com\/it\/wp-json\/wp\/v2\/posts\/76971","targetHints":{"allow":["GET"]}}],"collection":[{"href":"https:\/\/cezannehr.com\/it\/wp-json\/wp\/v2\/posts"}],"about":[{"href":"https:\/\/cezannehr.com\/it\/wp-json\/wp\/v2\/types\/post"}],"author":[{"embeddable":true,"href":"https:\/\/cezannehr.com\/it\/wp-json\/wp\/v2\/users\/50"}],"replies":[{"embeddable":true,"href":"https:\/\/cezannehr.com\/it\/wp-json\/wp\/v2\/comments?post=76971"}],"version-history":[{"count":0,"href":"https:\/\/cezannehr.com\/it\/wp-json\/wp\/v2\/posts\/76971\/revisions"}],"wp:featuredmedia":[{"embeddable":true,"href":"https:\/\/cezannehr.com\/it\/wp-json\/wp\/v2\/media\/49377"}],"wp:attachment":[{"href":"https:\/\/cezannehr.com\/it\/wp-json\/wp\/v2\/media?parent=76971"}],"wp:term":[{"taxonomy":"category","embeddable":true,"href":"https:\/\/cezannehr.com\/it\/wp-json\/wp\/v2\/categories?post=76971"},{"taxonomy":"post_tag","embeddable":true,"href":"https:\/\/cezannehr.com\/it\/wp-json\/wp\/v2\/tags?post=76971"}],"curies":[{"name":"wp","href":"https:\/\/api.w.org\/{rel}","templated":true}]}}