{"id":33550,"date":"2017-05-31T13:59:08","date_gmt":"2017-05-31T13:59:08","guid":{"rendered":"https:\/\/cezannehr.com\/hr-blog\/2017\/05\/como-fazer-comunicacao-interna-de-uma-empresa\/"},"modified":"2019-12-10T14:41:46","modified_gmt":"2019-12-10T14:41:46","slug":"como-fazer-comunicacao-interna-de-uma-empresa","status":"publish","type":"post","link":"https:\/\/cezannehr.com\/pt\/hr-blog\/2017\/05\/como-fazer-comunicacao-interna-de-uma-empresa\/","title":{"rendered":"Como fazer a comunica\u00e7\u00e3o interna de uma empresa"},"content":{"rendered":"<p>A <strong><a title=\"comunica\u00e7\u00e3o interna\" href=\"\/pt\/hr-blog\/2014\/06\/importancia-da-comunicacao-interna\/\" target=\"_blank\" rel=\"noopener noreferrer\">comunica\u00e7\u00e3o interna<\/a><\/strong> de uma empresa garante que os colaboradores estejam alinhados com as pr\u00e1ticas e metodologias adotadas pela organiza\u00e7\u00e3o. Entenda melhor os benef\u00edcios de investir em uma boa comunica\u00e7\u00e3o interna.<\/p>\n<h2>O que \u00e9 comunica\u00e7\u00e3o interna?<\/h2>\n<p>A comunica\u00e7\u00e3o interna \u00e9 a \u00e1rea respons\u00e1vel pelas intera\u00e7\u00f5es e relacionamentos dentro das organiza\u00e7\u00f5es. O papel do setor de comunica\u00e7\u00e3o interna \u00e9 realizar atividades, a\u00e7\u00f5es e estrat\u00e9gias para estabelecer canais de intera\u00e7\u00e3o efetivos, \u00e1geis e transparentes entre todos os elementos que integram internamente uma equipe ou organiza\u00e7\u00e3o. Para que isso aconte\u00e7a, a empresa deve fazer uso constante de canais de comunica\u00e7\u00e3o internos. Pode ser uma newsletter mensal, ou uma reuni\u00e3o com a equipe, para que todos se atualizem em rela\u00e7\u00e3o \u00e0s atividades dos outros funcion\u00e1rios.<\/p>\n<h2>Problemas de comunica\u00e7\u00e3o nas empresas<\/h2>\n<p>Organiza\u00e7\u00f5es de sucesso t\u00eam como caracter\u00edstica fundamental a colabora\u00e7\u00e3o efetiva entre seus colaboradores. A falta de informa\u00e7\u00e3o ou a sua transmiss\u00e3o de forma insuficiente podem impactar negativamente na proatividade e efici\u00eancia da equipe. Um colaborador motivado e engajado \u00e9, antes de tudo, um colaborador informado.<\/p>\n<h2>Benef\u00edcios da comunica\u00e7\u00e3o interna nas empresas<\/h2>\n<p>Uma comunica\u00e7\u00e3o eficiente integra funcion\u00e1rios, colabora para o desenvolvimento organizacional e est\u00e1 diretamente relacionada \u00e0 credibilidade e \u00e0 imagem da empresa. Conhe\u00e7a as vantagens de investir na comunica\u00e7\u00e3o interna e os benef\u00edcios que ela pode trazer para a sua organiza\u00e7\u00e3o.<\/p>\n<h3>Redu\u00e7\u00e3o dos ru\u00eddos de comunica\u00e7\u00e3o<\/h3>\n<p>Uma comunica\u00e7\u00e3o eficiente e bem aplicada evita que os \u201cru\u00eddos de comunica\u00e7\u00e3o\u201d como conversas paralelas, boatos e rumos sejam criados e espalhados dentro da empresa. \u00c9 fundamental que a rela\u00e7\u00e3o entre ger\u00eancia e empregados seja a mais estreita poss\u00edvel, garantindo o espa\u00e7o comunicativo para todos. Desta forma, \u00e9 poss\u00edvel evitar erros que poderiam ser causados por falta de entendimento entre as partes.<\/p>\n<h3>Aumento da produtividade<\/h3>\n<p>Colaboradores que se sentem motivados e satisfeitos produzem mais e com melhor qualidade, gerando benef\u00edcios para a empresa. Um funcion\u00e1rio que entende os processos di\u00e1rios e sabe a import\u00e2ncia de seu papel dentro da organiza\u00e7\u00e3o \u00e9 capaz de cumprir e desempenhar suas tarefas de forma mais eficiente.<\/p>\n<h3>Imagem e credibilidade da organiza\u00e7\u00e3o<\/h3>\n<p>Por meio de reuni\u00f5es, confer\u00eancias e treinamentos, \u00e9 poss\u00edvel capacitar e engajar os colaboradores a se sentirem bem em seu ambiente de trabalho, e consequentemente, disseminarem opini\u00f5es positivas a respeito da empresa. Afinal, \u00e9 preciso manter uma boa imagem e reputa\u00e7\u00e3o dentro do ambiente externo, para depois dissemin\u00e1-la ao ambiente externo. Nenhuma empresa deseja ter seu nome ligado a uma publica\u00e7\u00e3o negativa, principalmente vinda de um funcion\u00e1rio interno.<\/p>\n<h3>Equipe integrada<\/h3>\n<p>\u00c9 inevit\u00e1vel que grupos se formem dentro da organiza\u00e7\u00e3o, seja ela de qualquer porte. O problema \u00e9 quando esses grupos se fecham e n\u00e3o colaboram com outras equipes. Por\u00e9m, com uma comunica\u00e7\u00e3o interna eficaz, \u00e9 poss\u00edvel atuar ativamente promovendo a\u00e7\u00f5es de integra\u00e7\u00e3o e fortalecendo a cultura de compartilhamento de conhecimento entre todos os membros.<\/p>\n<h3>Gera\u00e7\u00e3o de resultados financeiros<\/h3>\n<p>Gra\u00e7as a todas as vantagens que uma comunica\u00e7\u00e3o interna eficaz pode trazer para a empresa, os resultados financeiros da companhia ser\u00e3o impactados de forma positiva. Quando feita adequadamente, a comunica\u00e7\u00e3o interna faz com que os colaboradores queiram &#8220;vestir a camisa&#8221; da companhia, por se sentirem partes importantes do processo. O resultado s\u00e3o funcion\u00e1rios motivados e, consequentemente, mais produtivos.<\/p>\n<h2>Como investir na comunica\u00e7\u00e3o interna?<\/h2>\n<p>O investimento na comunica\u00e7\u00e3o interna depende do tamanho e das necessidades da organiza\u00e7\u00e3o. Para come\u00e7ar a implementar esse setor, \u00e9 desej\u00e1vel que pelo menos um profissional qualificado seja respons\u00e1vel por toda a gest\u00e3o. Existem a\u00e7\u00f5es simples que podem ser adotadas para aprimorar a comunica\u00e7\u00e3o interna de uma empresa.<\/p>\n<h3>Mural de recados<\/h3>\n<p>Colocar um mural de recados em um local estrat\u00e9gico na empresa, vis\u00edvel para todos, servir\u00e1 para informar os colaboradores sobre hor\u00e1rios especiais de funcionamento, avisos de confraterniza\u00e7\u00f5es, aniversariantes do m\u00eas, entre outros. Al\u00e9m disso, \u00e9 um espa\u00e7o para que os colaboradores escrevam elogios, sugest\u00f5es e recomenda\u00e7\u00f5es a respeito das tarefas e colegas de trabalho.<\/p>\n<h3>Reuni\u00f5es peri\u00f3dicas<\/h3>\n<p>As reuni\u00f5es de equipe que acontecem frequentemente podem ser \u00fateis para refor\u00e7ar avisos, explicar metas e tarefas e aproximar a equipe. Manter os colaboradores atualizados e motivados contribui para o desempenho de todos.<\/p>\n<h3>Investir em um software de gest\u00e3o<\/h3>\n<p>A Cezanne disponibiliza uma <strong><a title=\"plataforma online de gest\u00e3o de recursos humanos\" href=\"\/pt\/\" target=\"_blank\" rel=\"noopener noreferrer\"> plataforma online de gest\u00e3o de recursos humanos<\/a><\/strong> capaz de promover a intera\u00e7\u00e3o entre funcion\u00e1rios, gestores e colaboradores.<\/p>\n<p>As funcionalidades da interface do Portal RH permitem a comunica\u00e7\u00e3o f\u00e1cil e instant\u00e2nea. Com ele, toda a equipe estar\u00e1 ciente das novidades. O Portal RH pode ser uma verdadeira rede social para sua empresa. Nele \u00e9 poss\u00edvel:<\/p>\n<ul>\n<li>Publicar an\u00fancios e estimular intera\u00e7\u00f5es.<\/li>\n<li>Fazer uploads de documentos, com agrupamento por categorias.<\/li>\n<li>Adicionar informativos gr\u00e1ficos.<\/li>\n<li>Criar grupos e m\u00faltiplos portais de RH.<\/li>\n<\/ul>\n<p>Quando RH e comunica\u00e7\u00e3o interna caminham juntos, o resultado \u00e9 um canal de comunica\u00e7\u00e3o que reflete o ambiente de trabalho.<\/p>\n","protected":false},"excerpt":{"rendered":"<p>A comunica\u00e7\u00e3o interna de uma empresa garante que os colaboradores estejam alinhados com as pr\u00e1ticas e metodologias adotadas pela organiza\u00e7\u00e3o. Entenda melhor os benef\u00edcios de investir em uma boa comunica\u00e7\u00e3o interna. O que \u00e9 comunica\u00e7\u00e3o interna? A comunica\u00e7\u00e3o interna \u00e9 [&hellip;]<\/p>\n","protected":false},"author":22,"featured_media":0,"comment_status":"closed","ping_status":"closed","sticky":false,"template":"","format":"standard","meta":{"_acf_changed":false,"_jetpack_memberships_contains_paid_content":false,"footnotes":""},"categories":[1602],"tags":[],"class_list":{"0":"post-33550","1":"post","2":"type-post","3":"status-publish","4":"format-standard","6":"category-general-hr-pt","7":"cz_entry"},"acf":[],"yoast_head":"<!-- This site is optimized with the Yoast SEO Premium plugin v26.3 (Yoast SEO v26.3) - https:\/\/yoast.com\/wordpress\/plugins\/seo\/ -->\n<title>Como fazer a comunica\u00e7\u00e3o interna de uma empresa - Cezanne HR<\/title>\n<meta name=\"description\" content=\"A comunica\u00e7\u00e3o interna \u00e9 respons\u00e1vel por integrar equipes, gestores e colaboradores, com o intuito de levar benef\u00edcios para a organiza\u00e7\u00e3o.\" \/>\n<meta name=\"robots\" content=\"index, follow, max-snippet:-1, max-image-preview:large, max-video-preview:-1\" \/>\n<link rel=\"canonical\" href=\"https:\/\/cezannehr.com\/pt\/hr-blog\/2017\/05\/como-fazer-comunicacao-interna-de-uma-empresa\/\" \/>\n<meta property=\"og:locale\" content=\"pt_PT\" \/>\n<meta property=\"og:type\" content=\"article\" \/>\n<meta property=\"og:title\" content=\"Como fazer a comunica\u00e7\u00e3o interna de uma empresa\" \/>\n<meta property=\"og:description\" content=\"A comunica\u00e7\u00e3o interna \u00e9 respons\u00e1vel por integrar equipes, gestores e colaboradores, com o intuito de levar benef\u00edcios para a organiza\u00e7\u00e3o.\" \/>\n<meta property=\"og:url\" content=\"https:\/\/cezannehr.com\/pt\/hr-blog\/2017\/05\/como-fazer-comunicacao-interna-de-uma-empresa\/\" \/>\n<meta property=\"og:site_name\" content=\"Cezanne HR\" \/>\n<meta property=\"article:publisher\" content=\"https:\/\/www.facebook.com\/CezanneHR\" \/>\n<meta property=\"article:published_time\" content=\"2017-05-31T13:59:08+00:00\" \/>\n<meta property=\"article:modified_time\" content=\"2019-12-10T14:41:46+00:00\" \/>\n<meta name=\"author\" content=\"Sue Lingard\" \/>\n<meta name=\"twitter:card\" content=\"summary_large_image\" \/>\n<meta name=\"twitter:creator\" content=\"@CezanneHR\" \/>\n<meta name=\"twitter:site\" content=\"@CezanneHR\" \/>\n<meta name=\"twitter:label1\" content=\"Escrito por\" \/>\n\t<meta name=\"twitter:data1\" content=\"Sue Lingard\" \/>\n\t<meta name=\"twitter:label2\" content=\"Tempo estimado de leitura\" \/>\n\t<meta name=\"twitter:data2\" content=\"4 minutos\" \/>\n<script type=\"application\/ld+json\" class=\"yoast-schema-graph\">{\"@context\":\"https:\/\/schema.org\",\"@graph\":[{\"@type\":\"Article\",\"@id\":\"https:\/\/cezannehr.com\/pt\/hr-blog\/2017\/05\/como-fazer-comunicacao-interna-de-uma-empresa\/#article\",\"isPartOf\":{\"@id\":\"https:\/\/cezannehr.com\/pt\/hr-blog\/2017\/05\/como-fazer-comunicacao-interna-de-uma-empresa\/\"},\"author\":{\"name\":\"Sue Lingard\",\"@id\":\"https:\/\/cezannehr.com\/pt\/#\/schema\/person\/00b5b27fd82ec6742800cab5d7cac4b5\"},\"headline\":\"Como fazer a comunica\u00e7\u00e3o interna de uma empresa\",\"datePublished\":\"2017-05-31T13:59:08+00:00\",\"dateModified\":\"2019-12-10T14:41:46+00:00\",\"mainEntityOfPage\":{\"@id\":\"https:\/\/cezannehr.com\/pt\/hr-blog\/2017\/05\/como-fazer-comunicacao-interna-de-uma-empresa\/\"},\"wordCount\":880,\"publisher\":{\"@id\":\"https:\/\/cezannehr.com\/pt\/#organization\"},\"articleSection\":[\"General HR\"],\"inLanguage\":\"pt-PT\"},{\"@type\":\"WebPage\",\"@id\":\"https:\/\/cezannehr.com\/pt\/hr-blog\/2017\/05\/como-fazer-comunicacao-interna-de-uma-empresa\/\",\"url\":\"https:\/\/cezannehr.com\/pt\/hr-blog\/2017\/05\/como-fazer-comunicacao-interna-de-uma-empresa\/\",\"name\":\"Como fazer a comunica\u00e7\u00e3o interna de uma empresa - Cezanne HR\",\"isPartOf\":{\"@id\":\"https:\/\/cezannehr.com\/pt\/#website\"},\"datePublished\":\"2017-05-31T13:59:08+00:00\",\"dateModified\":\"2019-12-10T14:41:46+00:00\",\"description\":\"A comunica\u00e7\u00e3o interna \u00e9 respons\u00e1vel por integrar equipes, gestores e colaboradores, com o intuito de levar benef\u00edcios para a organiza\u00e7\u00e3o.\",\"breadcrumb\":{\"@id\":\"https:\/\/cezannehr.com\/pt\/hr-blog\/2017\/05\/como-fazer-comunicacao-interna-de-uma-empresa\/#breadcrumb\"},\"inLanguage\":\"pt-PT\",\"potentialAction\":[{\"@type\":\"ReadAction\",\"target\":[\"https:\/\/cezannehr.com\/pt\/hr-blog\/2017\/05\/como-fazer-comunicacao-interna-de-uma-empresa\/\"]}]},{\"@type\":\"BreadcrumbList\",\"@id\":\"https:\/\/cezannehr.com\/pt\/hr-blog\/2017\/05\/como-fazer-comunicacao-interna-de-uma-empresa\/#breadcrumb\",\"itemListElement\":[{\"@type\":\"ListItem\",\"position\":1,\"name\":\"Software RH\",\"item\":\"https:\/\/cezannehr.com\/pt\/\"},{\"@type\":\"ListItem\",\"position\":2,\"name\":\"Como fazer a comunica\u00e7\u00e3o interna de uma empresa\"}]},{\"@type\":\"WebSite\",\"@id\":\"https:\/\/cezannehr.com\/pt\/#website\",\"url\":\"https:\/\/cezannehr.com\/pt\/\",\"name\":\"Cezanne HR\",\"description\":\"Software de Gest\u00e3o de Recursos Humanos\",\"publisher\":{\"@id\":\"https:\/\/cezannehr.com\/pt\/#organization\"},\"potentialAction\":[{\"@type\":\"SearchAction\",\"target\":{\"@type\":\"EntryPoint\",\"urlTemplate\":\"https:\/\/cezannehr.com\/pt\/?s={search_term_string}\"},\"query-input\":{\"@type\":\"PropertyValueSpecification\",\"valueRequired\":true,\"valueName\":\"search_term_string\"}}],\"inLanguage\":\"pt-PT\"},{\"@type\":\"Organization\",\"@id\":\"https:\/\/cezannehr.com\/pt\/#organization\",\"name\":\"Cezanne HR\",\"url\":\"https:\/\/cezannehr.com\/pt\/\",\"logo\":{\"@type\":\"ImageObject\",\"inLanguage\":\"pt-PT\",\"@id\":\"https:\/\/cezannehr.com\/pt\/#\/schema\/logo\/image\/\",\"url\":\"https:\/\/cezannehr.com\/wp-content\/uploads\/2026\/01\/Cezanne_logo_2026_colour.svg\",\"contentUrl\":\"https:\/\/cezannehr.com\/wp-content\/uploads\/2026\/01\/Cezanne_logo_2026_colour.svg\",\"width\":1,\"height\":1,\"caption\":\"Cezanne HR\"},\"image\":{\"@id\":\"https:\/\/cezannehr.com\/pt\/#\/schema\/logo\/image\/\"},\"sameAs\":[\"https:\/\/www.facebook.com\/CezanneHR\",\"https:\/\/x.com\/CezanneHR\",\"https:\/\/www.linkedin.com\/company\/cezanne-hr\",\"https:\/\/uk.pinterest.com\/CezanneHR\/\",\"https:\/\/www.youtube.com\/user\/CezanneHR\"],\"legalName\":\"Cezanne HR Limited\",\"contactPoint\":[{\"@type\":\"ContactPoint\",\"telephone\":\"+44-2072022727\",\"contactType\":\"customer service\"},{\"@type\":\"ContactPoint\",\"url\":\"https:\/\/support.cezannehr.com\",\"email\":\"support@cezannehr.com\",\"contactType\":\"customer support\"}]},{\"@type\":\"Person\",\"@id\":\"https:\/\/cezannehr.com\/pt\/#\/schema\/person\/00b5b27fd82ec6742800cab5d7cac4b5\",\"name\":\"Sue Lingard\",\"image\":{\"@type\":\"ImageObject\",\"inLanguage\":\"pt-PT\",\"@id\":\"https:\/\/cezannehr.com\/pt\/#\/schema\/person\/image\/\",\"url\":\"https:\/\/secure.gravatar.com\/avatar\/0bdd56755383e931e970a83646ae499daecfc97e68625494e20351086a495b5e?s=96&d=mm&r=g\",\"contentUrl\":\"https:\/\/secure.gravatar.com\/avatar\/0bdd56755383e931e970a83646ae499daecfc97e68625494e20351086a495b5e?s=96&d=mm&r=g\",\"caption\":\"Sue Lingard\"},\"description\":\"Sue studied Personnel Management at the London School of Economics before taking on management roles in the travel, recruitment and finally HR software industry. She's particularly interested in how technologies enable HR teams - and the people they support - to work better together.\",\"sameAs\":[\"https:\/\/cezannehr.com\",\"www.linkedin.com\/in\/suelingard\"],\"worksFor\":\"Cezanne HR\",\"url\":\"https:\/\/cezannehr.com\/pt\/hr-blog\/author\/suelingard\/\"}]}<\/script>\n<!-- \/ Yoast SEO Premium plugin. -->","yoast_head_json":{"title":"Como fazer a comunica\u00e7\u00e3o interna de uma empresa - Cezanne HR","description":"A comunica\u00e7\u00e3o interna \u00e9 respons\u00e1vel por integrar equipes, gestores e colaboradores, com o intuito de levar benef\u00edcios para a organiza\u00e7\u00e3o.","robots":{"index":"index","follow":"follow","max-snippet":"max-snippet:-1","max-image-preview":"max-image-preview:large","max-video-preview":"max-video-preview:-1"},"canonical":"https:\/\/cezannehr.com\/pt\/hr-blog\/2017\/05\/como-fazer-comunicacao-interna-de-uma-empresa\/","og_locale":"pt_PT","og_type":"article","og_title":"Como fazer a comunica\u00e7\u00e3o interna de uma empresa","og_description":"A comunica\u00e7\u00e3o interna \u00e9 respons\u00e1vel por integrar equipes, gestores e colaboradores, com o intuito de levar benef\u00edcios para a organiza\u00e7\u00e3o.","og_url":"https:\/\/cezannehr.com\/pt\/hr-blog\/2017\/05\/como-fazer-comunicacao-interna-de-uma-empresa\/","og_site_name":"Cezanne HR","article_publisher":"https:\/\/www.facebook.com\/CezanneHR","article_published_time":"2017-05-31T13:59:08+00:00","article_modified_time":"2019-12-10T14:41:46+00:00","author":"Sue Lingard","twitter_card":"summary_large_image","twitter_creator":"@CezanneHR","twitter_site":"@CezanneHR","twitter_misc":{"Escrito por":"Sue Lingard","Tempo estimado de leitura":"4 minutos"},"schema":{"@context":"https:\/\/schema.org","@graph":[{"@type":"Article","@id":"https:\/\/cezannehr.com\/pt\/hr-blog\/2017\/05\/como-fazer-comunicacao-interna-de-uma-empresa\/#article","isPartOf":{"@id":"https:\/\/cezannehr.com\/pt\/hr-blog\/2017\/05\/como-fazer-comunicacao-interna-de-uma-empresa\/"},"author":{"name":"Sue Lingard","@id":"https:\/\/cezannehr.com\/pt\/#\/schema\/person\/00b5b27fd82ec6742800cab5d7cac4b5"},"headline":"Como fazer a comunica\u00e7\u00e3o interna de uma empresa","datePublished":"2017-05-31T13:59:08+00:00","dateModified":"2019-12-10T14:41:46+00:00","mainEntityOfPage":{"@id":"https:\/\/cezannehr.com\/pt\/hr-blog\/2017\/05\/como-fazer-comunicacao-interna-de-uma-empresa\/"},"wordCount":880,"publisher":{"@id":"https:\/\/cezannehr.com\/pt\/#organization"},"articleSection":["General HR"],"inLanguage":"pt-PT"},{"@type":"WebPage","@id":"https:\/\/cezannehr.com\/pt\/hr-blog\/2017\/05\/como-fazer-comunicacao-interna-de-uma-empresa\/","url":"https:\/\/cezannehr.com\/pt\/hr-blog\/2017\/05\/como-fazer-comunicacao-interna-de-uma-empresa\/","name":"Como fazer a comunica\u00e7\u00e3o interna de uma empresa - Cezanne HR","isPartOf":{"@id":"https:\/\/cezannehr.com\/pt\/#website"},"datePublished":"2017-05-31T13:59:08+00:00","dateModified":"2019-12-10T14:41:46+00:00","description":"A comunica\u00e7\u00e3o interna \u00e9 respons\u00e1vel por integrar equipes, gestores e colaboradores, com o intuito de levar benef\u00edcios para a organiza\u00e7\u00e3o.","breadcrumb":{"@id":"https:\/\/cezannehr.com\/pt\/hr-blog\/2017\/05\/como-fazer-comunicacao-interna-de-uma-empresa\/#breadcrumb"},"inLanguage":"pt-PT","potentialAction":[{"@type":"ReadAction","target":["https:\/\/cezannehr.com\/pt\/hr-blog\/2017\/05\/como-fazer-comunicacao-interna-de-uma-empresa\/"]}]},{"@type":"BreadcrumbList","@id":"https:\/\/cezannehr.com\/pt\/hr-blog\/2017\/05\/como-fazer-comunicacao-interna-de-uma-empresa\/#breadcrumb","itemListElement":[{"@type":"ListItem","position":1,"name":"Software RH","item":"https:\/\/cezannehr.com\/pt\/"},{"@type":"ListItem","position":2,"name":"Como fazer a comunica\u00e7\u00e3o interna de uma empresa"}]},{"@type":"WebSite","@id":"https:\/\/cezannehr.com\/pt\/#website","url":"https:\/\/cezannehr.com\/pt\/","name":"Cezanne HR","description":"Software de Gest\u00e3o de Recursos Humanos","publisher":{"@id":"https:\/\/cezannehr.com\/pt\/#organization"},"potentialAction":[{"@type":"SearchAction","target":{"@type":"EntryPoint","urlTemplate":"https:\/\/cezannehr.com\/pt\/?s={search_term_string}"},"query-input":{"@type":"PropertyValueSpecification","valueRequired":true,"valueName":"search_term_string"}}],"inLanguage":"pt-PT"},{"@type":"Organization","@id":"https:\/\/cezannehr.com\/pt\/#organization","name":"Cezanne HR","url":"https:\/\/cezannehr.com\/pt\/","logo":{"@type":"ImageObject","inLanguage":"pt-PT","@id":"https:\/\/cezannehr.com\/pt\/#\/schema\/logo\/image\/","url":"https:\/\/cezannehr.com\/wp-content\/uploads\/2026\/01\/Cezanne_logo_2026_colour.svg","contentUrl":"https:\/\/cezannehr.com\/wp-content\/uploads\/2026\/01\/Cezanne_logo_2026_colour.svg","width":1,"height":1,"caption":"Cezanne HR"},"image":{"@id":"https:\/\/cezannehr.com\/pt\/#\/schema\/logo\/image\/"},"sameAs":["https:\/\/www.facebook.com\/CezanneHR","https:\/\/x.com\/CezanneHR","https:\/\/www.linkedin.com\/company\/cezanne-hr","https:\/\/uk.pinterest.com\/CezanneHR\/","https:\/\/www.youtube.com\/user\/CezanneHR"],"legalName":"Cezanne HR Limited","contactPoint":[{"@type":"ContactPoint","telephone":"+44-2072022727","contactType":"customer service"},{"@type":"ContactPoint","url":"https:\/\/support.cezannehr.com","email":"support@cezannehr.com","contactType":"customer support"}]},{"@type":"Person","@id":"https:\/\/cezannehr.com\/pt\/#\/schema\/person\/00b5b27fd82ec6742800cab5d7cac4b5","name":"Sue Lingard","image":{"@type":"ImageObject","inLanguage":"pt-PT","@id":"https:\/\/cezannehr.com\/pt\/#\/schema\/person\/image\/","url":"https:\/\/secure.gravatar.com\/avatar\/0bdd56755383e931e970a83646ae499daecfc97e68625494e20351086a495b5e?s=96&d=mm&r=g","contentUrl":"https:\/\/secure.gravatar.com\/avatar\/0bdd56755383e931e970a83646ae499daecfc97e68625494e20351086a495b5e?s=96&d=mm&r=g","caption":"Sue Lingard"},"description":"Sue studied Personnel Management at the London School of Economics before taking on management roles in the travel, recruitment and finally HR software industry. She's particularly interested in how technologies enable HR teams - and the people they support - to work better together.","sameAs":["https:\/\/cezannehr.com","www.linkedin.com\/in\/suelingard"],"worksFor":"Cezanne HR","url":"https:\/\/cezannehr.com\/pt\/hr-blog\/author\/suelingard\/"}]}},"jetpack_featured_media_url":"","jetpack_sharing_enabled":true,"amp_enabled":true,"_links":{"self":[{"href":"https:\/\/cezannehr.com\/pt\/wp-json\/wp\/v2\/posts\/33550","targetHints":{"allow":["GET"]}}],"collection":[{"href":"https:\/\/cezannehr.com\/pt\/wp-json\/wp\/v2\/posts"}],"about":[{"href":"https:\/\/cezannehr.com\/pt\/wp-json\/wp\/v2\/types\/post"}],"author":[{"embeddable":true,"href":"https:\/\/cezannehr.com\/pt\/wp-json\/wp\/v2\/users\/22"}],"replies":[{"embeddable":true,"href":"https:\/\/cezannehr.com\/pt\/wp-json\/wp\/v2\/comments?post=33550"}],"version-history":[{"count":0,"href":"https:\/\/cezannehr.com\/pt\/wp-json\/wp\/v2\/posts\/33550\/revisions"}],"wp:attachment":[{"href":"https:\/\/cezannehr.com\/pt\/wp-json\/wp\/v2\/media?parent=33550"}],"wp:term":[{"taxonomy":"category","embeddable":true,"href":"https:\/\/cezannehr.com\/pt\/wp-json\/wp\/v2\/categories?post=33550"},{"taxonomy":"post_tag","embeddable":true,"href":"https:\/\/cezannehr.com\/pt\/wp-json\/wp\/v2\/tags?post=33550"}],"curies":[{"name":"wp","href":"https:\/\/api.w.org\/{rel}","templated":true}]}}