{"id":33781,"date":"2015-11-09T12:40:23","date_gmt":"2015-11-09T12:40:23","guid":{"rendered":"https:\/\/cezannehr.com\/hr-blog\/2015\/11\/inteligencia-emocional-capacidade-de-gestao\/"},"modified":"2019-12-10T14:25:23","modified_gmt":"2019-12-10T14:25:23","slug":"inteligencia-emocional-capacidade-de-gestao","status":"publish","type":"post","link":"https:\/\/cezannehr.com\/pt\/hr-blog\/2015\/11\/inteligencia-emocional-capacidade-de-gestao\/","title":{"rendered":"Desenvolva intelig\u00eancia emocional e aprimore sua capacidade de gest\u00e3o"},"content":{"rendered":"<p>Intelig\u00eancia emocional \u00e9 um conceito que trata de m\u00faltiplos aspectos das emo\u00e7\u00f5es humanas e seus impactos para quem as sente de forma direta ou n\u00e3o. Nos neg\u00f3cios, como na vida, este \u00e9 um quesito que vem merecendo a aten\u00e7\u00e3o de pesquisadores, cientistas e, como n\u00e3o poderia deixar de ser, de gestores e administradores.<\/p>\n<p>Emo\u00e7\u00e3o \u00e9 uma percep\u00e7\u00e3o, ou uma sensa\u00e7\u00e3o, despertada por uma experi\u00eancia agrad\u00e1vel ou n\u00e3o, que pode ser de qualquer natureza. Pode ser a frustra\u00e7\u00e3o por n\u00e3o conseguir comer um doce, ou um desapontamento com algu\u00e9m de quem se esperava uma a\u00e7\u00e3o n\u00e3o correspondida. Importa menos o tipo de emo\u00e7\u00e3o, mas como reagimos quando ela aparece. Por mais que julguemos intimamente que extravasar raiva, medo ou tristeza \u00e9 natural, um fato deve ser observado, por mais duro que pare\u00e7a: as emo\u00e7\u00f5es s\u00e3o nossas, e apenas nossas. Ningu\u00e9m deve ser responsabilizado pelo que sentimos, a n\u00e3o ser n\u00f3s mesmos.<\/p>\n<h2>Seja objetivo, e melhore profissionalmente<\/h2>\n<p>Controlar as emo\u00e7\u00f5es n\u00e3o significa dizer que devemos ser frios e ap\u00e1ticos, muito pelo contr\u00e1rio. Todos n\u00f3s estamos sujeitos a receber est\u00edmulos o tempo todo, e disso ningu\u00e9m escapa. Por isso, devemos estar preparados para compreender com a maior clareza poss\u00edvel o quanto pode nos prejudicar uma rea\u00e7\u00e3o intempestiva ou julgar precipitadamente as pessoas ao nosso redor.<\/p>\n<p>Especialistas em <strong><a href=\"\/?page_id=8953\" target=\"_blank\" rel=\"noopener noreferrer\">treinamento e desenvolvimento de pessoas<\/a><\/strong> apontam exemplos de como as emo\u00e7\u00f5es podem nos trazer preju\u00edzos quando mal avaliadas. O principal ensinamento que eles deixam \u00e9 no sentido de aprender a observar as emo\u00e7\u00f5es, evitando torn\u00e1-las parte nossa, afinal, emo\u00e7\u00f5es s\u00e3o ef\u00eameras, n\u00e3o duram para sempre. Tendo esse princ\u00edpio em vista, ficar\u00e1 menos dif\u00edcil lidar com ao que sentimos, principalmente em ambientes de trabalho competitivos ao extremo.<\/p>\n<p>Um cen\u00e1rio bastante comum \u00e9 nos surpreendermos pensando \u201cmeu colega me irritou\u201d. Na verdade, por mais que seja correto dizer, na verdade o que nos traz irrita\u00e7\u00e3o \u00e9 sempre o ju\u00edzo que fazemos em rela\u00e7\u00e3o aos outros. A sabedoria popular, nesse aspecto, \u00e9 categ\u00f3rica. Ao deixarmos a raiva nos dominar, a tend\u00eancia \u00e9, quase sempre, perdermos a raz\u00e3o.<\/p>\n<h2>Caracter\u00edsticas de pessoas inteligentes emocionalmente<\/h2>\n<p>Uma vez focados no controle do que sentimos, evitando rea\u00e7\u00f5es negativas, daremos o primeiro passo para nos tornamos pessoas amadurecidas e, consequentemente, profissionais mais eficientes e com maior poder de persuas\u00e3o. Pessoas dotadas de intelig\u00eancia emocional, em primeiro lugar, sabem detectar exatamente o que as deixam aborrecidas, t\u00eam profunda autoconsci\u00eancia e lidam com suas emo\u00e7\u00f5es sem perder o foco, ou tentando ignor\u00e1-las.<\/p>\n<p>Ou seja, quanto mais controlados emocionalmente, maior ser\u00e1 nossa capacidade de liderar, gerenciar e despertar empatia. Se conhecermos bem nossas for\u00e7as e defici\u00eancias, a tend\u00eancia \u00e9 agir com mais honestidade, e isso certamente ter\u00e1 reflexos positivos em nossas atividades.<\/p>\n<h2>Gerenciar \u00e9 controlar<\/h2>\n<p>O <strong>Cezanne HR<\/strong> \u00e9 o <strong><a href=\"https:\/\/cezannehr.com\/br\/\" target=\"_blank\" rel=\"noopener noreferrer\">software de gest\u00e3o de pessoas<\/a><\/strong> da Cezanne HR elaborado para ser um verdadeiro auxiliar de l\u00edderes e gestores. Estar \u00e0 frente de equipes e processos requer preparo, intelig\u00eancia emocional e as melhores <strong>ferramentas de gest\u00e3o<\/strong>. Conte com nossos recursos, e lidere com mais efici\u00eancia!<\/p>\n","protected":false},"excerpt":{"rendered":"<p>Intelig\u00eancia emocional \u00e9 um conceito que trata de m\u00faltiplos aspectos das emo\u00e7\u00f5es humanas e seus impactos para quem as sente de forma direta ou n\u00e3o. Nos neg\u00f3cios, como na vida, este \u00e9 um quesito que vem merecendo a aten\u00e7\u00e3o de [&hellip;]<\/p>\n","protected":false},"author":22,"featured_media":0,"comment_status":"closed","ping_status":"closed","sticky":false,"template":"","format":"standard","meta":{"_acf_changed":false,"_jetpack_memberships_contains_paid_content":false,"footnotes":""},"categories":[1602],"tags":[],"class_list":{"0":"post-33781","1":"post","2":"type-post","3":"status-publish","4":"format-standard","6":"category-general-hr-pt","7":"cz_entry"},"acf":[],"yoast_head":"<!-- This site is optimized with the Yoast SEO Premium plugin v26.3 (Yoast SEO v26.3) - https:\/\/yoast.com\/wordpress\/plugins\/seo\/ -->\n<title>Desenvolva intelig\u00eancia emocional e aprimore sua capacidade de gest\u00e3o - Cezanne HR<\/title>\n<meta name=\"description\" content=\"Desenvolva intelig\u00eancia emocional e aprimore sua capacidade de gest\u00e3o. No blog da Cezanne voc\u00ea aprende tudo sobre administra\u00e7\u00e3o e RH\" \/>\n<meta name=\"robots\" content=\"index, follow, max-snippet:-1, max-image-preview:large, max-video-preview:-1\" \/>\n<link rel=\"canonical\" href=\"https:\/\/cezannehr.com\/pt\/hr-blog\/2015\/11\/inteligencia-emocional-capacidade-de-gestao\/\" \/>\n<meta property=\"og:locale\" content=\"pt_PT\" \/>\n<meta property=\"og:type\" content=\"article\" \/>\n<meta property=\"og:title\" content=\"Desenvolva intelig\u00eancia emocional e aprimore sua capacidade de gest\u00e3o\" \/>\n<meta property=\"og:description\" content=\"Desenvolva intelig\u00eancia emocional e aprimore sua capacidade de gest\u00e3o. No blog da Cezanne voc\u00ea aprende tudo sobre administra\u00e7\u00e3o e RH\" \/>\n<meta property=\"og:url\" content=\"https:\/\/cezannehr.com\/pt\/hr-blog\/2015\/11\/inteligencia-emocional-capacidade-de-gestao\/\" \/>\n<meta property=\"og:site_name\" content=\"Cezanne HR\" \/>\n<meta property=\"article:publisher\" content=\"https:\/\/www.facebook.com\/CezanneHR\" \/>\n<meta property=\"article:published_time\" content=\"2015-11-09T12:40:23+00:00\" \/>\n<meta property=\"article:modified_time\" content=\"2019-12-10T14:25:23+00:00\" \/>\n<meta name=\"author\" content=\"Sue Lingard\" \/>\n<meta name=\"twitter:card\" content=\"summary_large_image\" \/>\n<meta name=\"twitter:creator\" content=\"@CezanneHR\" \/>\n<meta name=\"twitter:site\" content=\"@CezanneHR\" \/>\n<meta name=\"twitter:label1\" content=\"Escrito por\" \/>\n\t<meta name=\"twitter:data1\" content=\"Sue Lingard\" \/>\n\t<meta name=\"twitter:label2\" content=\"Tempo estimado de leitura\" \/>\n\t<meta name=\"twitter:data2\" content=\"3 minutos\" \/>\n<script type=\"application\/ld+json\" class=\"yoast-schema-graph\">{\"@context\":\"https:\/\/schema.org\",\"@graph\":[{\"@type\":\"Article\",\"@id\":\"https:\/\/cezannehr.com\/pt\/hr-blog\/2015\/11\/inteligencia-emocional-capacidade-de-gestao\/#article\",\"isPartOf\":{\"@id\":\"https:\/\/cezannehr.com\/pt\/hr-blog\/2015\/11\/inteligencia-emocional-capacidade-de-gestao\/\"},\"author\":{\"name\":\"Sue Lingard\",\"@id\":\"https:\/\/cezannehr.com\/pt\/#\/schema\/person\/00b5b27fd82ec6742800cab5d7cac4b5\"},\"headline\":\"Desenvolva intelig\u00eancia emocional e aprimore sua capacidade de gest\u00e3o\",\"datePublished\":\"2015-11-09T12:40:23+00:00\",\"dateModified\":\"2019-12-10T14:25:23+00:00\",\"mainEntityOfPage\":{\"@id\":\"https:\/\/cezannehr.com\/pt\/hr-blog\/2015\/11\/inteligencia-emocional-capacidade-de-gestao\/\"},\"wordCount\":561,\"publisher\":{\"@id\":\"https:\/\/cezannehr.com\/pt\/#organization\"},\"articleSection\":[\"General HR\"],\"inLanguage\":\"pt-PT\"},{\"@type\":\"WebPage\",\"@id\":\"https:\/\/cezannehr.com\/pt\/hr-blog\/2015\/11\/inteligencia-emocional-capacidade-de-gestao\/\",\"url\":\"https:\/\/cezannehr.com\/pt\/hr-blog\/2015\/11\/inteligencia-emocional-capacidade-de-gestao\/\",\"name\":\"Desenvolva intelig\u00eancia emocional e aprimore sua capacidade de gest\u00e3o - Cezanne HR\",\"isPartOf\":{\"@id\":\"https:\/\/cezannehr.com\/pt\/#website\"},\"datePublished\":\"2015-11-09T12:40:23+00:00\",\"dateModified\":\"2019-12-10T14:25:23+00:00\",\"description\":\"Desenvolva intelig\u00eancia emocional e aprimore sua capacidade de gest\u00e3o. No blog da Cezanne voc\u00ea aprende tudo sobre administra\u00e7\u00e3o e RH\",\"breadcrumb\":{\"@id\":\"https:\/\/cezannehr.com\/pt\/hr-blog\/2015\/11\/inteligencia-emocional-capacidade-de-gestao\/#breadcrumb\"},\"inLanguage\":\"pt-PT\",\"potentialAction\":[{\"@type\":\"ReadAction\",\"target\":[\"https:\/\/cezannehr.com\/pt\/hr-blog\/2015\/11\/inteligencia-emocional-capacidade-de-gestao\/\"]}]},{\"@type\":\"BreadcrumbList\",\"@id\":\"https:\/\/cezannehr.com\/pt\/hr-blog\/2015\/11\/inteligencia-emocional-capacidade-de-gestao\/#breadcrumb\",\"itemListElement\":[{\"@type\":\"ListItem\",\"position\":1,\"name\":\"Software RH\",\"item\":\"https:\/\/cezannehr.com\/pt\/\"},{\"@type\":\"ListItem\",\"position\":2,\"name\":\"Desenvolva intelig\u00eancia emocional e aprimore sua capacidade de gest\u00e3o\"}]},{\"@type\":\"WebSite\",\"@id\":\"https:\/\/cezannehr.com\/pt\/#website\",\"url\":\"https:\/\/cezannehr.com\/pt\/\",\"name\":\"Cezanne HR\",\"description\":\"Software de Gest\u00e3o de Recursos Humanos\",\"publisher\":{\"@id\":\"https:\/\/cezannehr.com\/pt\/#organization\"},\"potentialAction\":[{\"@type\":\"SearchAction\",\"target\":{\"@type\":\"EntryPoint\",\"urlTemplate\":\"https:\/\/cezannehr.com\/pt\/?s={search_term_string}\"},\"query-input\":{\"@type\":\"PropertyValueSpecification\",\"valueRequired\":true,\"valueName\":\"search_term_string\"}}],\"inLanguage\":\"pt-PT\"},{\"@type\":\"Organization\",\"@id\":\"https:\/\/cezannehr.com\/pt\/#organization\",\"name\":\"Cezanne HR\",\"url\":\"https:\/\/cezannehr.com\/pt\/\",\"logo\":{\"@type\":\"ImageObject\",\"inLanguage\":\"pt-PT\",\"@id\":\"https:\/\/cezannehr.com\/pt\/#\/schema\/logo\/image\/\",\"url\":\"https:\/\/cezannehr.com\/wp-content\/uploads\/2026\/01\/Cezanne_logo_2026_colour.svg\",\"contentUrl\":\"https:\/\/cezannehr.com\/wp-content\/uploads\/2026\/01\/Cezanne_logo_2026_colour.svg\",\"width\":1,\"height\":1,\"caption\":\"Cezanne HR\"},\"image\":{\"@id\":\"https:\/\/cezannehr.com\/pt\/#\/schema\/logo\/image\/\"},\"sameAs\":[\"https:\/\/www.facebook.com\/CezanneHR\",\"https:\/\/x.com\/CezanneHR\",\"https:\/\/www.linkedin.com\/company\/cezanne-hr\",\"https:\/\/uk.pinterest.com\/CezanneHR\/\",\"https:\/\/www.youtube.com\/user\/CezanneHR\"],\"legalName\":\"Cezanne HR Limited\",\"contactPoint\":[{\"@type\":\"ContactPoint\",\"telephone\":\"+44-2072022727\",\"contactType\":\"customer service\"},{\"@type\":\"ContactPoint\",\"url\":\"https:\/\/support.cezannehr.com\",\"email\":\"support@cezannehr.com\",\"contactType\":\"customer support\"}]},{\"@type\":\"Person\",\"@id\":\"https:\/\/cezannehr.com\/pt\/#\/schema\/person\/00b5b27fd82ec6742800cab5d7cac4b5\",\"name\":\"Sue Lingard\",\"image\":{\"@type\":\"ImageObject\",\"inLanguage\":\"pt-PT\",\"@id\":\"https:\/\/cezannehr.com\/pt\/#\/schema\/person\/image\/\",\"url\":\"https:\/\/secure.gravatar.com\/avatar\/0bdd56755383e931e970a83646ae499daecfc97e68625494e20351086a495b5e?s=96&d=mm&r=g\",\"contentUrl\":\"https:\/\/secure.gravatar.com\/avatar\/0bdd56755383e931e970a83646ae499daecfc97e68625494e20351086a495b5e?s=96&d=mm&r=g\",\"caption\":\"Sue Lingard\"},\"description\":\"Sue studied Personnel Management at the London School of Economics before taking on management roles in the travel, recruitment and finally HR software industry. She's particularly interested in how technologies enable HR teams - and the people they support - to work better together.\",\"sameAs\":[\"https:\/\/cezannehr.com\",\"www.linkedin.com\/in\/suelingard\"],\"worksFor\":\"Cezanne HR\",\"url\":\"https:\/\/cezannehr.com\/pt\/hr-blog\/author\/suelingard\/\"}]}<\/script>\n<!-- \/ Yoast SEO Premium plugin. -->","yoast_head_json":{"title":"Desenvolva intelig\u00eancia emocional e aprimore sua capacidade de gest\u00e3o - Cezanne HR","description":"Desenvolva intelig\u00eancia emocional e aprimore sua capacidade de gest\u00e3o. No blog da Cezanne voc\u00ea aprende tudo sobre administra\u00e7\u00e3o e RH","robots":{"index":"index","follow":"follow","max-snippet":"max-snippet:-1","max-image-preview":"max-image-preview:large","max-video-preview":"max-video-preview:-1"},"canonical":"https:\/\/cezannehr.com\/pt\/hr-blog\/2015\/11\/inteligencia-emocional-capacidade-de-gestao\/","og_locale":"pt_PT","og_type":"article","og_title":"Desenvolva intelig\u00eancia emocional e aprimore sua capacidade de gest\u00e3o","og_description":"Desenvolva intelig\u00eancia emocional e aprimore sua capacidade de gest\u00e3o. No blog da Cezanne voc\u00ea aprende tudo sobre administra\u00e7\u00e3o e RH","og_url":"https:\/\/cezannehr.com\/pt\/hr-blog\/2015\/11\/inteligencia-emocional-capacidade-de-gestao\/","og_site_name":"Cezanne HR","article_publisher":"https:\/\/www.facebook.com\/CezanneHR","article_published_time":"2015-11-09T12:40:23+00:00","article_modified_time":"2019-12-10T14:25:23+00:00","author":"Sue Lingard","twitter_card":"summary_large_image","twitter_creator":"@CezanneHR","twitter_site":"@CezanneHR","twitter_misc":{"Escrito por":"Sue Lingard","Tempo estimado de leitura":"3 minutos"},"schema":{"@context":"https:\/\/schema.org","@graph":[{"@type":"Article","@id":"https:\/\/cezannehr.com\/pt\/hr-blog\/2015\/11\/inteligencia-emocional-capacidade-de-gestao\/#article","isPartOf":{"@id":"https:\/\/cezannehr.com\/pt\/hr-blog\/2015\/11\/inteligencia-emocional-capacidade-de-gestao\/"},"author":{"name":"Sue Lingard","@id":"https:\/\/cezannehr.com\/pt\/#\/schema\/person\/00b5b27fd82ec6742800cab5d7cac4b5"},"headline":"Desenvolva intelig\u00eancia emocional e aprimore sua capacidade de gest\u00e3o","datePublished":"2015-11-09T12:40:23+00:00","dateModified":"2019-12-10T14:25:23+00:00","mainEntityOfPage":{"@id":"https:\/\/cezannehr.com\/pt\/hr-blog\/2015\/11\/inteligencia-emocional-capacidade-de-gestao\/"},"wordCount":561,"publisher":{"@id":"https:\/\/cezannehr.com\/pt\/#organization"},"articleSection":["General HR"],"inLanguage":"pt-PT"},{"@type":"WebPage","@id":"https:\/\/cezannehr.com\/pt\/hr-blog\/2015\/11\/inteligencia-emocional-capacidade-de-gestao\/","url":"https:\/\/cezannehr.com\/pt\/hr-blog\/2015\/11\/inteligencia-emocional-capacidade-de-gestao\/","name":"Desenvolva intelig\u00eancia emocional e aprimore sua capacidade de gest\u00e3o - Cezanne HR","isPartOf":{"@id":"https:\/\/cezannehr.com\/pt\/#website"},"datePublished":"2015-11-09T12:40:23+00:00","dateModified":"2019-12-10T14:25:23+00:00","description":"Desenvolva intelig\u00eancia emocional e aprimore sua capacidade de gest\u00e3o. No blog da Cezanne voc\u00ea aprende tudo sobre administra\u00e7\u00e3o e RH","breadcrumb":{"@id":"https:\/\/cezannehr.com\/pt\/hr-blog\/2015\/11\/inteligencia-emocional-capacidade-de-gestao\/#breadcrumb"},"inLanguage":"pt-PT","potentialAction":[{"@type":"ReadAction","target":["https:\/\/cezannehr.com\/pt\/hr-blog\/2015\/11\/inteligencia-emocional-capacidade-de-gestao\/"]}]},{"@type":"BreadcrumbList","@id":"https:\/\/cezannehr.com\/pt\/hr-blog\/2015\/11\/inteligencia-emocional-capacidade-de-gestao\/#breadcrumb","itemListElement":[{"@type":"ListItem","position":1,"name":"Software RH","item":"https:\/\/cezannehr.com\/pt\/"},{"@type":"ListItem","position":2,"name":"Desenvolva intelig\u00eancia emocional e aprimore sua capacidade de gest\u00e3o"}]},{"@type":"WebSite","@id":"https:\/\/cezannehr.com\/pt\/#website","url":"https:\/\/cezannehr.com\/pt\/","name":"Cezanne HR","description":"Software de Gest\u00e3o de Recursos Humanos","publisher":{"@id":"https:\/\/cezannehr.com\/pt\/#organization"},"potentialAction":[{"@type":"SearchAction","target":{"@type":"EntryPoint","urlTemplate":"https:\/\/cezannehr.com\/pt\/?s={search_term_string}"},"query-input":{"@type":"PropertyValueSpecification","valueRequired":true,"valueName":"search_term_string"}}],"inLanguage":"pt-PT"},{"@type":"Organization","@id":"https:\/\/cezannehr.com\/pt\/#organization","name":"Cezanne HR","url":"https:\/\/cezannehr.com\/pt\/","logo":{"@type":"ImageObject","inLanguage":"pt-PT","@id":"https:\/\/cezannehr.com\/pt\/#\/schema\/logo\/image\/","url":"https:\/\/cezannehr.com\/wp-content\/uploads\/2026\/01\/Cezanne_logo_2026_colour.svg","contentUrl":"https:\/\/cezannehr.com\/wp-content\/uploads\/2026\/01\/Cezanne_logo_2026_colour.svg","width":1,"height":1,"caption":"Cezanne HR"},"image":{"@id":"https:\/\/cezannehr.com\/pt\/#\/schema\/logo\/image\/"},"sameAs":["https:\/\/www.facebook.com\/CezanneHR","https:\/\/x.com\/CezanneHR","https:\/\/www.linkedin.com\/company\/cezanne-hr","https:\/\/uk.pinterest.com\/CezanneHR\/","https:\/\/www.youtube.com\/user\/CezanneHR"],"legalName":"Cezanne HR Limited","contactPoint":[{"@type":"ContactPoint","telephone":"+44-2072022727","contactType":"customer service"},{"@type":"ContactPoint","url":"https:\/\/support.cezannehr.com","email":"support@cezannehr.com","contactType":"customer support"}]},{"@type":"Person","@id":"https:\/\/cezannehr.com\/pt\/#\/schema\/person\/00b5b27fd82ec6742800cab5d7cac4b5","name":"Sue Lingard","image":{"@type":"ImageObject","inLanguage":"pt-PT","@id":"https:\/\/cezannehr.com\/pt\/#\/schema\/person\/image\/","url":"https:\/\/secure.gravatar.com\/avatar\/0bdd56755383e931e970a83646ae499daecfc97e68625494e20351086a495b5e?s=96&d=mm&r=g","contentUrl":"https:\/\/secure.gravatar.com\/avatar\/0bdd56755383e931e970a83646ae499daecfc97e68625494e20351086a495b5e?s=96&d=mm&r=g","caption":"Sue Lingard"},"description":"Sue studied Personnel Management at the London School of Economics before taking on management roles in the travel, recruitment and finally HR software industry. She's particularly interested in how technologies enable HR teams - and the people they support - to work better together.","sameAs":["https:\/\/cezannehr.com","www.linkedin.com\/in\/suelingard"],"worksFor":"Cezanne HR","url":"https:\/\/cezannehr.com\/pt\/hr-blog\/author\/suelingard\/"}]}},"jetpack_featured_media_url":"","jetpack_sharing_enabled":true,"amp_enabled":true,"_links":{"self":[{"href":"https:\/\/cezannehr.com\/pt\/wp-json\/wp\/v2\/posts\/33781","targetHints":{"allow":["GET"]}}],"collection":[{"href":"https:\/\/cezannehr.com\/pt\/wp-json\/wp\/v2\/posts"}],"about":[{"href":"https:\/\/cezannehr.com\/pt\/wp-json\/wp\/v2\/types\/post"}],"author":[{"embeddable":true,"href":"https:\/\/cezannehr.com\/pt\/wp-json\/wp\/v2\/users\/22"}],"replies":[{"embeddable":true,"href":"https:\/\/cezannehr.com\/pt\/wp-json\/wp\/v2\/comments?post=33781"}],"version-history":[{"count":0,"href":"https:\/\/cezannehr.com\/pt\/wp-json\/wp\/v2\/posts\/33781\/revisions"}],"wp:attachment":[{"href":"https:\/\/cezannehr.com\/pt\/wp-json\/wp\/v2\/media?parent=33781"}],"wp:term":[{"taxonomy":"category","embeddable":true,"href":"https:\/\/cezannehr.com\/pt\/wp-json\/wp\/v2\/categories?post=33781"},{"taxonomy":"post_tag","embeddable":true,"href":"https:\/\/cezannehr.com\/pt\/wp-json\/wp\/v2\/tags?post=33781"}],"curies":[{"name":"wp","href":"https:\/\/api.w.org\/{rel}","templated":true}]}}