{"id":33891,"date":"2015-04-15T15:59:18","date_gmt":"2015-04-15T15:59:18","guid":{"rendered":"https:\/\/cezannehr.com\/hr-blog\/2015\/04\/perspectiva-economica-brasileira-para-2015-abordagem-recursos-humanos\/"},"modified":"2021-06-16T15:07:45","modified_gmt":"2021-06-16T15:07:45","slug":"perspectiva-economica-brasileira-para-2015-abordagem-recursos-humanos","status":"publish","type":"post","link":"https:\/\/cezannehr.com\/pt\/hr-blog\/2015\/04\/perspectiva-economica-brasileira-para-2015-abordagem-recursos-humanos\/","title":{"rendered":"Perspectiva econ\u00f4mica brasileira para 2015 na abordagem de recursos humanos"},"content":{"rendered":"<p>Os progn\u00f3sticos para o desempenho da economia brasileira em 2015 n\u00e3o s\u00e3o animadores. Os indicadores d\u00e3o conta de que o PIB n\u00e3o s\u00f3 n\u00e3o apresentar\u00e1 crescimento como dever\u00e1 retrair. A previs\u00e3o \u00e9 do FMI, Fundo Monet\u00e1rio Internacional, e estima em 1% o encolhimento da economia no Brasil, conforme o relat\u00f3rio \u201cPerspectiva Econ\u00f4mica Global\u201d. O mesmo FMI, em janeiro, previa crescimento de 0,3% para o ano de 2015.<\/p>\n<p>Segundo a entidade, a retra\u00e7\u00e3o se deve a fatores como falta de confian\u00e7a no setor privado, perspectiva de crise energ\u00e9tica e de abastecimento, falta de competitividade end\u00eamica e a crise na Petrobr\u00e1s. O Banco Central do Brasil confirma a estimativa do FMI, e tamb\u00e9m prev\u00ea diminui\u00e7\u00e3o de 1% na performance da economia brasileira.<\/p>\n<h3>Setor banc\u00e1rio sente \u2013 em parte &#8211; os efeitos da crise<\/h3>\n<p>Como estrat\u00e9gia para driblar os efeitos dos problemas conjunturais que afetam a economia, o Banco do Brasil anunciou recentemente uma mudan\u00e7a em sua estrutura que causou pol\u00eamica.<\/p>\n<p>Uma das mais antigas e s\u00f3lidas institui\u00e7\u00f5es banc\u00e1rias do Brasil, e fundado em 1808, o BB, como \u00e9 conhecido, decidiu p\u00f4r fim \u00e0 vice presid\u00eancia de gest\u00e3o de pessoas, anexando-a a uma nova vice-presid\u00eancia, a de Distribui\u00e7\u00e3o, Varejo e Gest\u00e3o de Pessoas.<\/p>\n<p>Ao que parece, as medidas confirmam que a gest\u00e3o de recursos humanos, no Banco do Brasil, parece ainda n\u00e3o ter encontrado um norte. O BB foi o \u00fanico banco brasileiro a registrar diminui\u00e7\u00e3o nos dividendos para seus acionistas, segundo os dados consolidados de 2013 para 2014, em que registrou queda de 24% para 16,6% na margem de lucro.<\/p>\n<h3>Agroneg\u00f3cio vai na contram\u00e3o, e revitaliza-se<\/h3>\n<p>Impulsionado pelo atual \u00edndice no c\u00e2mbio, o agroneg\u00f3cio tem se destacado como um dos poucos setores da economia que vislumbra crescimento em 2015. Para isso, al\u00e9m da conjuntura favor\u00e1vel, os principais players desse mercado t\u00eam investido pesadamente em forma\u00e7\u00e3o de profissionais e <a title=\" Cezanne OnDemand \" href=\"https:\/\/cezannehr.com\/pt\/hr-software\/gestao-de-pessoas\/\" target=\"_blank\" rel=\"noopener noreferrer\"> gest\u00e3o de recursos humanos<\/a>.<\/p>\n<p>Um exemplo de que o cen\u00e1rio \u00e9 promissor \u00e9 o caso da Bayer, que estabeleceu uma esp\u00e9cie de programa de pontos, em que agricultores trocam pontos recebidos ao comprar insumos por treinamento e consultoria. Os resultados tem sido expressivos, com o surgimento de uma gera\u00e7\u00e3o de l\u00edderes no segmento.<\/p>\n<p>Esse reaquecimento \u00e9 confirmado pelo pr\u00f3prio Ministro da Economia, Joaquim Levy, que entende a import\u00e2ncia estrat\u00e9gica do agroneg\u00f3cio, setor que mobiliza diversas etapas da cadeia produtiva e considerado, segundo Levy, o pilar de sustenta\u00e7\u00e3o para o Brasil superar a crise econ\u00f4mica.<\/p>\n<h3>Saia da crise, com o software de gest\u00e3o de RH da Cezanne<\/h3>\n<p>Para potencializar ao m\u00e1ximo suas oportunidades de neg\u00f3cios num momento de turbul\u00eancia econ\u00f4mica, \u00e9 imprescind\u00edvel contar com os melhores profissionais e recursos. O<a title=\"Cezanne\" href=\"https:\/\/cezannehr.com\/br\/\" target=\"_blank\" rel=\"noopener noreferrer\"> software de gest\u00e3o de pessoas<\/a> da Cezanne \u00e9 um poderoso aliado para sua empresa. Pe\u00e7a uma demo em <a title=\"Demonstra\u00e7\u00e3o Cezanne\" href=\"https:\/\/cezannehr.com\/pt\/demo\/\" target=\"_blank\" rel=\"noopener noreferrer\">https:\/\/cezannehr.com\/br\/demo\/<\/a> e saiba como podemos ajud\u00e1-lo a superar a crise!<\/p>\n","protected":false},"excerpt":{"rendered":"<p>Os progn\u00f3sticos para o desempenho da economia brasileira em 2015 n\u00e3o s\u00e3o animadores. Os indicadores d\u00e3o conta de que o PIB n\u00e3o s\u00f3 n\u00e3o apresentar\u00e1 crescimento como dever\u00e1 retrair. A previs\u00e3o \u00e9 do FMI, Fundo Monet\u00e1rio Internacional, e estima em [&hellip;]<\/p>\n","protected":false},"author":22,"featured_media":0,"comment_status":"closed","ping_status":"closed","sticky":false,"template":"","format":"standard","meta":{"_acf_changed":false,"_jetpack_memberships_contains_paid_content":false,"footnotes":""},"categories":[1602],"tags":[],"class_list":{"0":"post-33891","1":"post","2":"type-post","3":"status-publish","4":"format-standard","6":"category-general-hr-pt","7":"cz_entry"},"acf":[],"yoast_head":"<!-- This site is optimized with the Yoast SEO Premium plugin v26.3 (Yoast SEO v26.3) - https:\/\/yoast.com\/wordpress\/plugins\/seo\/ -->\n<title>Perspectiva econ\u00f4mica brasileira para 2015 na abordagem de recursos humanos - Cezanne HR<\/title>\n<meta name=\"description\" content=\"Perspectiva econ\u00f4mica brasileira para 2015 na abordagem de recursos humanos, no blog da Cezanne\" \/>\n<meta name=\"robots\" content=\"index, follow, max-snippet:-1, max-image-preview:large, max-video-preview:-1\" \/>\n<link rel=\"canonical\" href=\"https:\/\/cezannehr.com\/pt\/hr-blog\/2015\/04\/perspectiva-economica-brasileira-para-2015-abordagem-recursos-humanos\/\" \/>\n<meta property=\"og:locale\" content=\"pt_PT\" \/>\n<meta property=\"og:type\" content=\"article\" \/>\n<meta property=\"og:title\" content=\"Perspectiva econ\u00f4mica brasileira para 2015 na abordagem de recursos humanos\" \/>\n<meta property=\"og:description\" content=\"Perspectiva econ\u00f4mica brasileira para 2015 na abordagem de recursos humanos, no blog da Cezanne\" \/>\n<meta property=\"og:url\" content=\"https:\/\/cezannehr.com\/pt\/hr-blog\/2015\/04\/perspectiva-economica-brasileira-para-2015-abordagem-recursos-humanos\/\" \/>\n<meta property=\"og:site_name\" content=\"Cezanne HR\" \/>\n<meta property=\"article:publisher\" content=\"https:\/\/www.facebook.com\/CezanneHR\" \/>\n<meta property=\"article:published_time\" content=\"2015-04-15T15:59:18+00:00\" \/>\n<meta property=\"article:modified_time\" content=\"2021-06-16T15:07:45+00:00\" \/>\n<meta name=\"author\" content=\"Sue Lingard\" \/>\n<meta name=\"twitter:card\" content=\"summary_large_image\" \/>\n<meta name=\"twitter:creator\" content=\"@CezanneHR\" \/>\n<meta name=\"twitter:site\" content=\"@CezanneHR\" \/>\n<meta name=\"twitter:label1\" content=\"Escrito por\" \/>\n\t<meta name=\"twitter:data1\" content=\"Sue Lingard\" \/>\n\t<meta name=\"twitter:label2\" content=\"Tempo estimado de leitura\" \/>\n\t<meta name=\"twitter:data2\" content=\"3 minutos\" \/>\n<script type=\"application\/ld+json\" class=\"yoast-schema-graph\">{\"@context\":\"https:\/\/schema.org\",\"@graph\":[{\"@type\":\"Article\",\"@id\":\"https:\/\/cezannehr.com\/pt\/hr-blog\/2015\/04\/perspectiva-economica-brasileira-para-2015-abordagem-recursos-humanos\/#article\",\"isPartOf\":{\"@id\":\"https:\/\/cezannehr.com\/pt\/hr-blog\/2015\/04\/perspectiva-economica-brasileira-para-2015-abordagem-recursos-humanos\/\"},\"author\":{\"name\":\"Sue Lingard\",\"@id\":\"https:\/\/cezannehr.com\/pt\/#\/schema\/person\/00b5b27fd82ec6742800cab5d7cac4b5\"},\"headline\":\"Perspectiva econ\u00f4mica brasileira para 2015 na abordagem de recursos humanos\",\"datePublished\":\"2015-04-15T15:59:18+00:00\",\"dateModified\":\"2021-06-16T15:07:45+00:00\",\"mainEntityOfPage\":{\"@id\":\"https:\/\/cezannehr.com\/pt\/hr-blog\/2015\/04\/perspectiva-economica-brasileira-para-2015-abordagem-recursos-humanos\/\"},\"wordCount\":518,\"publisher\":{\"@id\":\"https:\/\/cezannehr.com\/pt\/#organization\"},\"articleSection\":[\"General HR\"],\"inLanguage\":\"pt-PT\"},{\"@type\":\"WebPage\",\"@id\":\"https:\/\/cezannehr.com\/pt\/hr-blog\/2015\/04\/perspectiva-economica-brasileira-para-2015-abordagem-recursos-humanos\/\",\"url\":\"https:\/\/cezannehr.com\/pt\/hr-blog\/2015\/04\/perspectiva-economica-brasileira-para-2015-abordagem-recursos-humanos\/\",\"name\":\"Perspectiva econ\u00f4mica brasileira para 2015 na abordagem de recursos humanos - Cezanne HR\",\"isPartOf\":{\"@id\":\"https:\/\/cezannehr.com\/pt\/#website\"},\"datePublished\":\"2015-04-15T15:59:18+00:00\",\"dateModified\":\"2021-06-16T15:07:45+00:00\",\"description\":\"Perspectiva econ\u00f4mica brasileira para 2015 na abordagem de recursos humanos, no blog da Cezanne\",\"breadcrumb\":{\"@id\":\"https:\/\/cezannehr.com\/pt\/hr-blog\/2015\/04\/perspectiva-economica-brasileira-para-2015-abordagem-recursos-humanos\/#breadcrumb\"},\"inLanguage\":\"pt-PT\",\"potentialAction\":[{\"@type\":\"ReadAction\",\"target\":[\"https:\/\/cezannehr.com\/pt\/hr-blog\/2015\/04\/perspectiva-economica-brasileira-para-2015-abordagem-recursos-humanos\/\"]}]},{\"@type\":\"BreadcrumbList\",\"@id\":\"https:\/\/cezannehr.com\/pt\/hr-blog\/2015\/04\/perspectiva-economica-brasileira-para-2015-abordagem-recursos-humanos\/#breadcrumb\",\"itemListElement\":[{\"@type\":\"ListItem\",\"position\":1,\"name\":\"Software RH\",\"item\":\"https:\/\/cezannehr.com\/pt\/\"},{\"@type\":\"ListItem\",\"position\":2,\"name\":\"Perspectiva econ\u00f4mica brasileira para 2015 na abordagem de recursos humanos\"}]},{\"@type\":\"WebSite\",\"@id\":\"https:\/\/cezannehr.com\/pt\/#website\",\"url\":\"https:\/\/cezannehr.com\/pt\/\",\"name\":\"Cezanne HR\",\"description\":\"Software de Gest\u00e3o de Recursos Humanos\",\"publisher\":{\"@id\":\"https:\/\/cezannehr.com\/pt\/#organization\"},\"potentialAction\":[{\"@type\":\"SearchAction\",\"target\":{\"@type\":\"EntryPoint\",\"urlTemplate\":\"https:\/\/cezannehr.com\/pt\/?s={search_term_string}\"},\"query-input\":{\"@type\":\"PropertyValueSpecification\",\"valueRequired\":true,\"valueName\":\"search_term_string\"}}],\"inLanguage\":\"pt-PT\"},{\"@type\":\"Organization\",\"@id\":\"https:\/\/cezannehr.com\/pt\/#organization\",\"name\":\"Cezanne HR\",\"url\":\"https:\/\/cezannehr.com\/pt\/\",\"logo\":{\"@type\":\"ImageObject\",\"inLanguage\":\"pt-PT\",\"@id\":\"https:\/\/cezannehr.com\/pt\/#\/schema\/logo\/image\/\",\"url\":\"https:\/\/cezannehr.com\/wp-content\/uploads\/2026\/01\/Cezanne_logo_2026_colour.svg\",\"contentUrl\":\"https:\/\/cezannehr.com\/wp-content\/uploads\/2026\/01\/Cezanne_logo_2026_colour.svg\",\"width\":1,\"height\":1,\"caption\":\"Cezanne HR\"},\"image\":{\"@id\":\"https:\/\/cezannehr.com\/pt\/#\/schema\/logo\/image\/\"},\"sameAs\":[\"https:\/\/www.facebook.com\/CezanneHR\",\"https:\/\/x.com\/CezanneHR\",\"https:\/\/www.linkedin.com\/company\/cezanne-hr\",\"https:\/\/uk.pinterest.com\/CezanneHR\/\",\"https:\/\/www.youtube.com\/user\/CezanneHR\"],\"legalName\":\"Cezanne HR Limited\",\"contactPoint\":[{\"@type\":\"ContactPoint\",\"telephone\":\"+44-2072022727\",\"contactType\":\"customer service\"},{\"@type\":\"ContactPoint\",\"url\":\"https:\/\/support.cezannehr.com\",\"email\":\"support@cezannehr.com\",\"contactType\":\"customer support\"}]},{\"@type\":\"Person\",\"@id\":\"https:\/\/cezannehr.com\/pt\/#\/schema\/person\/00b5b27fd82ec6742800cab5d7cac4b5\",\"name\":\"Sue Lingard\",\"image\":{\"@type\":\"ImageObject\",\"inLanguage\":\"pt-PT\",\"@id\":\"https:\/\/cezannehr.com\/pt\/#\/schema\/person\/image\/\",\"url\":\"https:\/\/secure.gravatar.com\/avatar\/0bdd56755383e931e970a83646ae499daecfc97e68625494e20351086a495b5e?s=96&d=mm&r=g\",\"contentUrl\":\"https:\/\/secure.gravatar.com\/avatar\/0bdd56755383e931e970a83646ae499daecfc97e68625494e20351086a495b5e?s=96&d=mm&r=g\",\"caption\":\"Sue Lingard\"},\"description\":\"Sue studied Personnel Management at the London School of Economics before taking on management roles in the travel, recruitment and finally HR software industry. She's particularly interested in how technologies enable HR teams - and the people they support - to work better together.\",\"sameAs\":[\"https:\/\/cezannehr.com\",\"www.linkedin.com\/in\/suelingard\"],\"worksFor\":\"Cezanne HR\",\"url\":\"https:\/\/cezannehr.com\/pt\/hr-blog\/author\/suelingard\/\"}]}<\/script>\n<!-- \/ Yoast SEO Premium plugin. -->","yoast_head_json":{"title":"Perspectiva econ\u00f4mica brasileira para 2015 na abordagem de recursos humanos - Cezanne HR","description":"Perspectiva econ\u00f4mica brasileira para 2015 na abordagem de recursos humanos, no blog da Cezanne","robots":{"index":"index","follow":"follow","max-snippet":"max-snippet:-1","max-image-preview":"max-image-preview:large","max-video-preview":"max-video-preview:-1"},"canonical":"https:\/\/cezannehr.com\/pt\/hr-blog\/2015\/04\/perspectiva-economica-brasileira-para-2015-abordagem-recursos-humanos\/","og_locale":"pt_PT","og_type":"article","og_title":"Perspectiva econ\u00f4mica brasileira para 2015 na abordagem de recursos humanos","og_description":"Perspectiva econ\u00f4mica brasileira para 2015 na abordagem de recursos humanos, no blog da Cezanne","og_url":"https:\/\/cezannehr.com\/pt\/hr-blog\/2015\/04\/perspectiva-economica-brasileira-para-2015-abordagem-recursos-humanos\/","og_site_name":"Cezanne HR","article_publisher":"https:\/\/www.facebook.com\/CezanneHR","article_published_time":"2015-04-15T15:59:18+00:00","article_modified_time":"2021-06-16T15:07:45+00:00","author":"Sue Lingard","twitter_card":"summary_large_image","twitter_creator":"@CezanneHR","twitter_site":"@CezanneHR","twitter_misc":{"Escrito por":"Sue Lingard","Tempo estimado de leitura":"3 minutos"},"schema":{"@context":"https:\/\/schema.org","@graph":[{"@type":"Article","@id":"https:\/\/cezannehr.com\/pt\/hr-blog\/2015\/04\/perspectiva-economica-brasileira-para-2015-abordagem-recursos-humanos\/#article","isPartOf":{"@id":"https:\/\/cezannehr.com\/pt\/hr-blog\/2015\/04\/perspectiva-economica-brasileira-para-2015-abordagem-recursos-humanos\/"},"author":{"name":"Sue Lingard","@id":"https:\/\/cezannehr.com\/pt\/#\/schema\/person\/00b5b27fd82ec6742800cab5d7cac4b5"},"headline":"Perspectiva econ\u00f4mica brasileira para 2015 na abordagem de recursos humanos","datePublished":"2015-04-15T15:59:18+00:00","dateModified":"2021-06-16T15:07:45+00:00","mainEntityOfPage":{"@id":"https:\/\/cezannehr.com\/pt\/hr-blog\/2015\/04\/perspectiva-economica-brasileira-para-2015-abordagem-recursos-humanos\/"},"wordCount":518,"publisher":{"@id":"https:\/\/cezannehr.com\/pt\/#organization"},"articleSection":["General HR"],"inLanguage":"pt-PT"},{"@type":"WebPage","@id":"https:\/\/cezannehr.com\/pt\/hr-blog\/2015\/04\/perspectiva-economica-brasileira-para-2015-abordagem-recursos-humanos\/","url":"https:\/\/cezannehr.com\/pt\/hr-blog\/2015\/04\/perspectiva-economica-brasileira-para-2015-abordagem-recursos-humanos\/","name":"Perspectiva econ\u00f4mica brasileira para 2015 na abordagem de recursos humanos - Cezanne HR","isPartOf":{"@id":"https:\/\/cezannehr.com\/pt\/#website"},"datePublished":"2015-04-15T15:59:18+00:00","dateModified":"2021-06-16T15:07:45+00:00","description":"Perspectiva econ\u00f4mica brasileira para 2015 na abordagem de recursos humanos, no blog da Cezanne","breadcrumb":{"@id":"https:\/\/cezannehr.com\/pt\/hr-blog\/2015\/04\/perspectiva-economica-brasileira-para-2015-abordagem-recursos-humanos\/#breadcrumb"},"inLanguage":"pt-PT","potentialAction":[{"@type":"ReadAction","target":["https:\/\/cezannehr.com\/pt\/hr-blog\/2015\/04\/perspectiva-economica-brasileira-para-2015-abordagem-recursos-humanos\/"]}]},{"@type":"BreadcrumbList","@id":"https:\/\/cezannehr.com\/pt\/hr-blog\/2015\/04\/perspectiva-economica-brasileira-para-2015-abordagem-recursos-humanos\/#breadcrumb","itemListElement":[{"@type":"ListItem","position":1,"name":"Software RH","item":"https:\/\/cezannehr.com\/pt\/"},{"@type":"ListItem","position":2,"name":"Perspectiva econ\u00f4mica brasileira para 2015 na abordagem de recursos humanos"}]},{"@type":"WebSite","@id":"https:\/\/cezannehr.com\/pt\/#website","url":"https:\/\/cezannehr.com\/pt\/","name":"Cezanne HR","description":"Software de Gest\u00e3o de Recursos Humanos","publisher":{"@id":"https:\/\/cezannehr.com\/pt\/#organization"},"potentialAction":[{"@type":"SearchAction","target":{"@type":"EntryPoint","urlTemplate":"https:\/\/cezannehr.com\/pt\/?s={search_term_string}"},"query-input":{"@type":"PropertyValueSpecification","valueRequired":true,"valueName":"search_term_string"}}],"inLanguage":"pt-PT"},{"@type":"Organization","@id":"https:\/\/cezannehr.com\/pt\/#organization","name":"Cezanne HR","url":"https:\/\/cezannehr.com\/pt\/","logo":{"@type":"ImageObject","inLanguage":"pt-PT","@id":"https:\/\/cezannehr.com\/pt\/#\/schema\/logo\/image\/","url":"https:\/\/cezannehr.com\/wp-content\/uploads\/2026\/01\/Cezanne_logo_2026_colour.svg","contentUrl":"https:\/\/cezannehr.com\/wp-content\/uploads\/2026\/01\/Cezanne_logo_2026_colour.svg","width":1,"height":1,"caption":"Cezanne HR"},"image":{"@id":"https:\/\/cezannehr.com\/pt\/#\/schema\/logo\/image\/"},"sameAs":["https:\/\/www.facebook.com\/CezanneHR","https:\/\/x.com\/CezanneHR","https:\/\/www.linkedin.com\/company\/cezanne-hr","https:\/\/uk.pinterest.com\/CezanneHR\/","https:\/\/www.youtube.com\/user\/CezanneHR"],"legalName":"Cezanne HR Limited","contactPoint":[{"@type":"ContactPoint","telephone":"+44-2072022727","contactType":"customer service"},{"@type":"ContactPoint","url":"https:\/\/support.cezannehr.com","email":"support@cezannehr.com","contactType":"customer support"}]},{"@type":"Person","@id":"https:\/\/cezannehr.com\/pt\/#\/schema\/person\/00b5b27fd82ec6742800cab5d7cac4b5","name":"Sue Lingard","image":{"@type":"ImageObject","inLanguage":"pt-PT","@id":"https:\/\/cezannehr.com\/pt\/#\/schema\/person\/image\/","url":"https:\/\/secure.gravatar.com\/avatar\/0bdd56755383e931e970a83646ae499daecfc97e68625494e20351086a495b5e?s=96&d=mm&r=g","contentUrl":"https:\/\/secure.gravatar.com\/avatar\/0bdd56755383e931e970a83646ae499daecfc97e68625494e20351086a495b5e?s=96&d=mm&r=g","caption":"Sue Lingard"},"description":"Sue studied Personnel Management at the London School of Economics before taking on management roles in the travel, recruitment and finally HR software industry. She's particularly interested in how technologies enable HR teams - and the people they support - to work better together.","sameAs":["https:\/\/cezannehr.com","www.linkedin.com\/in\/suelingard"],"worksFor":"Cezanne HR","url":"https:\/\/cezannehr.com\/pt\/hr-blog\/author\/suelingard\/"}]}},"jetpack_featured_media_url":"","jetpack_sharing_enabled":true,"amp_enabled":true,"_links":{"self":[{"href":"https:\/\/cezannehr.com\/pt\/wp-json\/wp\/v2\/posts\/33891","targetHints":{"allow":["GET"]}}],"collection":[{"href":"https:\/\/cezannehr.com\/pt\/wp-json\/wp\/v2\/posts"}],"about":[{"href":"https:\/\/cezannehr.com\/pt\/wp-json\/wp\/v2\/types\/post"}],"author":[{"embeddable":true,"href":"https:\/\/cezannehr.com\/pt\/wp-json\/wp\/v2\/users\/22"}],"replies":[{"embeddable":true,"href":"https:\/\/cezannehr.com\/pt\/wp-json\/wp\/v2\/comments?post=33891"}],"version-history":[{"count":0,"href":"https:\/\/cezannehr.com\/pt\/wp-json\/wp\/v2\/posts\/33891\/revisions"}],"wp:attachment":[{"href":"https:\/\/cezannehr.com\/pt\/wp-json\/wp\/v2\/media?parent=33891"}],"wp:term":[{"taxonomy":"category","embeddable":true,"href":"https:\/\/cezannehr.com\/pt\/wp-json\/wp\/v2\/categories?post=33891"},{"taxonomy":"post_tag","embeddable":true,"href":"https:\/\/cezannehr.com\/pt\/wp-json\/wp\/v2\/tags?post=33891"}],"curies":[{"name":"wp","href":"https:\/\/api.w.org\/{rel}","templated":true}]}}