{"id":54385,"date":"2020-03-27T14:09:58","date_gmt":"2020-03-27T14:09:58","guid":{"rendered":"https:\/\/cezannehr.com\/?p=54385"},"modified":"2020-06-12T15:20:47","modified_gmt":"2020-06-12T15:20:47","slug":"contratar-geracao-z","status":"publish","type":"post","link":"https:\/\/cezannehr.com\/pt\/hr-blog\/2020\/03\/contratar-geracao-z\/","title":{"rendered":"Dicas para contratar a Gera\u00e7\u00e3o Z"},"content":{"rendered":"<p>J\u00e1 falamos neste blog sobre a <a href=\"https:\/\/cezannehr.com\/pt\/hr-blog\/2016\/02\/retenha-talentos-empresa-investindo-qualificacao-funcionarios\/\">reten\u00e7\u00e3o de talentos na empresa<\/a> e sobre como o setor de Recursos Humanos deve encaminhar o processo de contrata\u00e7\u00e3o. Inclusive, como o uso de um <strong>software de gest\u00e3o de RH<\/strong> permite a automatiza\u00e7\u00e3o do setor, abrindo espa\u00e7o para o foco em uma <a href=\"https:\/\/cezannehr.com\/pt\/hr-blog\/2019\/12\/tendencias-gestao-rh-2020\/\">gest\u00e3o que coloca o colaborador e sua satisfa\u00e7\u00e3o em primeiro lugar.<\/a><\/p>\n<p>Neste momento, queremos nos dedicar a pensar em como atra\u00edmos e retemos a gera\u00e7\u00e3o Z na equipa de colaboradores. Para isso, o ponto inicial \u00e9 o reconhecimento deste p\u00fablico. O que eles procuram? O que eles querem? Quem s\u00e3o eles? Onde eles est\u00e3o? Vamos descobrir um pouco mais sobre eles.<\/p>\n<p>Tamb\u00e9m conhecidos como Nativos Digitais ou iGeneration, surgiram ap\u00f3s a Gera\u00e7\u00e3o Y, tamb\u00e9m chamados de Millennials. A Gera\u00e7\u00e3o Z nasceu entre 1996 e 2012. Est\u00e3o prestes a entrar no mercado de trabalho e exigem, da nossa parte, uma nova forma de atra\u00ed-los.<\/p>\n<p>Sobre esta nova for\u00e7a de trabalho, \u00e9 importante lembrar que:<\/p>\n<ul>\n<li>Eles n\u00e3o conhecem um mundo sem internet;<\/li>\n<li>Est\u00e3o, desde sempre, cercados de aparatos tecnol\u00f3gicos;<\/li>\n<li>As redes sociais s\u00e3o extremamente importantes.<\/li>\n<\/ul>\n<p>Sendo essa a realidade que eles conhecem, \u00e9 essa a realidade que eles ir\u00e3o procurar no ambiente de trabalho tamb\u00e9m. Portanto, como podemos <a href=\"https:\/\/cezannehr.com\/pt\/hr-blog\/2019\/09\/por-que-ter-forca-trabalho-multigeracional-importante\/\">nos preparar para absorver essa for\u00e7a de trabalho<\/a> com caracter\u00edsticas t\u00e3o espec\u00edficas?<\/p>\n<h2>Sempre com seus smartphones<\/h2>\n<p>Para esta gera\u00e7\u00e3o, a organiza\u00e7\u00e3o est\u00e1 toda em seu dispositivo. E isso inclui, tamb\u00e9m, a procura por vagas de emprego. Portanto, lembre-se: o envio de candidatura deve ser <em>mobile first<\/em> e pense em alternativas inovadoras que permitam ao usu\u00e1rio uma forma de mostrar sua autenticidade e originalidade, como enviar um v\u00eddeo, por exemplo.<\/p>\n<h2>Prenda a aten\u00e7\u00e3o<\/h2>\n<p>A aten\u00e7\u00e3o deste p\u00fablico \u00e9 vol\u00e1til. Basta um segundo a mais e pronto, eles j\u00e1 mudaram de aplicativo ou j\u00e1 passaram para o pr\u00f3ximo v\u00eddeo. Por isso, \u00e9 essencial que o material destinado \u00e0 candidatura destes profissionais, sejam focados e com uma comunica\u00e7\u00e3o que fale diretamente com eles, tanto no formato, quanto na m\u00eddia utilizada.<\/p>\n<h2>Eles amam v\u00eddeos<\/h2>\n<p>Praticamente todos os dispositivos atuais possuem uma c\u00e2mara. E este p\u00fablico, adora v\u00eddeos. Juntando essas duas informa\u00e7\u00f5es, \u00e9 poss\u00edvel pensar em estrat\u00e9gias diferenciadas como a candidatura via v\u00eddeo, como j\u00e1 hav\u00edamos mencionado, mas tamb\u00e9m na <a href=\"https:\/\/cezannehr.com\/pt\/hr-blog\/2020\/01\/como-minimizar-impactos-negativos-rotatividade\/\">comunica\u00e7\u00e3o das vagas<\/a>, mostrando o escrit\u00f3rio, o espa\u00e7o que eles ir\u00e3o trabalhar e a equipa que ir\u00e3o compor.<\/p>\n<h2>O que eles procuram<\/h2>\n<p>J\u00e1 falamos aqui no blog sobre os <a href=\"https:\/\/cezannehr.com\/pt\/hr-blog\/2020\/03\/por-que-sua-empresa-nao-pode-ignorar-os-funcionarios-mais-velhos\/\">diferentes objetivos das diferentes gera\u00e7\u00f5es<\/a> que comp\u00f5em uma for\u00e7a de trabalho. A Gera\u00e7\u00e3o Z valoriza uma evolu\u00e7\u00e3o e um plano de carreira. N\u00e3o apenas em n\u00edvel profissional, mas tamb\u00e9m na vida pessoal. Por isso, \u00e9 importante ressaltar esses pontos ao procurar estes candidatos.<\/p>\n<h2>O que eles possuem<\/h2>\n<p>Uma gera\u00e7\u00e3o que cresceu em um mundo conectado, com acesso a diferentes aplicativos, redes sociais e m\u00eddias diferentes, sabe muito bem exercer mais de uma fun\u00e7\u00e3o ao mesmo tempo. Ao falarmos das qualidades ideais para uma determinada vaga, precisamos levar em considera\u00e7\u00e3o que este profissional possui maior dificuldade de concentra\u00e7\u00e3o \u00fanica, mas que \u00e9 capaz de abra\u00e7ar diferentes demandas ao mesmo tempo.<\/p>\n<p>Agora que voc\u00ea conhece ainda mais esse p\u00fablico e sabe o que eles tem a oferecer e o que procuram, direcione seu software de gest\u00e3o de RH para an\u00e1lise de candidaturas que atendam \u00e0s necessidades da empresa e selecionam profissionais que ir\u00e3o somar \u00e0 equipa de forma a contribuir para o crescimento da empresa.<\/p>\n<p>Conte com o <a href=\"https:\/\/cezannehr.com\/pt\/hr-software\/\">software de gest\u00e3o de RH<\/a> da C\u00e9zanne para profissionalizar e tornar mais produtivo o setor de Recursos Humanos.<\/p>\n","protected":false},"excerpt":{"rendered":"<p>J\u00e1 falamos neste blog sobre a reten\u00e7\u00e3o de talentos na empresa e sobre como o setor de Recursos Humanos deve encaminhar o processo de contrata\u00e7\u00e3o. Inclusive, como o uso de um software de gest\u00e3o de RH permite a automatiza\u00e7\u00e3o do [&hellip;]<\/p>\n","protected":false},"author":22,"featured_media":54386,"comment_status":"closed","ping_status":"closed","sticky":false,"template":"","format":"standard","meta":{"_acf_changed":false,"_jetpack_memberships_contains_paid_content":false,"footnotes":""},"categories":[1602,1607],"tags":[],"class_list":{"0":"post-54385","1":"post","2":"type-post","3":"status-publish","4":"format-standard","5":"has-post-thumbnail","7":"category-general-hr-pt","8":"category-people-management-pt","9":"cz_entry"},"acf":[],"yoast_head":"<!-- This site is optimized with the Yoast SEO Premium plugin v26.3 (Yoast SEO v26.3) - https:\/\/yoast.com\/wordpress\/plugins\/seo\/ -->\n<title>Desafios na contrata\u00e7\u00e3o da Gera\u00e7\u00e3o Z - Cezanne HR<\/title>\n<meta name=\"description\" content=\"Contratar a Gera\u00e7\u00e3o Z exige, da \u00e1rea de Recursos Humanos, uma dedica\u00e7\u00e3o especial. Saiba como lidar com este processo.\" \/>\n<meta name=\"robots\" content=\"index, follow, max-snippet:-1, max-image-preview:large, max-video-preview:-1\" \/>\n<link rel=\"canonical\" href=\"https:\/\/cezannehr.com\/pt\/hr-blog\/2020\/03\/contratar-geracao-z\/\" \/>\n<meta property=\"og:locale\" content=\"pt_PT\" \/>\n<meta property=\"og:type\" content=\"article\" \/>\n<meta property=\"og:title\" content=\"Dicas para contratar a Gera\u00e7\u00e3o Z\" \/>\n<meta property=\"og:description\" content=\"Contratar a Gera\u00e7\u00e3o Z exige, da \u00e1rea de Recursos Humanos, uma dedica\u00e7\u00e3o especial. Saiba como lidar com este processo.\" \/>\n<meta property=\"og:url\" content=\"https:\/\/cezannehr.com\/pt\/hr-blog\/2020\/03\/contratar-geracao-z\/\" \/>\n<meta property=\"og:site_name\" content=\"Cezanne HR\" \/>\n<meta property=\"article:publisher\" content=\"https:\/\/www.facebook.com\/CezanneHR\" \/>\n<meta property=\"article:published_time\" content=\"2020-03-27T14:09:58+00:00\" \/>\n<meta property=\"article:modified_time\" content=\"2020-06-12T15:20:47+00:00\" \/>\n<meta property=\"og:image\" content=\"https:\/\/i0.wp.com\/cezannehr.com\/wp-content\/uploads\/2020\/03\/geracao-z-software-gestao-rh.jpg?fit=1110%2C570&ssl=1\" \/>\n\t<meta property=\"og:image:width\" content=\"1110\" \/>\n\t<meta property=\"og:image:height\" content=\"570\" \/>\n\t<meta property=\"og:image:type\" content=\"image\/jpeg\" \/>\n<meta name=\"author\" content=\"Sue Lingard\" \/>\n<meta name=\"twitter:card\" content=\"summary_large_image\" \/>\n<meta name=\"twitter:creator\" content=\"@CezanneHR\" \/>\n<meta name=\"twitter:site\" content=\"@CezanneHR\" \/>\n<meta name=\"twitter:label1\" content=\"Escrito por\" \/>\n\t<meta name=\"twitter:data1\" content=\"Sue Lingard\" \/>\n\t<meta name=\"twitter:label2\" content=\"Tempo estimado de leitura\" \/>\n\t<meta name=\"twitter:data2\" content=\"3 minutos\" \/>\n<script type=\"application\/ld+json\" class=\"yoast-schema-graph\">{\"@context\":\"https:\/\/schema.org\",\"@graph\":[{\"@type\":\"Article\",\"@id\":\"https:\/\/cezannehr.com\/pt\/hr-blog\/2020\/03\/contratar-geracao-z\/#article\",\"isPartOf\":{\"@id\":\"https:\/\/cezannehr.com\/pt\/hr-blog\/2020\/03\/contratar-geracao-z\/\"},\"author\":{\"name\":\"Sue Lingard\",\"@id\":\"https:\/\/cezannehr.com\/pt\/#\/schema\/person\/00b5b27fd82ec6742800cab5d7cac4b5\"},\"headline\":\"Dicas para contratar a Gera\u00e7\u00e3o Z\",\"datePublished\":\"2020-03-27T14:09:58+00:00\",\"dateModified\":\"2020-06-12T15:20:47+00:00\",\"mainEntityOfPage\":{\"@id\":\"https:\/\/cezannehr.com\/pt\/hr-blog\/2020\/03\/contratar-geracao-z\/\"},\"wordCount\":655,\"publisher\":{\"@id\":\"https:\/\/cezannehr.com\/pt\/#organization\"},\"image\":{\"@id\":\"https:\/\/cezannehr.com\/pt\/hr-blog\/2020\/03\/contratar-geracao-z\/#primaryimage\"},\"thumbnailUrl\":\"https:\/\/i0.wp.com\/cezannehr.com\/wp-content\/uploads\/2020\/03\/geracao-z-software-gestao-rh.jpg?fit=1110%2C570&ssl=1\",\"articleSection\":[\"General HR\",\"People Management\"],\"inLanguage\":\"pt-PT\"},{\"@type\":\"WebPage\",\"@id\":\"https:\/\/cezannehr.com\/pt\/hr-blog\/2020\/03\/contratar-geracao-z\/\",\"url\":\"https:\/\/cezannehr.com\/pt\/hr-blog\/2020\/03\/contratar-geracao-z\/\",\"name\":\"Desafios na contrata\u00e7\u00e3o da Gera\u00e7\u00e3o Z - Cezanne HR\",\"isPartOf\":{\"@id\":\"https:\/\/cezannehr.com\/pt\/#website\"},\"primaryImageOfPage\":{\"@id\":\"https:\/\/cezannehr.com\/pt\/hr-blog\/2020\/03\/contratar-geracao-z\/#primaryimage\"},\"image\":{\"@id\":\"https:\/\/cezannehr.com\/pt\/hr-blog\/2020\/03\/contratar-geracao-z\/#primaryimage\"},\"thumbnailUrl\":\"https:\/\/i0.wp.com\/cezannehr.com\/wp-content\/uploads\/2020\/03\/geracao-z-software-gestao-rh.jpg?fit=1110%2C570&ssl=1\",\"datePublished\":\"2020-03-27T14:09:58+00:00\",\"dateModified\":\"2020-06-12T15:20:47+00:00\",\"description\":\"Contratar a Gera\u00e7\u00e3o Z exige, da \u00e1rea de Recursos Humanos, uma dedica\u00e7\u00e3o especial. Saiba como lidar com este processo.\",\"breadcrumb\":{\"@id\":\"https:\/\/cezannehr.com\/pt\/hr-blog\/2020\/03\/contratar-geracao-z\/#breadcrumb\"},\"inLanguage\":\"pt-PT\",\"potentialAction\":[{\"@type\":\"ReadAction\",\"target\":[\"https:\/\/cezannehr.com\/pt\/hr-blog\/2020\/03\/contratar-geracao-z\/\"]}]},{\"@type\":\"ImageObject\",\"inLanguage\":\"pt-PT\",\"@id\":\"https:\/\/cezannehr.com\/pt\/hr-blog\/2020\/03\/contratar-geracao-z\/#primaryimage\",\"url\":\"https:\/\/i0.wp.com\/cezannehr.com\/wp-content\/uploads\/2020\/03\/geracao-z-software-gestao-rh.jpg?fit=1110%2C570&ssl=1\",\"contentUrl\":\"https:\/\/i0.wp.com\/cezannehr.com\/wp-content\/uploads\/2020\/03\/geracao-z-software-gestao-rh.jpg?fit=1110%2C570&ssl=1\",\"width\":1110,\"height\":570,\"caption\":\"geracao z software gestao rh\"},{\"@type\":\"BreadcrumbList\",\"@id\":\"https:\/\/cezannehr.com\/pt\/hr-blog\/2020\/03\/contratar-geracao-z\/#breadcrumb\",\"itemListElement\":[{\"@type\":\"ListItem\",\"position\":1,\"name\":\"Software RH\",\"item\":\"https:\/\/cezannehr.com\/pt\/\"},{\"@type\":\"ListItem\",\"position\":2,\"name\":\"Dicas para contratar a Gera\u00e7\u00e3o Z\"}]},{\"@type\":\"WebSite\",\"@id\":\"https:\/\/cezannehr.com\/pt\/#website\",\"url\":\"https:\/\/cezannehr.com\/pt\/\",\"name\":\"Cezanne HR\",\"description\":\"Software de Gest\u00e3o de Recursos Humanos\",\"publisher\":{\"@id\":\"https:\/\/cezannehr.com\/pt\/#organization\"},\"potentialAction\":[{\"@type\":\"SearchAction\",\"target\":{\"@type\":\"EntryPoint\",\"urlTemplate\":\"https:\/\/cezannehr.com\/pt\/?s={search_term_string}\"},\"query-input\":{\"@type\":\"PropertyValueSpecification\",\"valueRequired\":true,\"valueName\":\"search_term_string\"}}],\"inLanguage\":\"pt-PT\"},{\"@type\":\"Organization\",\"@id\":\"https:\/\/cezannehr.com\/pt\/#organization\",\"name\":\"Cezanne HR\",\"url\":\"https:\/\/cezannehr.com\/pt\/\",\"logo\":{\"@type\":\"ImageObject\",\"inLanguage\":\"pt-PT\",\"@id\":\"https:\/\/cezannehr.com\/pt\/#\/schema\/logo\/image\/\",\"url\":\"https:\/\/cezannehr.com\/wp-content\/uploads\/2026\/01\/Cezanne_logo_2026_colour.svg\",\"contentUrl\":\"https:\/\/cezannehr.com\/wp-content\/uploads\/2026\/01\/Cezanne_logo_2026_colour.svg\",\"width\":1,\"height\":1,\"caption\":\"Cezanne HR\"},\"image\":{\"@id\":\"https:\/\/cezannehr.com\/pt\/#\/schema\/logo\/image\/\"},\"sameAs\":[\"https:\/\/www.facebook.com\/CezanneHR\",\"https:\/\/x.com\/CezanneHR\",\"https:\/\/www.linkedin.com\/company\/cezanne-hr\",\"https:\/\/uk.pinterest.com\/CezanneHR\/\",\"https:\/\/www.youtube.com\/user\/CezanneHR\"],\"legalName\":\"Cezanne HR Limited\",\"contactPoint\":[{\"@type\":\"ContactPoint\",\"telephone\":\"+44-2072022727\",\"contactType\":\"customer service\"},{\"@type\":\"ContactPoint\",\"url\":\"https:\/\/support.cezannehr.com\",\"email\":\"support@cezannehr.com\",\"contactType\":\"customer support\"}]},{\"@type\":\"Person\",\"@id\":\"https:\/\/cezannehr.com\/pt\/#\/schema\/person\/00b5b27fd82ec6742800cab5d7cac4b5\",\"name\":\"Sue Lingard\",\"image\":{\"@type\":\"ImageObject\",\"inLanguage\":\"pt-PT\",\"@id\":\"https:\/\/cezannehr.com\/pt\/#\/schema\/person\/image\/\",\"url\":\"https:\/\/secure.gravatar.com\/avatar\/0bdd56755383e931e970a83646ae499daecfc97e68625494e20351086a495b5e?s=96&d=mm&r=g\",\"contentUrl\":\"https:\/\/secure.gravatar.com\/avatar\/0bdd56755383e931e970a83646ae499daecfc97e68625494e20351086a495b5e?s=96&d=mm&r=g\",\"caption\":\"Sue Lingard\"},\"description\":\"Sue studied Personnel Management at the London School of Economics before taking on management roles in the travel, recruitment and finally HR software industry. She's particularly interested in how technologies enable HR teams - and the people they support - to work better together.\",\"sameAs\":[\"https:\/\/cezannehr.com\",\"www.linkedin.com\/in\/suelingard\"],\"worksFor\":\"Cezanne HR\",\"url\":\"https:\/\/cezannehr.com\/pt\/hr-blog\/author\/suelingard\/\"}]}<\/script>\n<!-- \/ Yoast SEO Premium plugin. -->","yoast_head_json":{"title":"Desafios na contrata\u00e7\u00e3o da Gera\u00e7\u00e3o Z - Cezanne HR","description":"Contratar a Gera\u00e7\u00e3o Z exige, da \u00e1rea de Recursos Humanos, uma dedica\u00e7\u00e3o especial. Saiba como lidar com este processo.","robots":{"index":"index","follow":"follow","max-snippet":"max-snippet:-1","max-image-preview":"max-image-preview:large","max-video-preview":"max-video-preview:-1"},"canonical":"https:\/\/cezannehr.com\/pt\/hr-blog\/2020\/03\/contratar-geracao-z\/","og_locale":"pt_PT","og_type":"article","og_title":"Dicas para contratar a Gera\u00e7\u00e3o Z","og_description":"Contratar a Gera\u00e7\u00e3o Z exige, da \u00e1rea de Recursos Humanos, uma dedica\u00e7\u00e3o especial. Saiba como lidar com este processo.","og_url":"https:\/\/cezannehr.com\/pt\/hr-blog\/2020\/03\/contratar-geracao-z\/","og_site_name":"Cezanne HR","article_publisher":"https:\/\/www.facebook.com\/CezanneHR","article_published_time":"2020-03-27T14:09:58+00:00","article_modified_time":"2020-06-12T15:20:47+00:00","og_image":[{"width":1110,"height":570,"url":"https:\/\/i0.wp.com\/cezannehr.com\/wp-content\/uploads\/2020\/03\/geracao-z-software-gestao-rh.jpg?fit=1110%2C570&ssl=1","type":"image\/jpeg"}],"author":"Sue Lingard","twitter_card":"summary_large_image","twitter_creator":"@CezanneHR","twitter_site":"@CezanneHR","twitter_misc":{"Escrito por":"Sue Lingard","Tempo estimado de leitura":"3 minutos"},"schema":{"@context":"https:\/\/schema.org","@graph":[{"@type":"Article","@id":"https:\/\/cezannehr.com\/pt\/hr-blog\/2020\/03\/contratar-geracao-z\/#article","isPartOf":{"@id":"https:\/\/cezannehr.com\/pt\/hr-blog\/2020\/03\/contratar-geracao-z\/"},"author":{"name":"Sue Lingard","@id":"https:\/\/cezannehr.com\/pt\/#\/schema\/person\/00b5b27fd82ec6742800cab5d7cac4b5"},"headline":"Dicas para contratar a Gera\u00e7\u00e3o Z","datePublished":"2020-03-27T14:09:58+00:00","dateModified":"2020-06-12T15:20:47+00:00","mainEntityOfPage":{"@id":"https:\/\/cezannehr.com\/pt\/hr-blog\/2020\/03\/contratar-geracao-z\/"},"wordCount":655,"publisher":{"@id":"https:\/\/cezannehr.com\/pt\/#organization"},"image":{"@id":"https:\/\/cezannehr.com\/pt\/hr-blog\/2020\/03\/contratar-geracao-z\/#primaryimage"},"thumbnailUrl":"https:\/\/i0.wp.com\/cezannehr.com\/wp-content\/uploads\/2020\/03\/geracao-z-software-gestao-rh.jpg?fit=1110%2C570&ssl=1","articleSection":["General HR","People Management"],"inLanguage":"pt-PT"},{"@type":"WebPage","@id":"https:\/\/cezannehr.com\/pt\/hr-blog\/2020\/03\/contratar-geracao-z\/","url":"https:\/\/cezannehr.com\/pt\/hr-blog\/2020\/03\/contratar-geracao-z\/","name":"Desafios na contrata\u00e7\u00e3o da Gera\u00e7\u00e3o Z - Cezanne HR","isPartOf":{"@id":"https:\/\/cezannehr.com\/pt\/#website"},"primaryImageOfPage":{"@id":"https:\/\/cezannehr.com\/pt\/hr-blog\/2020\/03\/contratar-geracao-z\/#primaryimage"},"image":{"@id":"https:\/\/cezannehr.com\/pt\/hr-blog\/2020\/03\/contratar-geracao-z\/#primaryimage"},"thumbnailUrl":"https:\/\/i0.wp.com\/cezannehr.com\/wp-content\/uploads\/2020\/03\/geracao-z-software-gestao-rh.jpg?fit=1110%2C570&ssl=1","datePublished":"2020-03-27T14:09:58+00:00","dateModified":"2020-06-12T15:20:47+00:00","description":"Contratar a Gera\u00e7\u00e3o Z exige, da \u00e1rea de Recursos Humanos, uma dedica\u00e7\u00e3o especial. Saiba como lidar com este processo.","breadcrumb":{"@id":"https:\/\/cezannehr.com\/pt\/hr-blog\/2020\/03\/contratar-geracao-z\/#breadcrumb"},"inLanguage":"pt-PT","potentialAction":[{"@type":"ReadAction","target":["https:\/\/cezannehr.com\/pt\/hr-blog\/2020\/03\/contratar-geracao-z\/"]}]},{"@type":"ImageObject","inLanguage":"pt-PT","@id":"https:\/\/cezannehr.com\/pt\/hr-blog\/2020\/03\/contratar-geracao-z\/#primaryimage","url":"https:\/\/i0.wp.com\/cezannehr.com\/wp-content\/uploads\/2020\/03\/geracao-z-software-gestao-rh.jpg?fit=1110%2C570&ssl=1","contentUrl":"https:\/\/i0.wp.com\/cezannehr.com\/wp-content\/uploads\/2020\/03\/geracao-z-software-gestao-rh.jpg?fit=1110%2C570&ssl=1","width":1110,"height":570,"caption":"geracao z software gestao rh"},{"@type":"BreadcrumbList","@id":"https:\/\/cezannehr.com\/pt\/hr-blog\/2020\/03\/contratar-geracao-z\/#breadcrumb","itemListElement":[{"@type":"ListItem","position":1,"name":"Software RH","item":"https:\/\/cezannehr.com\/pt\/"},{"@type":"ListItem","position":2,"name":"Dicas para contratar a Gera\u00e7\u00e3o Z"}]},{"@type":"WebSite","@id":"https:\/\/cezannehr.com\/pt\/#website","url":"https:\/\/cezannehr.com\/pt\/","name":"Cezanne HR","description":"Software de Gest\u00e3o de Recursos Humanos","publisher":{"@id":"https:\/\/cezannehr.com\/pt\/#organization"},"potentialAction":[{"@type":"SearchAction","target":{"@type":"EntryPoint","urlTemplate":"https:\/\/cezannehr.com\/pt\/?s={search_term_string}"},"query-input":{"@type":"PropertyValueSpecification","valueRequired":true,"valueName":"search_term_string"}}],"inLanguage":"pt-PT"},{"@type":"Organization","@id":"https:\/\/cezannehr.com\/pt\/#organization","name":"Cezanne HR","url":"https:\/\/cezannehr.com\/pt\/","logo":{"@type":"ImageObject","inLanguage":"pt-PT","@id":"https:\/\/cezannehr.com\/pt\/#\/schema\/logo\/image\/","url":"https:\/\/cezannehr.com\/wp-content\/uploads\/2026\/01\/Cezanne_logo_2026_colour.svg","contentUrl":"https:\/\/cezannehr.com\/wp-content\/uploads\/2026\/01\/Cezanne_logo_2026_colour.svg","width":1,"height":1,"caption":"Cezanne HR"},"image":{"@id":"https:\/\/cezannehr.com\/pt\/#\/schema\/logo\/image\/"},"sameAs":["https:\/\/www.facebook.com\/CezanneHR","https:\/\/x.com\/CezanneHR","https:\/\/www.linkedin.com\/company\/cezanne-hr","https:\/\/uk.pinterest.com\/CezanneHR\/","https:\/\/www.youtube.com\/user\/CezanneHR"],"legalName":"Cezanne HR Limited","contactPoint":[{"@type":"ContactPoint","telephone":"+44-2072022727","contactType":"customer service"},{"@type":"ContactPoint","url":"https:\/\/support.cezannehr.com","email":"support@cezannehr.com","contactType":"customer support"}]},{"@type":"Person","@id":"https:\/\/cezannehr.com\/pt\/#\/schema\/person\/00b5b27fd82ec6742800cab5d7cac4b5","name":"Sue Lingard","image":{"@type":"ImageObject","inLanguage":"pt-PT","@id":"https:\/\/cezannehr.com\/pt\/#\/schema\/person\/image\/","url":"https:\/\/secure.gravatar.com\/avatar\/0bdd56755383e931e970a83646ae499daecfc97e68625494e20351086a495b5e?s=96&d=mm&r=g","contentUrl":"https:\/\/secure.gravatar.com\/avatar\/0bdd56755383e931e970a83646ae499daecfc97e68625494e20351086a495b5e?s=96&d=mm&r=g","caption":"Sue Lingard"},"description":"Sue studied Personnel Management at the London School of Economics before taking on management roles in the travel, recruitment and finally HR software industry. She's particularly interested in how technologies enable HR teams - and the people they support - to work better together.","sameAs":["https:\/\/cezannehr.com","www.linkedin.com\/in\/suelingard"],"worksFor":"Cezanne HR","url":"https:\/\/cezannehr.com\/pt\/hr-blog\/author\/suelingard\/"}]}},"jetpack_featured_media_url":"https:\/\/i0.wp.com\/cezannehr.com\/wp-content\/uploads\/2020\/03\/geracao-z-software-gestao-rh.jpg?fit=1110%2C570&ssl=1","jetpack_sharing_enabled":true,"amp_enabled":true,"_links":{"self":[{"href":"https:\/\/cezannehr.com\/pt\/wp-json\/wp\/v2\/posts\/54385","targetHints":{"allow":["GET"]}}],"collection":[{"href":"https:\/\/cezannehr.com\/pt\/wp-json\/wp\/v2\/posts"}],"about":[{"href":"https:\/\/cezannehr.com\/pt\/wp-json\/wp\/v2\/types\/post"}],"author":[{"embeddable":true,"href":"https:\/\/cezannehr.com\/pt\/wp-json\/wp\/v2\/users\/22"}],"replies":[{"embeddable":true,"href":"https:\/\/cezannehr.com\/pt\/wp-json\/wp\/v2\/comments?post=54385"}],"version-history":[{"count":0,"href":"https:\/\/cezannehr.com\/pt\/wp-json\/wp\/v2\/posts\/54385\/revisions"}],"wp:featuredmedia":[{"embeddable":true,"href":"https:\/\/cezannehr.com\/pt\/wp-json\/wp\/v2\/media\/54386"}],"wp:attachment":[{"href":"https:\/\/cezannehr.com\/pt\/wp-json\/wp\/v2\/media?parent=54385"}],"wp:term":[{"taxonomy":"category","embeddable":true,"href":"https:\/\/cezannehr.com\/pt\/wp-json\/wp\/v2\/categories?post=54385"},{"taxonomy":"post_tag","embeddable":true,"href":"https:\/\/cezannehr.com\/pt\/wp-json\/wp\/v2\/tags?post=54385"}],"curies":[{"name":"wp","href":"https:\/\/api.w.org\/{rel}","templated":true}]}}