{"id":67324,"date":"2022-04-04T08:19:27","date_gmt":"2022-04-04T08:19:27","guid":{"rendered":"https:\/\/cezannehr.com\/?p=67324"},"modified":"2022-04-04T08:19:27","modified_gmt":"2022-04-04T08:19:27","slug":"como-o-rh-pode-ajudar-a-gerir-a-ansiedade-no-local-de-trabalho","status":"publish","type":"post","link":"https:\/\/cezannehr.com\/pt\/hr-blog\/2022\/04\/como-o-rh-pode-ajudar-a-gerir-a-ansiedade-no-local-de-trabalho\/","title":{"rendered":"Como o RH pode ajudar a gerir a ansiedade no local de trabalho"},"content":{"rendered":"<p><strong>Incerteza e ansiedade s\u00e3o duas coisas que todos n\u00f3s tivemos que enfrentar durante a pandemia do COVID. Mas, quando parecia que as coisas estavam prestes a voltar a um estado de relativa normalidade e calma, a terr\u00edvel guerra na Ucr\u00e2nia levou muitas pessoas a sentirem-se aflitas e preocupadas com os acontecimentos que ocorrem a milhares de quil\u00f3metros de dist\u00e2ncia.<\/strong><\/p>\n<p>Embora seja natural sentir-se preocupado com o que se passa no mundo neste momento, quando os sentimentos de ansiedade se tornam norma, pode transformar-se em um problema s\u00e9rio. Nos piores casos, a ansiedade constante pode come\u00e7ar a afetar negativamente a vida das pessoas. Em casos mais extremos, pode levar a s\u00e9rios problemas de sa\u00fade mental.<\/p>\n<p>\u00c9 fundamental, ent\u00e3o, que todos coloquemos \u00eanfase na manuten\u00e7\u00e3o do bem-estar mental positivo e procuremos gerir sentimentos de ansiedade durante esses tempos mais dif\u00edceis. No mundo do trabalho, os Recursos Humanos e os gestores podem desempenhar um papel proeminente em fazer exatamente isso.<\/p>\n<p><img data-recalc-dims=\"1\" decoding=\"async\" class=\"alignnone size-medium wp-image-63166 aligncenter\" src=\"https:\/\/i0.wp.com\/cezannehr.com\/wp-content\/uploads\/2021\/08\/employees-chatting-over-coffee.png?resize=300%2C169&#038;ssl=1\" alt=\"advice mental health workplace\" width=\"300\" height=\"169\" srcset=\"https:\/\/i0.wp.com\/cezannehr.com\/wp-content\/uploads\/2021\/08\/employees-chatting-over-coffee.png?resize=300%2C169&amp;ssl=1 300w, https:\/\/i0.wp.com\/cezannehr.com\/wp-content\/uploads\/2021\/08\/employees-chatting-over-coffee.png?resize=1024%2C576&amp;ssl=1 1024w, https:\/\/i0.wp.com\/cezannehr.com\/wp-content\/uploads\/2021\/08\/employees-chatting-over-coffee.png?resize=768%2C432&amp;ssl=1 768w, https:\/\/i0.wp.com\/cezannehr.com\/wp-content\/uploads\/2021\/08\/employees-chatting-over-coffee.png?resize=624%2C351&amp;ssl=1 624w, https:\/\/i0.wp.com\/cezannehr.com\/wp-content\/uploads\/2021\/08\/employees-chatting-over-coffee.png?resize=208%2C117&amp;ssl=1 208w, https:\/\/i0.wp.com\/cezannehr.com\/wp-content\/uploads\/2021\/08\/employees-chatting-over-coffee.png?w=1248&amp;ssl=1 1248w\" sizes=\"(max-width: 300px) 100vw, 300px\" \/><\/p>\n<p>&nbsp;<\/p>\n<h3><span style=\"color: #666699;\"><strong>Enfrentando os medos juntos<\/strong><\/span><\/h3>\n<p>Cresce cada vez mais o percentual de pessoas que experimentaram stress, ansiedade ou depress\u00e3o relacionados com o trabalho no \u00faltimo ano. Se os empregados j\u00e1 se sentiam pressionados ou ansiosos com os seus empregos nos \u00faltimos 24 meses, a apari\u00e7\u00e3o de acontecimentos potencialmente em mudan\u00e7a no mundo certamente n\u00e3o lhes facilitar\u00e1 muito a vida.<\/p>\n<p>Um profissional de RH ou gestor respons\u00e1vel por lideran\u00e7a de equipas pode fazer muito para ajudar os colaboradores a gerir suas ansiedades e incentivar o bem-estar mental positivo que todos precisam em momentos de incerteza.<\/p>\n<p>Aqui est\u00e3o seis a\u00e7\u00f5es positivas que pode tomar:<\/p>\n<h3><span style=\"color: #666699;\"><strong>Mantenha linhas abertas de comunica\u00e7\u00e3o<\/strong><\/span><\/h3>\n<p>\u00c0s vezes, tudo o que algu\u00e9m precisa para sentir-se menos ansioso \u00e9 uma boa conversa com um amigo ou colega. Isso significa que \u00e9 essencial encorajar os seus gestores a terem encontros regulares com os seus colegas de equipa, e n\u00e3o os limitar a reuni\u00f5es virtuais ou remotas.<\/p>\n<p>Isso \u00e9 ainda mais importante se fores um dos neg\u00f3cios que no momento possui uma m\u00e3o-de-obra remota ou flex\u00edvel, onde o teu pessoal n\u00e3o se re\u00fane com frequ\u00eancia, ou em absoluto. Eles v\u00e3o perder aqueles momentos de &#8220;refrig\u00e9rio&#8221; que ajudam a garantir que as pessoas se sintam apoiadas e conectadas. Tente pelo menos conversar online mensalmente ou semanalmente, ou at\u00e9 mesmo usar o telefone \u00e0 moda antiga!<\/p>\n<p>Tamb\u00e9m n\u00e3o se deve esquecer da import\u00e2ncia das comunica\u00e7\u00f5es internas regulares. O envio de atualiza\u00e7\u00f5es regulares de e-mail sobre o que se passa no neg\u00f3cio pode ajudar os seus trabalhadores remotos a construir uma melhor liga\u00e7\u00e3o com a sua organiza\u00e7\u00e3o, e a prop\u00f3sito&#8230;<\/p>\n<h3><strong><span style=\"color: #666699;\">Partilhar boas not\u00edcias<\/span><\/strong><\/h3>\n<p>Em tempos dif\u00edceis, \u00e9 muito f\u00e1cil ser investido pela negatividade. Com not\u00edcias e eventos atuais dispon\u00edveis na ponta dos nossos dedos 24 horas por dia, 7 dias por semana, envolver-se apenas nas coisas m\u00e1s que se passam no mundo pode desenvolver\u00a0 sentimentos de ansiedade ou desespero.<\/p>\n<p>Os gestores e o RH podem ajudar a combater esse problema ao partilhar hist\u00f3rias positivas ou elevat\u00f3rias, dentro do neg\u00f3cio, sucessos pessoais ou simplesmente hist\u00f3rias que mantenham o \u00e2nimo das pessoas em alta! Relacione isto a uma estrat\u00e9gia de comunica\u00e7\u00e3o eficaz que visa difundir positividade e ajudar as pessoas a desviar suas mentes de eventos fora do seu controlo. No entanto, lembre-se de n\u00e3o exagerar. Demasiada positividade pode ser t\u00f3xica.<\/p>\n<h3><strong><span style=\"color: #666699;\">Promover um estilo de vida ativo<\/span><\/strong><\/h3>\n<p>O exerc\u00edcio regular n\u00e3o \u00e9 apenas bom para o seu bem-estar f\u00edsico: \u00e9 comprovado que tamb\u00e9m ajuda a reduzir a tens\u00e3o, o stress e a ansiedade.<\/p>\n<p>E por &#8220;exerc\u00edcio regular&#8221;, n\u00e3o queremos dizer uma sess\u00e3o de maratona de gin\u00e1stica, mas qualquer coisa que te fa\u00e7a mexer pode fazer a diferen\u00e7a! Desde uma pequena pausa de 5 minutos do ecr\u00e3 do computador para se alongar, at\u00e9 tirar algum tempo para fazer jardinagem ou lavar o carro. Encoraje o seu pessoal a manter-se ativo e a fazer uma pausa do seu trabalho durante o dia, se necess\u00e1rio.<\/p>\n<h3><strong><span style=\"color: #666699;\">Fornecer seguran\u00e7a e recursos \u00fateis<\/span><\/strong><\/h3>\n<p>Ainda h\u00e1 muito estigma em torno da sa\u00fade mental, uma verdadeira falta de compreens\u00e3o do que \u00e9 e como deve ser gerida no local de trabalho. Muitas vezes, as pessoas est\u00e3o relutantes em abrir-se aos seus gestores ou colegas com receio de que isso possa afetar o seu trabalho ou lev\u00e1-las ao rid\u00edculo.<\/p>\n<p>\u00c9 importante que tanto o RH como os gestores melhorem os seus conhecimentos sobre o bem-estar mental para que possam ter uma abordagem positiva a fim de apoiar quest\u00f5es mais pessoais, como a ansiedade. Trata-se de ouvir as pessoas sem julgamentos , tranquiliz\u00e1-las e apoi\u00e1-las.<\/p>\n<p>Utilize seu portal de <a href=\"https:\/\/cezannehr.com\/pt\/\" target=\"_blank\" rel=\"noopener\">software de RH<\/a> para fornecer informa\u00e7\u00f5es (n\u00e3o conselhos) e incentivar qualquer pessoa que tenha dificuldades a procurar ajuda por meio de seu PAE (Programa de Assist\u00eancia ao Empregado), caso sua empresa tenha, ou sinalizando-os para outras fontes de apoio \u00e0 sa\u00fade mental.<\/p>\n<p>Lembre-se que os empregadores t\u00eam um &#8220;dever legal de cuidado&#8221; com os seus empregados, pelo que \u00e9 importante que possua processos e pol\u00edticas adequados em vigor. Se algum funcion\u00e1rio sentir que precisa de tempo longe do trabalho devido a ansiedade ou stress, certifique-se de que est\u00e1 claro para eles todos os procedimentos para reportar a <a href=\"https:\/\/cezannehr.com\/pt\/hr-software\/gestao-de-ausencias\/\" target=\"_blank\" rel=\"noopener\">aus\u00eancia por doen\u00e7a<\/a>. Voc\u00ea tamb\u00e9m pode procurar ajud\u00e1-los com aspetos pr\u00e1ticos, se necess\u00e1rio, para que n\u00e3o se torne uma tens\u00e3o adicional. N\u00e3o \u00e9 necess\u00e1rio nem dizer que \u00e9 preciso respeitar e manter a confidencialidade.<\/p>\n<h3><span style=\"color: #666699;\"><strong>Aten\u00e7\u00e3o com os sinais de aviso<\/strong><\/span><\/h3>\n<p>A maioria dos gestores provavelmente est\u00e3o cientes de alguns dos sinais-chave de ansiedade ou stress, mas \u00e9 importante reconhecer que nem todos apresentam os mesmos sintomas \u2013 e que os problemas com a sa\u00fade mental v\u00e3o al\u00e9m da ansiedade.<\/p>\n<p>A chave \u00e9 olhar para as mudan\u00e7as de comportamento que possam indicar que nem tudo est\u00e1 bem. Por exemplo, algu\u00e9m que \u00e9 geralmente soci\u00e1vel pode tornar-se dissocial, ou um colega que \u00e9 sempre pontual e bem-apresentado pode come\u00e7ar frequentemente a atrasar-se e parecer ter perdido o interesse pela sua apar\u00eancia.<\/p>\n<p>Outro trabalhador anteriormente confiante e independente pode parecer ter dificuldade em tomar decis\u00f5es ou pode come\u00e7ar constantemente a procurar aprova\u00e7\u00e3o e tranquilidade sobre o seu trabalho. Quanto mais cedo vires os sinais, mais depressa podes oferecer apoio e encorajar a pessoa a pedir ajuda.<\/p>\n<h3><span style=\"color: #666699;\"><strong>N\u00e3o se esquive do problema.<\/strong><\/span><\/h3>\n<p>Por \u00faltimo, h\u00e1 uma tend\u00eancia compreens\u00edvel das pessoas andarem na ponta dos p\u00e9s em torno de um colega de trabalho que pode estar mostrando sinais de ansiedade ou problemas de sa\u00fade mental. As pessoas receiam que levantar a quest\u00e3o possa piorar as coisas \u2013 ou que o seu colega possa desfazer-se em l\u00e1grimas e n\u00e3o saber como lidar com isso.<\/p>\n<p>N\u00e3o h\u00e1 nada de errado em expressar preocupa\u00e7\u00e3o e perguntar a algu\u00e9m se est\u00e1 bem. Um inqu\u00e9rito abrangente pode, por vezes, &#8220;abrir a porta&#8221; e dar \u00e0s pessoas a oportunidade de falarem sobre quaisquer problemas que possam estar a passar.<\/p>\n<p>N\u00e3o cabe, naturalmente, ao gestor tentar &#8220;diagnosticar&#8221; o problema. No entanto, uma vez que um problema \u00e9 lan\u00e7ado, torna-se muito mais f\u00e1cil para a gest\u00e3o trabalhar em parceria com o RH a fim de apoiar um colaborador na obten\u00e7\u00e3o da ajuda e aconselhamento justos.<\/p>\n","protected":false},"excerpt":{"rendered":"<p>Incerteza e ansiedade s\u00e3o duas coisas que todos n\u00f3s tivemos que enfrentar durante a pandemia do COVID. Mas, quando parecia que as coisas estavam prestes a voltar a um estado de relativa normalidade e calma, a terr\u00edvel guerra na Ucr\u00e2nia [&hellip;]<\/p>\n","protected":false},"author":81,"featured_media":63166,"comment_status":"closed","ping_status":"closed","sticky":false,"template":"","format":"standard","meta":{"_acf_changed":false,"_jetpack_memberships_contains_paid_content":false,"footnotes":""},"categories":[1602],"tags":[],"class_list":{"0":"post-67324","1":"post","2":"type-post","3":"status-publish","4":"format-standard","5":"has-post-thumbnail","7":"category-general-hr-pt","8":"cz_entry"},"acf":[],"yoast_head":"<!-- This site is optimized with the Yoast SEO Premium plugin v26.3 (Yoast SEO v26.3) - https:\/\/yoast.com\/wordpress\/plugins\/seo\/ -->\n<title>Como o RH pode ajudar a gerir a ansiedade no local de trabalho - Cezanne HR<\/title>\n<meta name=\"robots\" content=\"index, follow, max-snippet:-1, max-image-preview:large, max-video-preview:-1\" \/>\n<link rel=\"canonical\" href=\"https:\/\/cezannehr.com\/pt\/hr-blog\/2022\/04\/como-o-rh-pode-ajudar-a-gerir-a-ansiedade-no-local-de-trabalho\/\" \/>\n<meta property=\"og:locale\" content=\"pt_PT\" \/>\n<meta property=\"og:type\" content=\"article\" \/>\n<meta property=\"og:title\" content=\"Como o RH pode ajudar a gerir a ansiedade no local de trabalho\" \/>\n<meta property=\"og:description\" content=\"Incerteza e ansiedade s\u00e3o duas coisas que todos n\u00f3s tivemos que enfrentar durante a pandemia do COVID. Mas, quando parecia que as coisas estavam prestes a voltar a um estado de relativa normalidade e calma, a terr\u00edvel guerra na Ucr\u00e2nia [&hellip;]\" \/>\n<meta property=\"og:url\" content=\"https:\/\/cezannehr.com\/pt\/hr-blog\/2022\/04\/como-o-rh-pode-ajudar-a-gerir-a-ansiedade-no-local-de-trabalho\/\" \/>\n<meta property=\"og:site_name\" content=\"Cezanne HR\" \/>\n<meta property=\"article:publisher\" content=\"https:\/\/www.facebook.com\/CezanneHR\" \/>\n<meta property=\"article:published_time\" content=\"2022-04-04T08:19:27+00:00\" \/>\n<meta property=\"og:image\" content=\"https:\/\/i0.wp.com\/cezannehr.com\/wp-content\/uploads\/2021\/08\/employees-chatting-over-coffee.png?fit=1248%2C702&ssl=1\" \/>\n\t<meta property=\"og:image:width\" content=\"1248\" \/>\n\t<meta property=\"og:image:height\" content=\"702\" \/>\n\t<meta property=\"og:image:type\" content=\"image\/png\" \/>\n<meta name=\"author\" content=\"Donato Mingarelli\" \/>\n<meta name=\"twitter:card\" content=\"summary_large_image\" \/>\n<meta name=\"twitter:creator\" content=\"@CezanneHR\" \/>\n<meta name=\"twitter:site\" content=\"@CezanneHR\" \/>\n<meta name=\"twitter:label1\" content=\"Escrito por\" \/>\n\t<meta name=\"twitter:data1\" content=\"Donato Mingarelli\" \/>\n\t<meta name=\"twitter:label2\" content=\"Tempo estimado de leitura\" \/>\n\t<meta name=\"twitter:data2\" content=\"6 minutos\" \/>\n<script type=\"application\/ld+json\" class=\"yoast-schema-graph\">{\"@context\":\"https:\/\/schema.org\",\"@graph\":[{\"@type\":\"Article\",\"@id\":\"https:\/\/cezannehr.com\/pt\/hr-blog\/2022\/04\/como-o-rh-pode-ajudar-a-gerir-a-ansiedade-no-local-de-trabalho\/#article\",\"isPartOf\":{\"@id\":\"https:\/\/cezannehr.com\/pt\/hr-blog\/2022\/04\/como-o-rh-pode-ajudar-a-gerir-a-ansiedade-no-local-de-trabalho\/\"},\"author\":{\"name\":\"Donato Mingarelli\",\"@id\":\"https:\/\/cezannehr.com\/pt\/#\/schema\/person\/14e181ac7a1858d929283c911cce006b\"},\"headline\":\"Como o RH pode ajudar a gerir a ansiedade no local de trabalho\",\"datePublished\":\"2022-04-04T08:19:27+00:00\",\"mainEntityOfPage\":{\"@id\":\"https:\/\/cezannehr.com\/pt\/hr-blog\/2022\/04\/como-o-rh-pode-ajudar-a-gerir-a-ansiedade-no-local-de-trabalho\/\"},\"wordCount\":1279,\"publisher\":{\"@id\":\"https:\/\/cezannehr.com\/pt\/#organization\"},\"image\":{\"@id\":\"https:\/\/cezannehr.com\/pt\/hr-blog\/2022\/04\/como-o-rh-pode-ajudar-a-gerir-a-ansiedade-no-local-de-trabalho\/#primaryimage\"},\"thumbnailUrl\":\"https:\/\/i0.wp.com\/cezannehr.com\/wp-content\/uploads\/2021\/08\/employees-chatting-over-coffee.png?fit=1248%2C702&ssl=1\",\"articleSection\":[\"General HR\"],\"inLanguage\":\"pt-PT\"},{\"@type\":\"WebPage\",\"@id\":\"https:\/\/cezannehr.com\/pt\/hr-blog\/2022\/04\/como-o-rh-pode-ajudar-a-gerir-a-ansiedade-no-local-de-trabalho\/\",\"url\":\"https:\/\/cezannehr.com\/pt\/hr-blog\/2022\/04\/como-o-rh-pode-ajudar-a-gerir-a-ansiedade-no-local-de-trabalho\/\",\"name\":\"Como o RH pode ajudar a gerir a ansiedade no local de trabalho - Cezanne HR\",\"isPartOf\":{\"@id\":\"https:\/\/cezannehr.com\/pt\/#website\"},\"primaryImageOfPage\":{\"@id\":\"https:\/\/cezannehr.com\/pt\/hr-blog\/2022\/04\/como-o-rh-pode-ajudar-a-gerir-a-ansiedade-no-local-de-trabalho\/#primaryimage\"},\"image\":{\"@id\":\"https:\/\/cezannehr.com\/pt\/hr-blog\/2022\/04\/como-o-rh-pode-ajudar-a-gerir-a-ansiedade-no-local-de-trabalho\/#primaryimage\"},\"thumbnailUrl\":\"https:\/\/i0.wp.com\/cezannehr.com\/wp-content\/uploads\/2021\/08\/employees-chatting-over-coffee.png?fit=1248%2C702&ssl=1\",\"datePublished\":\"2022-04-04T08:19:27+00:00\",\"breadcrumb\":{\"@id\":\"https:\/\/cezannehr.com\/pt\/hr-blog\/2022\/04\/como-o-rh-pode-ajudar-a-gerir-a-ansiedade-no-local-de-trabalho\/#breadcrumb\"},\"inLanguage\":\"pt-PT\",\"potentialAction\":[{\"@type\":\"ReadAction\",\"target\":[\"https:\/\/cezannehr.com\/pt\/hr-blog\/2022\/04\/como-o-rh-pode-ajudar-a-gerir-a-ansiedade-no-local-de-trabalho\/\"]}]},{\"@type\":\"ImageObject\",\"inLanguage\":\"pt-PT\",\"@id\":\"https:\/\/cezannehr.com\/pt\/hr-blog\/2022\/04\/como-o-rh-pode-ajudar-a-gerir-a-ansiedade-no-local-de-trabalho\/#primaryimage\",\"url\":\"https:\/\/i0.wp.com\/cezannehr.com\/wp-content\/uploads\/2021\/08\/employees-chatting-over-coffee.png?fit=1248%2C702&ssl=1\",\"contentUrl\":\"https:\/\/i0.wp.com\/cezannehr.com\/wp-content\/uploads\/2021\/08\/employees-chatting-over-coffee.png?fit=1248%2C702&ssl=1\",\"width\":1248,\"height\":702,\"caption\":\"advice mental health workplace\"},{\"@type\":\"BreadcrumbList\",\"@id\":\"https:\/\/cezannehr.com\/pt\/hr-blog\/2022\/04\/como-o-rh-pode-ajudar-a-gerir-a-ansiedade-no-local-de-trabalho\/#breadcrumb\",\"itemListElement\":[{\"@type\":\"ListItem\",\"position\":1,\"name\":\"Software RH\",\"item\":\"https:\/\/cezannehr.com\/pt\/\"},{\"@type\":\"ListItem\",\"position\":2,\"name\":\"Como o RH pode ajudar a gerir a ansiedade no local de trabalho\"}]},{\"@type\":\"WebSite\",\"@id\":\"https:\/\/cezannehr.com\/pt\/#website\",\"url\":\"https:\/\/cezannehr.com\/pt\/\",\"name\":\"Cezanne HR\",\"description\":\"Software de Gest\u00e3o de Recursos Humanos\",\"publisher\":{\"@id\":\"https:\/\/cezannehr.com\/pt\/#organization\"},\"potentialAction\":[{\"@type\":\"SearchAction\",\"target\":{\"@type\":\"EntryPoint\",\"urlTemplate\":\"https:\/\/cezannehr.com\/pt\/?s={search_term_string}\"},\"query-input\":{\"@type\":\"PropertyValueSpecification\",\"valueRequired\":true,\"valueName\":\"search_term_string\"}}],\"inLanguage\":\"pt-PT\"},{\"@type\":\"Organization\",\"@id\":\"https:\/\/cezannehr.com\/pt\/#organization\",\"name\":\"Cezanne HR\",\"url\":\"https:\/\/cezannehr.com\/pt\/\",\"logo\":{\"@type\":\"ImageObject\",\"inLanguage\":\"pt-PT\",\"@id\":\"https:\/\/cezannehr.com\/pt\/#\/schema\/logo\/image\/\",\"url\":\"https:\/\/cezannehr.com\/wp-content\/uploads\/2026\/01\/Cezanne_logo_2026_colour.svg\",\"contentUrl\":\"https:\/\/cezannehr.com\/wp-content\/uploads\/2026\/01\/Cezanne_logo_2026_colour.svg\",\"width\":1,\"height\":1,\"caption\":\"Cezanne HR\"},\"image\":{\"@id\":\"https:\/\/cezannehr.com\/pt\/#\/schema\/logo\/image\/\"},\"sameAs\":[\"https:\/\/www.facebook.com\/CezanneHR\",\"https:\/\/x.com\/CezanneHR\",\"https:\/\/www.linkedin.com\/company\/cezanne-hr\",\"https:\/\/uk.pinterest.com\/CezanneHR\/\",\"https:\/\/www.youtube.com\/user\/CezanneHR\"],\"legalName\":\"Cezanne HR Limited\",\"contactPoint\":[{\"@type\":\"ContactPoint\",\"telephone\":\"+44-2072022727\",\"contactType\":\"customer service\"},{\"@type\":\"ContactPoint\",\"url\":\"https:\/\/support.cezannehr.com\",\"email\":\"support@cezannehr.com\",\"contactType\":\"customer support\"}]},{\"@type\":\"Person\",\"@id\":\"https:\/\/cezannehr.com\/pt\/#\/schema\/person\/14e181ac7a1858d929283c911cce006b\",\"name\":\"Donato Mingarelli\",\"image\":{\"@type\":\"ImageObject\",\"inLanguage\":\"pt-PT\",\"@id\":\"https:\/\/cezannehr.com\/pt\/#\/schema\/person\/image\/\",\"url\":\"https:\/\/secure.gravatar.com\/avatar\/875e68c6edf104c12a7aa39d1220b0b6c46f377589efb6167edf05ac60059038?s=96&d=mm&r=g\",\"contentUrl\":\"https:\/\/secure.gravatar.com\/avatar\/875e68c6edf104c12a7aa39d1220b0b6c46f377589efb6167edf05ac60059038?s=96&d=mm&r=g\",\"caption\":\"Donato Mingarelli\"},\"sameAs\":[\"https:\/\/cezannehr.com\"],\"url\":\"https:\/\/cezannehr.com\/pt\/hr-blog\/author\/donato-mingarelli\/\"}]}<\/script>\n<!-- \/ Yoast SEO Premium plugin. -->","yoast_head_json":{"title":"Como o RH pode ajudar a gerir a ansiedade no local de trabalho - Cezanne HR","robots":{"index":"index","follow":"follow","max-snippet":"max-snippet:-1","max-image-preview":"max-image-preview:large","max-video-preview":"max-video-preview:-1"},"canonical":"https:\/\/cezannehr.com\/pt\/hr-blog\/2022\/04\/como-o-rh-pode-ajudar-a-gerir-a-ansiedade-no-local-de-trabalho\/","og_locale":"pt_PT","og_type":"article","og_title":"Como o RH pode ajudar a gerir a ansiedade no local de trabalho","og_description":"Incerteza e ansiedade s\u00e3o duas coisas que todos n\u00f3s tivemos que enfrentar durante a pandemia do COVID. Mas, quando parecia que as coisas estavam prestes a voltar a um estado de relativa normalidade e calma, a terr\u00edvel guerra na Ucr\u00e2nia [&hellip;]","og_url":"https:\/\/cezannehr.com\/pt\/hr-blog\/2022\/04\/como-o-rh-pode-ajudar-a-gerir-a-ansiedade-no-local-de-trabalho\/","og_site_name":"Cezanne HR","article_publisher":"https:\/\/www.facebook.com\/CezanneHR","article_published_time":"2022-04-04T08:19:27+00:00","og_image":[{"width":1248,"height":702,"url":"https:\/\/i0.wp.com\/cezannehr.com\/wp-content\/uploads\/2021\/08\/employees-chatting-over-coffee.png?fit=1248%2C702&ssl=1","type":"image\/png"}],"author":"Donato Mingarelli","twitter_card":"summary_large_image","twitter_creator":"@CezanneHR","twitter_site":"@CezanneHR","twitter_misc":{"Escrito por":"Donato Mingarelli","Tempo estimado de leitura":"6 minutos"},"schema":{"@context":"https:\/\/schema.org","@graph":[{"@type":"Article","@id":"https:\/\/cezannehr.com\/pt\/hr-blog\/2022\/04\/como-o-rh-pode-ajudar-a-gerir-a-ansiedade-no-local-de-trabalho\/#article","isPartOf":{"@id":"https:\/\/cezannehr.com\/pt\/hr-blog\/2022\/04\/como-o-rh-pode-ajudar-a-gerir-a-ansiedade-no-local-de-trabalho\/"},"author":{"name":"Donato Mingarelli","@id":"https:\/\/cezannehr.com\/pt\/#\/schema\/person\/14e181ac7a1858d929283c911cce006b"},"headline":"Como o RH pode ajudar a gerir a ansiedade no local de trabalho","datePublished":"2022-04-04T08:19:27+00:00","mainEntityOfPage":{"@id":"https:\/\/cezannehr.com\/pt\/hr-blog\/2022\/04\/como-o-rh-pode-ajudar-a-gerir-a-ansiedade-no-local-de-trabalho\/"},"wordCount":1279,"publisher":{"@id":"https:\/\/cezannehr.com\/pt\/#organization"},"image":{"@id":"https:\/\/cezannehr.com\/pt\/hr-blog\/2022\/04\/como-o-rh-pode-ajudar-a-gerir-a-ansiedade-no-local-de-trabalho\/#primaryimage"},"thumbnailUrl":"https:\/\/i0.wp.com\/cezannehr.com\/wp-content\/uploads\/2021\/08\/employees-chatting-over-coffee.png?fit=1248%2C702&ssl=1","articleSection":["General HR"],"inLanguage":"pt-PT"},{"@type":"WebPage","@id":"https:\/\/cezannehr.com\/pt\/hr-blog\/2022\/04\/como-o-rh-pode-ajudar-a-gerir-a-ansiedade-no-local-de-trabalho\/","url":"https:\/\/cezannehr.com\/pt\/hr-blog\/2022\/04\/como-o-rh-pode-ajudar-a-gerir-a-ansiedade-no-local-de-trabalho\/","name":"Como o RH pode ajudar a gerir a ansiedade no local de trabalho - Cezanne HR","isPartOf":{"@id":"https:\/\/cezannehr.com\/pt\/#website"},"primaryImageOfPage":{"@id":"https:\/\/cezannehr.com\/pt\/hr-blog\/2022\/04\/como-o-rh-pode-ajudar-a-gerir-a-ansiedade-no-local-de-trabalho\/#primaryimage"},"image":{"@id":"https:\/\/cezannehr.com\/pt\/hr-blog\/2022\/04\/como-o-rh-pode-ajudar-a-gerir-a-ansiedade-no-local-de-trabalho\/#primaryimage"},"thumbnailUrl":"https:\/\/i0.wp.com\/cezannehr.com\/wp-content\/uploads\/2021\/08\/employees-chatting-over-coffee.png?fit=1248%2C702&ssl=1","datePublished":"2022-04-04T08:19:27+00:00","breadcrumb":{"@id":"https:\/\/cezannehr.com\/pt\/hr-blog\/2022\/04\/como-o-rh-pode-ajudar-a-gerir-a-ansiedade-no-local-de-trabalho\/#breadcrumb"},"inLanguage":"pt-PT","potentialAction":[{"@type":"ReadAction","target":["https:\/\/cezannehr.com\/pt\/hr-blog\/2022\/04\/como-o-rh-pode-ajudar-a-gerir-a-ansiedade-no-local-de-trabalho\/"]}]},{"@type":"ImageObject","inLanguage":"pt-PT","@id":"https:\/\/cezannehr.com\/pt\/hr-blog\/2022\/04\/como-o-rh-pode-ajudar-a-gerir-a-ansiedade-no-local-de-trabalho\/#primaryimage","url":"https:\/\/i0.wp.com\/cezannehr.com\/wp-content\/uploads\/2021\/08\/employees-chatting-over-coffee.png?fit=1248%2C702&ssl=1","contentUrl":"https:\/\/i0.wp.com\/cezannehr.com\/wp-content\/uploads\/2021\/08\/employees-chatting-over-coffee.png?fit=1248%2C702&ssl=1","width":1248,"height":702,"caption":"advice mental health workplace"},{"@type":"BreadcrumbList","@id":"https:\/\/cezannehr.com\/pt\/hr-blog\/2022\/04\/como-o-rh-pode-ajudar-a-gerir-a-ansiedade-no-local-de-trabalho\/#breadcrumb","itemListElement":[{"@type":"ListItem","position":1,"name":"Software RH","item":"https:\/\/cezannehr.com\/pt\/"},{"@type":"ListItem","position":2,"name":"Como o RH pode ajudar a gerir a ansiedade no local de trabalho"}]},{"@type":"WebSite","@id":"https:\/\/cezannehr.com\/pt\/#website","url":"https:\/\/cezannehr.com\/pt\/","name":"Cezanne HR","description":"Software de Gest\u00e3o de Recursos Humanos","publisher":{"@id":"https:\/\/cezannehr.com\/pt\/#organization"},"potentialAction":[{"@type":"SearchAction","target":{"@type":"EntryPoint","urlTemplate":"https:\/\/cezannehr.com\/pt\/?s={search_term_string}"},"query-input":{"@type":"PropertyValueSpecification","valueRequired":true,"valueName":"search_term_string"}}],"inLanguage":"pt-PT"},{"@type":"Organization","@id":"https:\/\/cezannehr.com\/pt\/#organization","name":"Cezanne HR","url":"https:\/\/cezannehr.com\/pt\/","logo":{"@type":"ImageObject","inLanguage":"pt-PT","@id":"https:\/\/cezannehr.com\/pt\/#\/schema\/logo\/image\/","url":"https:\/\/cezannehr.com\/wp-content\/uploads\/2026\/01\/Cezanne_logo_2026_colour.svg","contentUrl":"https:\/\/cezannehr.com\/wp-content\/uploads\/2026\/01\/Cezanne_logo_2026_colour.svg","width":1,"height":1,"caption":"Cezanne HR"},"image":{"@id":"https:\/\/cezannehr.com\/pt\/#\/schema\/logo\/image\/"},"sameAs":["https:\/\/www.facebook.com\/CezanneHR","https:\/\/x.com\/CezanneHR","https:\/\/www.linkedin.com\/company\/cezanne-hr","https:\/\/uk.pinterest.com\/CezanneHR\/","https:\/\/www.youtube.com\/user\/CezanneHR"],"legalName":"Cezanne HR Limited","contactPoint":[{"@type":"ContactPoint","telephone":"+44-2072022727","contactType":"customer service"},{"@type":"ContactPoint","url":"https:\/\/support.cezannehr.com","email":"support@cezannehr.com","contactType":"customer support"}]},{"@type":"Person","@id":"https:\/\/cezannehr.com\/pt\/#\/schema\/person\/14e181ac7a1858d929283c911cce006b","name":"Donato Mingarelli","image":{"@type":"ImageObject","inLanguage":"pt-PT","@id":"https:\/\/cezannehr.com\/pt\/#\/schema\/person\/image\/","url":"https:\/\/secure.gravatar.com\/avatar\/875e68c6edf104c12a7aa39d1220b0b6c46f377589efb6167edf05ac60059038?s=96&d=mm&r=g","contentUrl":"https:\/\/secure.gravatar.com\/avatar\/875e68c6edf104c12a7aa39d1220b0b6c46f377589efb6167edf05ac60059038?s=96&d=mm&r=g","caption":"Donato Mingarelli"},"sameAs":["https:\/\/cezannehr.com"],"url":"https:\/\/cezannehr.com\/pt\/hr-blog\/author\/donato-mingarelli\/"}]}},"jetpack_featured_media_url":"https:\/\/i0.wp.com\/cezannehr.com\/wp-content\/uploads\/2021\/08\/employees-chatting-over-coffee.png?fit=1248%2C702&ssl=1","jetpack_sharing_enabled":true,"amp_enabled":true,"_links":{"self":[{"href":"https:\/\/cezannehr.com\/pt\/wp-json\/wp\/v2\/posts\/67324","targetHints":{"allow":["GET"]}}],"collection":[{"href":"https:\/\/cezannehr.com\/pt\/wp-json\/wp\/v2\/posts"}],"about":[{"href":"https:\/\/cezannehr.com\/pt\/wp-json\/wp\/v2\/types\/post"}],"author":[{"embeddable":true,"href":"https:\/\/cezannehr.com\/pt\/wp-json\/wp\/v2\/users\/81"}],"replies":[{"embeddable":true,"href":"https:\/\/cezannehr.com\/pt\/wp-json\/wp\/v2\/comments?post=67324"}],"version-history":[{"count":0,"href":"https:\/\/cezannehr.com\/pt\/wp-json\/wp\/v2\/posts\/67324\/revisions"}],"wp:featuredmedia":[{"embeddable":true,"href":"https:\/\/cezannehr.com\/pt\/wp-json\/wp\/v2\/media\/63166"}],"wp:attachment":[{"href":"https:\/\/cezannehr.com\/pt\/wp-json\/wp\/v2\/media?parent=67324"}],"wp:term":[{"taxonomy":"category","embeddable":true,"href":"https:\/\/cezannehr.com\/pt\/wp-json\/wp\/v2\/categories?post=67324"},{"taxonomy":"post_tag","embeddable":true,"href":"https:\/\/cezannehr.com\/pt\/wp-json\/wp\/v2\/tags?post=67324"}],"curies":[{"name":"wp","href":"https:\/\/api.w.org\/{rel}","templated":true}]}}